{"id":24054,"date":"2023-03-08T01:04:01","date_gmt":"2023-03-08T00:04:01","guid":{"rendered":"http:\/\/www.infokuryr.cz\/n\/?p=24054"},"modified":"2023-03-07T14:49:08","modified_gmt":"2023-03-07T13:49:08","slug":"ministr-zahranici-clr-promluvil-o-kritickem-okamziku-v-ukrajinske-krizi","status":"publish","type":"post","link":"https:\/\/www.infokuryr.cz\/n\/2023\/03\/08\/ministr-zahranici-clr-promluvil-o-kritickem-okamziku-v-ukrajinske-krizi\/","title":{"rendered":"Ministr zahrani\u010d\u00ed \u010cLR promluvil o kritick\u00e9m okam\u017eiku v ukrajinsk\u00e9 krizi"},"content":{"rendered":"<div id=\"fb-root\"><\/div>\n<p><strong>Ukrajinsk\u00e1 krize dosp\u011bla ke kritick\u00e9mu okam\u017eiku, sankce nemohou vy\u0159e\u0161it probl\u00e9my, je t\u0159eba zah\u00e1jit dialog co nejrychleji, prohl\u00e1sil v \u00fater\u00fd na ro\u010dn\u00ed tiskov\u00e9 konferenci ministr zahrani\u010dn\u00edch v\u011bc\u00ed \u010cLR \u010cchin Kang.<\/strong><\/p>\n<p>\u201eUkrajinsk\u00e1 krize dosp\u011bla ke kritick\u00e9mu okam\u017eiku. Bu\u010f bude palba zastavena, bude obnoven m\u00edr na spr\u00e1vn\u00e9 cest\u011b politick\u00e9ho urovn\u00e1n\u00ed, anebo bude do ohn\u011b p\u0159il\u00edt olej, krize se prohloub\u00ed a situace se vymkne kontrole,\u201c \u0159ekl \u010cchin Kang.<\/p>\n<p>Podle jeho slov konflikt, n\u00e1tlak a sankce nemohou probl\u00e9m vy\u0159e\u0161it.<\/p>\n<p>\u201eNyn\u00ed jsou pot\u0159ebn\u00e9 klid, rozum a dialog. Je t\u0159eba tak\u00e9 co nejrychleji zah\u00e1jit m\u00edrov\u00e1 jedn\u00e1n\u00ed. Je nutno respektovat v\u0161echny z\u00e1konn\u00e9 obavy stran v bezpe\u010dnostn\u00ed sf\u00e9\u0159e, a dosahovat takov\u00fdm zp\u016fsobem dlouhodob\u00e9 bezpe\u010dnosti v Evrop\u011b,\u201c zd\u016fraznil.<\/p>\n<p>Peking vynalo\u017e\u00ed ve\u0161ker\u00e9 \u00fasil\u00ed pro m\u00edrov\u00e9 znovusjednocen\u00ed s Tchaj-wanem, je ale p\u0159ipraven podniknout v\u0161echna nezbytn\u00e1 opat\u0159en\u00ed, nikdo by nem\u011bl \u010c\u00ednu podce\u0148ovat, prohl\u00e1sil na ro\u010dn\u00ed tiskov\u00e9 konferenci ministr zahrani\u010d\u00ed \u010c\u00edny \u010cchin Kang.<\/p>\n<p>\u201eBudeme i nad\u00e1le se v\u0161\u00ed up\u0159\u00edmnost\u00ed vynakl\u00e1dat maxim\u00e1ln\u00ed \u00fasil\u00ed k dosa\u017een\u00ed m\u00edrov\u00e9ho znovusjednocen\u00ed vlasti s velkou otev\u0159enost\u00ed, zachov\u00e1v\u00e1me si ale p\u0159itom mo\u017enost podniknout v\u0161echna nezbytn\u00e1 opat\u0159en\u00ed,\u201c prohl\u00e1sil \u010cchin Kang.<\/p>\n<p>Zd\u016fraznil, \u017ee by \u201enikdo nem\u011bl podce\u0148ovat pevn\u00e9 odhodl\u00e1n\u00ed, neochv\u011bjnou v\u016fli a zna\u010dn\u00e9 mo\u017enosti \u010d\u00ednsk\u00e9 vl\u00e1dy a \u010d\u00ednsk\u00e9ho lidu h\u00e1jit svou st\u00e1tn\u00ed svrchovanost a \u00fazemn\u00ed celistvost\u201c.<\/p>\n<p>Indicko-Tichomo\u0159sk\u00e1 strategie USA je ve skute\u010dnosti pokusem zformovat verzi NATO v Asijsko-Tichomo\u0159sk\u00e9m regionu, prohl\u00e1sil na ro\u010dn\u00ed tiskov\u00e9 konferenci ministr zahrani\u010d\u00ed \u010cLR \u010cchin Kang.<\/p>\n<p>\u201eIndicko-Tichomo\u0159sk\u00e1 strategie USA vyhla\u0161uje svobodu a otev\u0159enost, a ve skute\u010dnosti d\u00e1v\u00e1 dohromady uzav\u0159en\u00e9 skupiny, exkluzivn\u00ed kluby, pod z\u00e1minkou ochrany region\u00e1ln\u00ed bezpe\u010dnosti provokuje konfrontaci a pl\u00e1nuje zorganizovat Asijsko-Tichomo\u0159skou verzi NATO,\u201c \u0159ekl \u010cchin Kang.<\/p>\n<p>Diplomat zd\u016fraznil, \u017ee c\u00edlem Indicko-Tichomo\u0159sk\u00e9 strategie USA je zadr\u017eov\u00e1n\u00ed \u010c\u00edny, kter\u00e9 je ale \u201eodsouzeno ke krachu\u201c. Podle jeho slov se m\u00e1 st\u00e1t Asijsko-Tichomo\u0159sk\u00fd region p\u00f3diem pro vz\u00e1jemn\u011b v\u00fdhodnou spolupr\u00e1ci, a nikoli \u0161achovnic\u00ed pro geopolitickou konfrontaci.<\/p>\n<p><img decoding=\"async\" loading=\"lazy\" class=\"alignnone size-full wp-image-1185\" src=\"http:\/\/www.infokuryr.cz\/n\/wp-content\/uploads\/2021\/04\/kuryr-podpis.png\" alt=\"\" width=\"84\" height=\"24\" \/><\/p>\n<p>&nbsp;<\/p>\n<p><img decoding=\"async\" loading=\"lazy\" class=\"wp-image-19187 aligncenter\" src=\"http:\/\/www.infokuryr.cz\/n\/wp-content\/uploads\/2022\/12\/1-PRO-300x36.jpg\" alt=\"\" width=\"1075\" height=\"129\" srcset=\"https:\/\/www.infokuryr.cz\/n\/wp-content\/uploads\/2022\/12\/1-PRO-300x36.jpg 300w, https:\/\/www.infokuryr.cz\/n\/wp-content\/uploads\/2022\/12\/1-PRO.jpg 699w\" sizes=\"(max-width: 1075px) 100vw, 1075px\" \/><\/p>\n<p>&nbsp;<\/p>\n<p>&nbsp;<\/p>\n","protected":false},"excerpt":{"rendered":"<p>Ukrajinsk\u00e1 krize dosp\u011bla ke kritick\u00e9mu okam\u017eiku, sankce nemohou vy\u0159e\u0161it probl\u00e9my, je t\u0159eba zah\u00e1jit dialog co&#8230;<\/p>\n","protected":false},"author":2,"featured_media":3807,"comment_status":"closed","ping_status":"closed","sticky":false,"template":"","format":"standard","meta":[],"categories":[7],"tags":[30,371,26],"_links":{"self":[{"href":"https:\/\/www.infokuryr.cz\/n\/wp-json\/wp\/v2\/posts\/24054"}],"collection":[{"href":"https:\/\/www.infokuryr.cz\/n\/wp-json\/wp\/v2\/posts"}],"about":[{"href":"https:\/\/www.infokuryr.cz\/n\/wp-json\/wp\/v2\/types\/post"}],"author":[{"embeddable":true,"href":"https:\/\/www.infokuryr.cz\/n\/wp-json\/wp\/v2\/users\/2"}],"replies":[{"embeddable":true,"href":"https:\/\/www.infokuryr.cz\/n\/wp-json\/wp\/v2\/comments?post=24054"}],"version-history":[{"count":0,"href":"https:\/\/www.infokuryr.cz\/n\/wp-json\/wp\/v2\/posts\/24054\/revisions"}],"wp:featuredmedia":[{"embeddable":true,"href":"https:\/\/www.infokuryr.cz\/n\/wp-json\/wp\/v2\/media\/3807"}],"wp:attachment":[{"href":"https:\/\/www.infokuryr.cz\/n\/wp-json\/wp\/v2\/media?parent=24054"}],"wp:term":[{"taxonomy":"category","embeddable":true,"href":"https:\/\/www.infokuryr.cz\/n\/wp-json\/wp\/v2\/categories?post=24054"},{"taxonomy":"post_tag","embeddable":true,"href":"https:\/\/www.infokuryr.cz\/n\/wp-json\/wp\/v2\/tags?post=24054"}],"curies":[{"name":"wp","href":"https:\/\/api.w.org\/{rel}","templated":true}]}}