{"id":24022,"date":"2023-03-07T04:12:15","date_gmt":"2023-03-07T03:12:15","guid":{"rendered":"http:\/\/www.infokuryr.cz\/n\/?p=24022"},"modified":"2023-03-07T04:12:15","modified_gmt":"2023-03-07T03:12:15","slug":"holocaust-uz-nestaci-nyni-je-trestna-jakakoliv-odchylka-od-oficialniho-vykladu-historie-2-svetove-valky","status":"publish","type":"post","link":"https:\/\/www.infokuryr.cz\/n\/2023\/03\/07\/holocaust-uz-nestaci-nyni-je-trestna-jakakoliv-odchylka-od-oficialniho-vykladu-historie-2-svetove-valky\/","title":{"rendered":"Holocaust u\u017e nesta\u010d\u00ed, nyn\u00ed je trestn\u00e1 jak\u00e1koliv odchylka od ofici\u00e1ln\u00edho v\u00fdkladu historie 2. sv\u011btov\u00e9 v\u00e1lky!"},"content":{"rendered":"<div id=\"fb-root\"><\/div>\n<h2 class=\"entry-title\">Odsouzen\u00ed J. Sk\u00e1ly za jin\u00fd n\u00e1zor na ud\u00e1losti v Katyni otev\u00edr\u00e1 novou \u00e9ru liber\u00e1ln\u011b \u201edemokratick\u00e9\u201c totality<\/h2>\n<p><strong><a href=\"https:\/\/www.idnes.cz\/zpravy\/domaci\/skala-obzaloba-katyn-kscm-genocida-vezeni-sssr.A230303_155711_domaci_remy\">Odsouzen\u00ed prezidentsk\u00e9ho kandid\u00e1ta a komunisty<\/a>\u00a0J. Sk\u00e1ly (a dvou dal\u0161\u00edch osob) za jin\u00fd n\u00e1zor na tzv. Katy\u0148sk\u00fd masakr\u201c je dal\u0161\u00edm z p\u0159elomov\u00fdch mezn\u00edk\u016f p\u0159i nastolov\u00e1n\u00ed liber\u00e1ln\u011b \u201edemokratick\u00e9\u201c totality po roce 1989.<\/strong><\/p>\n<p><strong>Sk\u00e1la nebyl odsouzen za nic jin\u00e9ho, ne\u017e \u017ee se p\u0159ikl\u00e1n\u00ed k jin\u00e9 verzi v\u00fdkladu ud\u00e1losti, kter\u00e1 se stala p\u0159ed v\u00edce ne\u017e 80 lety, stala se v cizin\u011b a net\u00fdkala se \u010desk\u00fdch ob\u010dan\u016f.<\/strong><\/p>\n<p>P\u0159itom n\u00e1zor, kter\u00fd Sk\u00e1la zast\u00e1v\u00e1, byl dlouh\u00e1 l\u00e9ta pova\u017eov\u00e1n za ofici\u00e1ln\u00ed v\u00fdklad d\u011bjin. O co \u0161lo?<\/p>\n<p><strong>V roce 1940 do\u0161lo k poprav\u011b asi 8000 zajat\u00fdch polsk\u00fdch d\u016fstojn\u00edk\u016f. Jejich hroby byly ofici\u00e1ln\u011b objeveny nacisty po napaden\u00ed SSSR a kolem cel\u00e9 ud\u00e1losti se tehdy rozpoutala proti sov\u011btsk\u00e1 kampa\u0148. Kampa\u0148 vykreslovala n\u011bmeck\u00e9 nacisty jako bojovn\u00edky proti rusk\u00fdm podlidem a barbar\u016fm. Sov\u011bti n\u011bmeckou propagandu r\u00e1zn\u011b odm\u00edtli<\/strong>.<\/p>\n<p><strong>P\u0159i norimbersk\u00e9m procesu po druh\u00e9 sv\u011btov\u00e9 v\u00e1lce byl p\u0159ijat v\u00edt\u011bzn\u00fdmi stranami postoj, \u017ee za vra\u017edu polsk\u00fdch d\u016fstojn\u00edk\u016f mohli nacist\u00e9 a \u00fa\u010delov\u011b z n\u00ed obvinili Sov\u011bty<\/strong>. Tento v\u00fdklad historie se ale za\u010dal m\u011bnit b\u011bhem studen\u00e9 v\u00e1lky a\u00a0<strong>z\u00e1pad ho umn\u011b vyu\u017e\u00edval k n\u00e1rodnostn\u00edmu roze\u0161tv\u00e1v\u00e1n\u00ed Pol\u00e1k\u016f proti Rus\u016fm\/Sov\u011bt\u016fm v r\u00e1mci socialistick\u00e9ho t\u00e1bora.<\/strong><\/p>\n<p>B\u011bhem perestrojky se k tomuto n\u00e1zoru p\u0159iklonil i M. Gorba\u010dov, a\u010dkoliv ru\u0161t\u00ed historici st\u00e1le trvali na p\u016fvodn\u00ed verzi.\u00a0<strong>Po roce 1989 se k z\u00e1padn\u00ed verzi v\u00fdkladu t\u00e9to historick\u00e9 ud\u00e1losti p\u0159iklonil i polistopadov\u00fd re\u017eim v \u010cR<\/strong>. Bylo nato\u010deno n\u011bkolik dokument\u016f a polsk\u00fd film Katy\u0148.<\/p>\n<p><strong>Jsou zde tedy 2 strany a maj\u00ed r\u016fzn\u00e9 n\u00e1zory a podp\u016frn\u00e9 argumenty. Rusov\u00e9 a Pol\u00e1ci (z\u00e1pad). Ob\u011b strany maj\u00ed svoj\u00ed pravdu<\/strong>. Nen\u00ed to ale diskuze, kter\u00e1 by se t\u00fdkala \u010cech\u016f, t\u0159eba\u017ee je vyu\u017e\u00edv\u00e1na k antirusk\u00e9 kampani ji\u017e \u0159adu let. J<strong>e komick\u00fdm paradoxem, \u017ee ze zlo\u010dinu a obvi\u0148ov\u00e1n\u00ed Ruska je obvi\u0148ov\u00e1n Gruz\u00ednec J. V. Stalin, tedy mu\u017e ze zem\u011b, kter\u00e1 je \u201espojencem\u201c sou\u010dasn\u00e9ho re\u017eimu!<\/strong><\/p>\n<p><strong>O cel\u00e9 t\u00e9to historick\u00e9 se tedy vedou v\u00e1\u0161niv\u00e9 historick\u00e9 spory a ur\u010dit\u011b se nejedn\u00e1 o \u010dernob\u00edlou ud\u00e1lost. Sk\u00e1la a jeho spole\u010dn\u00edci se p\u0159ipojili k jednomu z nich.<\/strong><\/p>\n<p><strong>Co odsouzen\u00ed J. Sk\u00e1ly znamen\u00e1? V \u010cR je u\u017e dovolen pouze ofici\u00e1ln\u00ed v\u00fdklad dal\u0161\u00ed historick\u00e9 ud\u00e1losti. U\u017e nen\u00ed zak\u00e1z\u00e1na svobodn\u00e1 historick\u00e1 debat pouze o tzv. \u017eidovsk\u00e9m holocaustu<\/strong>, kdy je zak\u00e1z\u00e1no se odch\u00fdlit od historick\u00e9ho v\u00fdkladu, kter\u00fd prosadily \u017eidovsk\u00e9 organizace a aktivist\u00e9. Zkr\u00e1tka \u017eidovsk\u00fdch ob\u011bt\u00ed holocaustu bylo 6 mil, i kdyby n\u011bkdo prok\u00e1zal n\u011bco jin\u00e9ho, tak p\u016fjde do v\u011bzen\u00ed a\u0165 m\u00e1 pravdu nebo nem\u00e1!\u00a0<strong>Nyn\u00ed plat\u00ed to sam\u00e9 i pro Katy\u0148<\/strong>. D\u016fvod horliv\u00e9ho prore\u017eimn\u00edho soudce H\u00fcbnera a jeho \u201ep\u0159elomov\u00e9ho rozsudku je sice aktu\u00e1ln\u011b oportunistick\u00fd (chce podpo\u0159it antiruskou hysterii propagovanou re\u017eimem), ale<strong>\u00a0bez schv\u00e1len\u00ed z vy\u0161\u0161\u00edch m\u00edst by k n\u011bmu nejsp\u00ed\u0161 nedo\u0161lo. Re\u017eimu se to nav\u00edc hod\u00ed, proto\u017ee se jedn\u00e1 o zn\u00e1me proti re\u017eimn\u00ed aktivisty a autory. Re\u017eim aktivn\u011b pracuje na p\u0159episov\u00e1n\u00ed historie a z\u00e1kaz svobodn\u00e9 diskuze na historick\u00e1 t\u00e9mata se mu hod\u00ed. S t\u00edm maj\u00ed zahrani\u010dn\u00ed p\u00e1ni sou\u010dasn\u00e9ho re\u017eimu velk\u00e9 zku\u0161enosti. G. Orwell napsal, \u017ee \u201ekdo ovl\u00e1d\u00e1 minulost, ovl\u00e1d\u00e1 p\u0159\u00edtomnost\u201c a je to svat\u00e1 pravda.<\/strong>\u00a0Pokud je\u00a0<strong>zak\u00e1z\u00e1na svobodn\u00e1 diskuze o n\u011bjak\u00e9 historick\u00e9 ud\u00e1losti, pak v\u017edy plat\u00ed \u017ee: ofici\u00e1ln\u00ed verze kulh\u00e1 na ob\u011b nohy!<\/strong><\/p>\n<p><strong>Co bude p\u0159\u00ed\u0161t\u011b? Liber\u00e1ln\u011b demokratick\u00fd re\u017eim havlistick\u00e9ho kultu bude akcelerovat omezov\u00e1n\u00ed svobody slova v mnoha dal\u0161\u00edch oblastech a rozjede represe proti lidem s jin\u00fdm n\u00e1zorem na \u00farove\u0148, kter\u00e1 v \u010cR nebyla ani 80. letech minul\u00e9ho stolet\u00ed. C\u00edlem justi\u010dn\u00edch \u00fatok\u016f bude ka\u017ed\u00fd, kdo jen n\u00e1znakem prok\u00e1\u017ee nekonformitu. Poslu\u0161n\u00ed soudci typu H\u00fcbnera budou ud\u011blovat st\u00e1le tvrd\u0161\u00ed tresty a v\u011bzen\u00ed se budou plnit politick\u00fdmi v\u011bzni.<\/strong><\/p>\n<p><strong>Represe nebude platit pouze proti zast\u00e1nc\u016fm jin\u00e9ho historick\u00e9ho n\u00e1zoru, ale roz\u0161\u00ed\u0159\u00ed se do v\u0161ech oblastech lidsk\u00e9ho \u017eivota\u2026 Zdrav\u00ed, \u017eivotn\u00ed styl, rodina, kultura\u2026. to v\u0161e bude podrobeno cenzu\u0159e a represi.<\/strong>\u00a0Totalitn\u00ed re\u017eim to jinak neum\u00ed. V\u017edy\u0165 za n\u00edm stoj\u00ed op\u011bt stejn\u00ed lid\u00e9. V \u010dem se li\u0161\u00ed Trockij (Bron\u0161t\u011bjn) od Raku\u0161ana? \u017de v sou\u010dasn\u00e9m re\u017eimu se je\u0161t\u011b neud\u011bluj\u00ed za jin\u00fd n\u00e1zor tresty smrt? Co nen\u00ed dnes, m\u016f\u017ee b\u00fdt za rok. Zd\u016fvodn\u00ed se to, \u017ee re\u017eim p\u0159ece nem\u016f\u017ee trp\u011bt prorusk\u00e9 \u0161v\u00e1by a dezol\u00e1ty\u2026.<\/p>\n<p><strong>Mus\u00ed k tomu doj\u00edt? Ne nutn\u011b, pokud se \u010ce\u0161i dok\u00e1\u017e\u00ed liber\u00e1ln\u00ed demokracii a jej\u00ed tyranii postavit, tak se j\u00ed mohou snadno zbavit. Ona toti\u017e stoj\u00ed na hlin\u011bn\u00fdch noh\u00e1ch volebn\u00edch podvod\u016f a je ve skute\u010dnosti podporov\u00e1na pouze nejr\u016fzn\u011bj\u0161\u00edmi devianty, slabochy a bl\u00e1zny<\/strong>. Bezpe\u010dnostn\u00ed slo\u017eky jsou bu\u010f v rozkladu (arm\u00e1da), nebo nejsou k re\u017eimu p\u0159\u00edli\u0161 loaj\u00e1ln\u00ed (v\u011bt\u0161ina norm\u00e1ln\u00edch policist\u016f)\u00a0<strong>Dovede si p\u0159edstavit jak z\u017een\u0161til\u00ed sexu\u00e1ln\u00ed devianti a protagonist\u00e9 re\u017eimu \u017delezn\u00fd, Cemper, Janda zat\u00fdkaj\u00ed chlapy z tov\u00e1ren? V\u017edy\u0165 by ani neunesli pu\u0161ku, sami by se zhroutili pod jej\u00ed t\u00edhou.\u00a0<\/strong>Stejn\u011b tak nep\u0159ijedou do \u010cech p\u00e1nov\u00e9 Rothschild a Soros, aby zav\u00edrali vlastence do v\u011bzen\u00ed.<\/p>\n<p><strong>Cel\u00e1 pravdol\u00e1ska\u0159sk\u00e1 garnitura je tvo\u0159ena lidsk\u00fdmi zbab\u011blci a slabochy.<\/strong>\u00a0Vesm\u011bs se jedn\u00e1 o lidi s n\u011bjakou mor\u00e1ln\u00ed vadou.<\/p>\n<p><strong>Sta\u010d\u00ed se p\u0159estat hrbit a postavit se rovn\u011b a cel\u00fd ten jejich teror se sesype jako d\u016fm z karet.<\/strong><\/p>\n<p><a href=\"https:\/\/ceskavec.com\/2023\/03\/holocaust-uz-nestaci-nyni-je-trestna-jakakoliv-odchylka-od-oficialniho-vykladu-historie-odsouzeni-j-skaly-za-jiny-nazor-na-udalosti-v-katyni-otevira-novou-eru-liberalne-demokraticke-totality\">\u010cesk\u00e1 v\u011bc<\/a><\/p>\n<p>&nbsp;<\/p>\n<p>&nbsp;<\/p>\n<p><img decoding=\"async\" loading=\"lazy\" class=\"wp-image-19187 aligncenter\" src=\"http:\/\/www.infokuryr.cz\/n\/wp-content\/uploads\/2022\/12\/1-PRO-300x36.jpg\" alt=\"\" width=\"1133\" height=\"136\" srcset=\"https:\/\/www.infokuryr.cz\/n\/wp-content\/uploads\/2022\/12\/1-PRO-300x36.jpg 300w, https:\/\/www.infokuryr.cz\/n\/wp-content\/uploads\/2022\/12\/1-PRO.jpg 699w\" sizes=\"(max-width: 1133px) 100vw, 1133px\" \/><\/p>\n<p>&nbsp;<\/p>\n<p><img decoding=\"async\" loading=\"lazy\" class=\"wp-image-22607 aligncenter\" src=\"http:\/\/www.infokuryr.cz\/n\/wp-content\/uploads\/2023\/02\/cesko_proti_bide-239x300.png\" alt=\"\" width=\"767\" height=\"963\" srcset=\"https:\/\/www.infokuryr.cz\/n\/wp-content\/uploads\/2023\/02\/cesko_proti_bide-239x300.png 239w, https:\/\/www.infokuryr.cz\/n\/wp-content\/uploads\/2023\/02\/cesko_proti_bide-816x1024.png 816w, https:\/\/www.infokuryr.cz\/n\/wp-content\/uploads\/2023\/02\/cesko_proti_bide-768x964.png 768w, https:\/\/www.infokuryr.cz\/n\/wp-content\/uploads\/2023\/02\/cesko_proti_bide.png 846w\" sizes=\"(max-width: 767px) 100vw, 767px\" \/><\/p>\n<p>&nbsp;<\/p>\n<p>&nbsp;<\/p>\n<p>&nbsp;<\/p>\n","protected":false},"excerpt":{"rendered":"<p>Odsouzen\u00ed J. Sk\u00e1ly za jin\u00fd n\u00e1zor na ud\u00e1losti v Katyni otev\u00edr\u00e1 novou \u00e9ru liber\u00e1ln\u011b \u201edemokratick\u00e9\u201c&#8230;<\/p>\n","protected":false},"author":2,"featured_media":12905,"comment_status":"closed","ping_status":"closed","sticky":false,"template":"","format":"standard","meta":[],"categories":[6],"tags":[1045,520,324,48],"_links":{"self":[{"href":"https:\/\/www.infokuryr.cz\/n\/wp-json\/wp\/v2\/posts\/24022"}],"collection":[{"href":"https:\/\/www.infokuryr.cz\/n\/wp-json\/wp\/v2\/posts"}],"about":[{"href":"https:\/\/www.infokuryr.cz\/n\/wp-json\/wp\/v2\/types\/post"}],"author":[{"embeddable":true,"href":"https:\/\/www.infokuryr.cz\/n\/wp-json\/wp\/v2\/users\/2"}],"replies":[{"embeddable":true,"href":"https:\/\/www.infokuryr.cz\/n\/wp-json\/wp\/v2\/comments?post=24022"}],"version-history":[{"count":0,"href":"https:\/\/www.infokuryr.cz\/n\/wp-json\/wp\/v2\/posts\/24022\/revisions"}],"wp:featuredmedia":[{"embeddable":true,"href":"https:\/\/www.infokuryr.cz\/n\/wp-json\/wp\/v2\/media\/12905"}],"wp:attachment":[{"href":"https:\/\/www.infokuryr.cz\/n\/wp-json\/wp\/v2\/media?parent=24022"}],"wp:term":[{"taxonomy":"category","embeddable":true,"href":"https:\/\/www.infokuryr.cz\/n\/wp-json\/wp\/v2\/categories?post=24022"},{"taxonomy":"post_tag","embeddable":true,"href":"https:\/\/www.infokuryr.cz\/n\/wp-json\/wp\/v2\/tags?post=24022"}],"curies":[{"name":"wp","href":"https:\/\/api.w.org\/{rel}","templated":true}]}}