{"id":24021,"date":"2023-03-07T04:06:37","date_gmt":"2023-03-07T03:06:37","guid":{"rendered":"http:\/\/www.infokuryr.cz\/n\/?p=24021"},"modified":"2023-03-07T04:06:37","modified_gmt":"2023-03-07T03:06:37","slug":"korupcni-skandal-mezi-poslanci-europarlamentu-se-rozrusta","status":"publish","type":"post","link":"https:\/\/www.infokuryr.cz\/n\/2023\/03\/07\/korupcni-skandal-mezi-poslanci-europarlamentu-se-rozrusta\/","title":{"rendered":"Korup\u010dn\u00ed skand\u00e1l mezi poslanci Europarlamentu se rozr\u016fst\u00e1"},"content":{"rendered":"<div id=\"fb-root\"><\/div>\n<h2 class=\"entry-title\">Do bran\u00ed \u00faplatk\u016f od muslimsk\u00fdch ropn\u00fdch emir\u00e1t\u016f bylo zapojeno a\u017e 100 poslanc\u016f z celkem 705. Kolik v tom jede \u010cech\u016f? K \u010demu je takov\u00e9 hn\u00edzdo korupce a perverze?<\/h2>\n<p>Ob\u0159\u00ed skand\u00e1l s bran\u00edm \u00faplatk\u016f ze strany poslanc\u016f EP (Evropsk\u00e9ho parlamentu) se d\u00e1l rozr\u016fst\u00e1. Podle\u00a0<strong>polsk\u00e9ho poslance\u00a0<a href=\"https:\/\/rmx.news\/poland\/100-meps-may-be-involved-in-qatargate-corruption-scandal-engulfing-eu-parliament-says-polish-mep\/\">Dominika Tarczy\u0144sk\u00e9ho bylo do bran\u00ed \u00faplatk\u016f od muslimsk\u00fdch ropn\u00fdch\u00a0<\/a>emir\u00e1t\u016f zapojeno a\u017e 100 poslanc\u016f t\u00e9to evropsk\u00e9 instituce. P\u0159itom je jich celkem 705, tak\u017ee jen od Kataru bralo podle v\u0161eho \u00faplatky 14% v\u0161ech poslanc\u016f! Je ot\u00e1zkou, kter\u00e9 dal\u0161\u00ed zem\u011b si plat\u00ed sv\u00e9 poslance EP?\u00a0<\/strong>Saudsk\u00e1 Ar\u00e1bie, \u010c\u00edna, Turecko, Vietnam, Kolumbie\u2026..?\u00a0<strong>Katar je mimo jin\u00e9 zn\u00e1m jako v\u00fdznamn\u00fd podporovatel muslimsk\u00e9 imigrace do Evropy a islamizace na\u0161eho kontinentu.<\/strong><\/p>\n<p>P<strong>odle zat\u00edm obvin\u011bn\u00fdch jmen je v\u011bt\u0161ina korup\u010dn\u00edk\u016f ze zem\u00ed \u201evysp\u011bl\u00fdch\u201c z\u00e1padn\u00edch demokraci\u00ed a \u0158ecka, Ano, t\u011bch, kte\u0159\u00ed n\u00e1s st\u00e1le peskuj\u00ed a pou\u010duj\u00ed o korupci! Je ot\u00e1zkou, kolik \u010desk\u00fdch poslanc\u016f EP jede v podobn\u00fdch \u0161pinav\u00fdch k\u0161eftech a pracuje pro ciz\u00ed zem\u011b?\u00a0<\/strong>P\u00e1r adept\u016f ke zkoum\u00e1n\u00ed by se asi na\u0161lo p\u0159edev\u0161\u00edm mezi poslanci zastupuj\u00edc\u00edmi \u201eob\u010dansk\u00e9 strany\u201c. V\u017edy\u0165 je mezi nimi jeden, kter\u00fd se je\u0161t\u011b ned\u00e1vno chlubil skv\u011bl\u00fdmi vztahy s hlavou korup\u010dn\u00ed af\u00e9ry Evou Kaili z \u0158ecka, dal\u0161\u00ed m\u00e1 vietnamskou asistentku a v \u010desk\u00fdch kulo\u00e1rech se mu \u0159\u00edk\u00e1 \u201eVietcong\u201c pro jeho boj za z\u00e1jmy podivn\u00fdch vietnamsk\u00fdch podnikatel\u016f. Dal\u0161\u00ed stoj\u00ed v \u0159ad\u011b podpory islamizace Evropy a masov\u00e9 imigrace z muslimsk\u00fdch zem\u00ed.\u00a0<strong>Pracuj\u00ed tihle v\u0161ichni jen na z\u00e1klad\u011b sv\u00fdch chorobn\u00fdch mozk\u016f a perverzn\u00edch ideologi\u00ed, nebo \u201ejen\u201c berou \u00faplatky?! To nev\u00edme, ale za podrobn\u00e9 zkoum\u00e1n\u00ed by to jist\u011b st\u00e1lo.<\/strong><\/p>\n<p>EP je semeni\u0161t\u011bm nejbizarn\u011bj\u0161\u00ed agend a n\u00e1vrh\u016f podporuj\u00edc\u00ed masou imigraci, lgbt++ perverze a jin\u00e9 deviace, islamizaci zem\u011b, drogov\u00e9 mafie atd. Nyn\u00ed ale v\u00edme, \u017ee to nebyla jen ideologie zastupitel\u016f, ale p\u0159edev\u0161\u00edm tu\u010dn\u00e9 \u00faplatky, kter\u00e9 je vedly k prosazov\u00e1n\u00ed podobn\u00fdch agend.<\/p>\n<p><strong>M\u00e1 takov\u00e1 instituce v\u016fbec n\u011bjak\u00fd smysl. M\u011bla by se okam\u017eit\u011b zru\u0161it stejn\u011b jako zcela zbyte\u010dn\u00fd \u201e\u010desk\u00fd\u201c Sen\u00e1t.<\/strong><\/p>\n<p>Bruselan \u017eiv\u00edc\u00ed se prac\u00ed<\/p>\n<p>&nbsp;<\/p>\n<p><img decoding=\"async\" loading=\"lazy\" class=\"wp-image-19187 aligncenter\" src=\"http:\/\/www.infokuryr.cz\/n\/wp-content\/uploads\/2022\/12\/1-PRO-300x36.jpg\" alt=\"\" width=\"1150\" height=\"138\" srcset=\"https:\/\/www.infokuryr.cz\/n\/wp-content\/uploads\/2022\/12\/1-PRO-300x36.jpg 300w, https:\/\/www.infokuryr.cz\/n\/wp-content\/uploads\/2022\/12\/1-PRO.jpg 699w\" sizes=\"(max-width: 1150px) 100vw, 1150px\" \/><\/p>\n<p>&nbsp;<\/p>\n<p>&nbsp;<\/p>\n<p><img decoding=\"async\" loading=\"lazy\" class=\"wp-image-22607 aligncenter\" src=\"http:\/\/www.infokuryr.cz\/n\/wp-content\/uploads\/2023\/02\/cesko_proti_bide-239x300.png\" alt=\"\" width=\"755\" height=\"948\" srcset=\"https:\/\/www.infokuryr.cz\/n\/wp-content\/uploads\/2023\/02\/cesko_proti_bide-239x300.png 239w, https:\/\/www.infokuryr.cz\/n\/wp-content\/uploads\/2023\/02\/cesko_proti_bide-816x1024.png 816w, https:\/\/www.infokuryr.cz\/n\/wp-content\/uploads\/2023\/02\/cesko_proti_bide-768x964.png 768w, https:\/\/www.infokuryr.cz\/n\/wp-content\/uploads\/2023\/02\/cesko_proti_bide.png 846w\" sizes=\"(max-width: 755px) 100vw, 755px\" \/><\/p>\n<p>&nbsp;<\/p>\n<p>&nbsp;<\/p>\n","protected":false},"excerpt":{"rendered":"<p>Do bran\u00ed \u00faplatk\u016f od muslimsk\u00fdch ropn\u00fdch emir\u00e1t\u016f bylo zapojeno a\u017e 100 poslanc\u016f z celkem 705&#8230;.<\/p>\n","protected":false},"author":2,"featured_media":870,"comment_status":"closed","ping_status":"closed","sticky":false,"template":"","format":"standard","meta":[],"categories":[6],"tags":[640,41,207,2530],"_links":{"self":[{"href":"https:\/\/www.infokuryr.cz\/n\/wp-json\/wp\/v2\/posts\/24021"}],"collection":[{"href":"https:\/\/www.infokuryr.cz\/n\/wp-json\/wp\/v2\/posts"}],"about":[{"href":"https:\/\/www.infokuryr.cz\/n\/wp-json\/wp\/v2\/types\/post"}],"author":[{"embeddable":true,"href":"https:\/\/www.infokuryr.cz\/n\/wp-json\/wp\/v2\/users\/2"}],"replies":[{"embeddable":true,"href":"https:\/\/www.infokuryr.cz\/n\/wp-json\/wp\/v2\/comments?post=24021"}],"version-history":[{"count":0,"href":"https:\/\/www.infokuryr.cz\/n\/wp-json\/wp\/v2\/posts\/24021\/revisions"}],"wp:featuredmedia":[{"embeddable":true,"href":"https:\/\/www.infokuryr.cz\/n\/wp-json\/wp\/v2\/media\/870"}],"wp:attachment":[{"href":"https:\/\/www.infokuryr.cz\/n\/wp-json\/wp\/v2\/media?parent=24021"}],"wp:term":[{"taxonomy":"category","embeddable":true,"href":"https:\/\/www.infokuryr.cz\/n\/wp-json\/wp\/v2\/categories?post=24021"},{"taxonomy":"post_tag","embeddable":true,"href":"https:\/\/www.infokuryr.cz\/n\/wp-json\/wp\/v2\/tags?post=24021"}],"curies":[{"name":"wp","href":"https:\/\/api.w.org\/{rel}","templated":true}]}}