{"id":24019,"date":"2023-03-07T04:03:09","date_gmt":"2023-03-07T03:03:09","guid":{"rendered":"http:\/\/www.infokuryr.cz\/n\/?p=24019"},"modified":"2023-03-07T04:03:09","modified_gmt":"2023-03-07T03:03:09","slug":"obraz-totality-34-let-po-roce-1989-bude-na-hrade-komunisticky-rozvedcik-a-byvali-disidenti-opet-stoji-pred-soudem","status":"publish","type":"post","link":"https:\/\/www.infokuryr.cz\/n\/2023\/03\/07\/obraz-totality-34-let-po-roce-1989-bude-na-hrade-komunisticky-rozvedcik-a-byvali-disidenti-opet-stoji-pred-soudem\/","title":{"rendered":"Obraz totality: 34 let po roce 1989 bude na Hrad\u011b komunistick\u00fd rozv\u011bd\u010d\u00edk a b\u00fdval\u00ed disidenti op\u011bt stoj\u00ed p\u0159ed soudem!"},"content":{"rendered":"<div id=\"fb-root\"><\/div>\n<h4>Obraz totality: 34 let po roce 1989 bude na Hrad\u011b komunistick\u00fd rozv\u011bd\u010d\u00edk a b\u00fdval\u00ed disidenti op\u011bt stoj\u00ed p\u0159ed soudem! P\u0159edlistopadov\u00fd disident dostal 6 m\u011bs\u00edc\u016f s podm\u00ednkou na rok a p\u016fl za to, \u017ee cht\u011bl sundat ukrajinskou vlajku z N\u00e1rodn\u00edho muzea a soudce v od\u016fvodn\u011bn\u00ed argumentoval t\u00edm, \u017ee pachatel byl za podobn\u00fd akt odsouzen ji\u017e v dubnu 1989! Soudy v \u010cesku tak nov\u011b vytahuj\u00ed na disidenty u\u017e i rozsudky komunistick\u00fdch lidov\u00fdch sen\u00e1t\u016f, za kter\u00e9 byli d\u00e1vno rehabilitov\u00e1ni! Fial\u016fv \u201cbrejli\u010dkov\u00fd\u201d teror se rozj\u00ed\u017ed\u00ed naplno!<\/h4>\n<p>Pan doktor a advok\u00e1t\u00a0JUDr. Norbert Naxera n\u00e1s o v\u00edkendu do redakce informoval o naprosto neuv\u011b\u0159iteln\u00e9m rozsudku, kter\u00fd padl na Obvodn\u00edm soudu pro Prahu 1 ji\u017e 13. \u00fanora tohoto roku. Zn\u00e1m\u00fd disident p\u0159ed listopadem 1989 a\u00a0<strong>ob\u010dansk\u00fd aktivista z Hole\u0161ovsk\u00e9 v\u00fdzvy pan Sl\u00e1vek Popelka byl zat\u00edm nepravomocn\u011b odsouzen na 6 m\u011bs\u00edc\u016f do v\u011bzen\u00ed s podm\u00ednkou na 18 m\u011bs\u00edc\u016f za to, \u017ee usiloval o odstran\u011bn\u00ed ukrajinsk\u00e9 vlajky z budovy N\u00e1rodn\u00edho muzea.<\/strong><\/p>\n<p>A to proto, \u017ee se opr\u00e1vn\u011bn\u011b domn\u00edval, \u017ee tento nezodpov\u011bdn\u00fd akt vyv\u011b\u0161en\u00ed ukrajinsk\u00e9 vlajky jako jedn\u00e9 z v\u00e1l\u010d\u00edc\u00edch stran v konfliktu na Donbasu vyvol\u00e1 aktivizaci v \u010desk\u00e9 spole\u010dnosti a lid\u00e9 budou cht\u00edt vlajku odstranit jako provokativn\u00ed symbol pokra\u010dov\u00e1n\u00ed v\u00e1lky a n\u00e1siln\u011b vniknou do N\u00e1rodn\u00edho muzea, proto\u017ee N\u00e1rodn\u00ed muzeum je symbolem \u010desk\u00e9ho a nikoliv ukrajinsk\u00e9ho n\u00e1roda. Soud v\u0161ak dosp\u011bl k n\u00e1zoru, \u017ee informace adresovan\u00e1 spr\u00e1v\u011b N\u00e1rodn\u00edho muzea ohledn\u011b odstran\u011bn\u00ed vlajky byla popla\u0161nou zpr\u00e1vou. Soud do\u0161el k z\u00e1v\u011bru, \u017ee n\u00e1siln\u00e9 vniknut\u00ed do budovy muzea nehrozilo, a tud\u00ed\u017e pr\u00fd m\u011blo j\u00edt o popla\u0161nou zpr\u00e1vu.<\/p>\n<figure id=\"attachment_54944\" class=\"wp-caption aligncenter\" style=\"width: 781px;\"><a href=\"https:\/\/aeronet.news\/wp-content\/uploads\/Popelka_page-0001.jpg\"><img decoding=\"async\" loading=\"lazy\" class=\"wp-image-54944\" src=\"https:\/\/aeronet.news\/wp-content\/uploads\/Popelka_page-0001.jpg\" sizes=\"(max-width: 700px) 100vw, 700px\" srcset=\"https:\/\/aeronet.news\/wp-content\/uploads\/Popelka_page-0001.jpg 1018w, https:\/\/aeronet.news\/wp-content\/uploads\/Popelka_page-0001-196x300.jpg 196w, https:\/\/aeronet.news\/wp-content\/uploads\/Popelka_page-0001-768x1178.jpg 768w, https:\/\/aeronet.news\/wp-content\/uploads\/Popelka_page-0001-668x1024.jpg 668w, https:\/\/aeronet.news\/wp-content\/uploads\/Popelka_page-0001-700x1073.jpg 700w, https:\/\/aeronet.news\/wp-content\/uploads\/Popelka_page-0001-233x357.jpg 233w, https:\/\/aeronet.news\/wp-content\/uploads\/Popelka_page-0001-315x483.jpg 315w\" alt=\"\" width=\"781\" height=\"1198\" \/><\/a><figcaption class=\"wp-caption-text\">Prvn\u00ed strana rozsudku<\/figcaption><\/figure>\n<p>Naprosto neuv\u011b\u0159iteln\u00e9 je ov\u0161em to, \u017ee soudce v od\u016fvodn\u011bn\u00ed rozsudku odkazuje na minulou \u201ctrestnou\u201d \u010dinnost aktivisty, za kterou si \u0161el sednout natvrdo na 4 m\u011bs\u00edce. Jen\u017ee, soudce neodkazoval na rozsudek z posledn\u00ed doby, ale na\u00a0<strong>rozhodnut\u00ed lidov\u00e9ho sen\u00e1tu ze dne 4. 4. 1989 u soudu v Brn\u011b, kde si Sl\u00e1vek Popelka vyslechl rozsudek 4 m\u011bs\u00edc\u016f nepodm\u00edn\u011bn\u011b za \u0161\u00ed\u0159en\u00ed let\u00e1k\u016f, za svol\u00e1v\u00e1n\u00ed demonstrac\u00ed a za v\u00fdzvy KS\u010c k demisi.<\/strong><\/p>\n<p>Ano, soudce tak do od\u016fvodn\u011bn\u00ed rozsudku v roce 2023 argumentuje rozsudkem lidov\u00e9ho sen\u00e1tu v Brn\u011b z roku 1989, kde byl disident odsouzen na 4 m\u011bs\u00edce za protist\u00e1tn\u00ed \u010dinnost! Obr\u00e1zek z rozsudku m\u00e1te o n\u011bkolik odstavc\u016f v \u010dl\u00e1nku n\u00ed\u017ee. Skeny z rozsudku publikujeme se souhlasem pana Popelky, jak n\u00e1s informoval pan doktor Naxera.<\/p>\n<h6><span style=\"font-size: 18pt;\">Soudy po 34 letech v \u010cR d\u011blaj\u00ed z b\u00fdval\u00fdch disident\u016f recidivisty za jejich politickou \u010dinnost p\u0159ed rokem 1989<\/span><\/h6>\n<p>A soudce na Praze 1 m\u011bl zjevn\u011b na h\u00e1ku skute\u010dnost, \u017ee tyto rozsudky nad disidenty p\u0159ed rokem 1990 byly rehabilitov\u00e1ny a \u017e\u00e1dn\u00fd soud nem\u00e1 dnes pr\u00e1vo argumentovat v od\u016fvodn\u011bn\u00edch rozsudky lidov\u00fdch sen\u00e1t\u016f p\u0159ed rokem 1989. Tohle je zkr\u00e1tka n\u00e1vrat totality se v\u0161\u00edm v\u0161udy a nen\u00ed divu, \u017ee \u010ce\u0161i bal\u00ed kufry a emigruj\u00ed z \u010cR do ciziny. Dost\u00e1v\u00e1me do redakce od na\u0161ich \u010dten\u00e1\u0159\u016f informace, \u017ee se rozhodli pro emigraci. Je to smutn\u00e9, ale bohu\u017eel, vyhazovy z pr\u00e1ce a dokonce ze \u0161kol kv\u016fli ob\u010dansk\u00e9mu aktivismu proti v\u00e1lce na Ukrajin\u011b si vyb\u00edraj\u00ed prvn\u00ed ob\u011bti.<\/p>\n<figure id=\"attachment_54728\" class=\"wp-caption aligncenter\" style=\"width: 696px;\"><a href=\"https:\/\/aeronet.news\/wp-content\/uploads\/PetrPavel_PetrFiala.jpg\"><img decoding=\"async\" loading=\"lazy\" class=\"wp-image-54728 \" src=\"https:\/\/aeronet.news\/wp-content\/uploads\/PetrPavel_PetrFiala-1024x576.jpg\" sizes=\"(max-width: 700px) 100vw, 700px\" srcset=\"https:\/\/aeronet.news\/wp-content\/uploads\/PetrPavel_PetrFiala-1024x576.jpg 1024w, https:\/\/aeronet.news\/wp-content\/uploads\/PetrPavel_PetrFiala-300x169.jpg 300w, https:\/\/aeronet.news\/wp-content\/uploads\/PetrPavel_PetrFiala-768x432.jpg 768w, https:\/\/aeronet.news\/wp-content\/uploads\/PetrPavel_PetrFiala-700x394.jpg 700w, https:\/\/aeronet.news\/wp-content\/uploads\/PetrPavel_PetrFiala-635x357.jpg 635w, https:\/\/aeronet.news\/wp-content\/uploads\/PetrPavel_PetrFiala-859x483.jpg 859w, https:\/\/aeronet.news\/wp-content\/uploads\/PetrPavel_PetrFiala.jpg 1280w\" alt=\"\" width=\"696\" height=\"392\" \/><\/a><figcaption class=\"wp-caption-text\">Petr Pavel a Petr Fiala<\/figcaption><\/figure>\n<p>N\u011bkomu to m\u016f\u017ee p\u0159ipadat jako un\u00e1hlen\u00e9, ale ve chv\u00edli, kdy n\u00e1rod si zvol\u00ed na Hrad komunistick\u00e9ho rozv\u011bd\u010d\u00edka a p\u0159edsedu m\u00edstn\u00ed stranick\u00e9 organizace KS\u010c v roce 1989, a kdy\u017e \u010desk\u00e9 soudy odsuzuj\u00ed b\u00fdval\u00e9 disidenty za aktivismus a argumentuj\u00ed rozsudky za podobnou \u010dinnost p\u0159ed rokem 1989, tak v takov\u00e9 situaci je zjevn\u00e9, \u017ee totalita se vr\u00e1tila do \u010cR institucion\u00e1ln\u011b a se v\u0161\u00edm v\u0161udy. Pan doktor Naxera n\u00e1m k tomu napsal:<\/p>\n<p><em>Cel\u00fd rozsudek je absurdn\u00ed, proto\u017ee podobn\u00e9 jedn\u00e1n\u00ed nen\u00ed, podle koment\u00e1\u0159e k trestn\u00edmu z\u00e1kon\u00edku sepsan\u00e9mu p\u0159edsedou Nejvy\u0161\u0161\u00edho soudu JUDr. \u0160\u00e1malem, v\u016fbec trestn\u00fdm \u010dinem. V \u010cR neexistuje trestn\u00fd \u010din hanoben\u00ed vlajky nebo n\u011bco podobn\u00e9ho a \u0161\u00ed\u0159en\u00ed popla\u0161n\u00e9 zpr\u00e1vy je, kdy\u017e pachatel vyhro\u017euje n\u011b\u010d\u00edm skute\u010dn\u011b nebezpe\u010dn\u00fdm, nap\u0159. \u017ee v n\u011bjak\u00e9 budov\u011b je bomba, ne \u017ee z n\u00ed sund\u00e1 vlajku. Nejv\u00edce absurdn\u00ed je, \u017ee soudce pova\u017euje za p\u0159it\u011b\u017euj\u00edc\u00ed okolnost \u201ckrimin\u00e1ln\u00ed minulost\u201d obvin\u011bn\u00e9ho.<\/em><\/p>\n<p><em>V od\u016fvodn\u011bn\u00ed je uvedeno \u017ee ob\u017ealovan\u00fd byl odsouzen k trestu odn\u011bt\u00ed svobody nepodm\u00edn\u011bn\u00e9 v trv\u00e1n\u00ed 4 m\u011bs\u00edc\u016f, a to rozhodnut\u00edm M\u011bstsk\u00e9ho soud v Brn\u011b ze dne 4. 4. 1989.\u00a0<strong>Sl\u00e1vek Popelka byl v roce 1989 odsouzen ze \u0161\u00ed\u0159en\u00ed let\u00e1k\u016f, svol\u00e1v\u00e1n\u00ed demonstrac\u00ed, za v\u00fdzvu k demisi KS\u010c a v\u00fdzvu k zalo\u017een\u00ed strany Zelen\u00fdch.<\/strong>\u00a0Myslel jsem, \u017ee podobn\u00e9 rozsudky vydan\u00e9 do roku 1989 ve zjevn\u011b politick\u00fdch procesech byly zru\u0161eny, a nelze k nim proto p\u0159ihl\u00ed\u017eet. Alespo\u0148 doned\u00e1vna tomu tak bylo a politi\u010dt\u00ed v\u011bzni odsouzen\u00ed za odpor proti komunistick\u00e9mu re\u017eimu p\u0159ed rokem 1989 byli rehabilitov\u00e1ni, od\u0161kod\u0148ov\u00e1ni, oce\u0148ov\u00e1ni st\u00e1tn\u00edm vyznamen\u00e1n\u00edm apod.<\/em><\/p>\n<p><em>Nyn\u00ed, 33 let od listopadu 1989, se situace z\u0159ejm\u011b zm\u011bnila a b\u00fdval\u00ed disidenti, jako byl Popelka, jsou op\u011bt odsuzov\u00e1ni za politick\u00e9 trestn\u00e9 \u010diny a jejich odsouzen\u00ed za odpor proti komunistick\u00e9mu re\u017eimu je op\u011bt p\u0159it\u011b\u017euj\u00edc\u00ed okolnost\u00ed, hled\u00ed se na n\u011b jako na recidivisty.<\/em><\/p>\n<h6><span style=\"font-size: 18pt;\"><strong>Totalita se vr\u00e1tila do \u010cR spolu s Fialovou vl\u00e1dou P\u011btikoalice, u\u017e o tom nen\u00ed pochyb, re\u017eim znovu vyr\u00e1b\u00ed disidenty a zav\u00edr\u00e1 je do krimin\u00e1l\u016f, p\u0159\u00edpadn\u011b hroz\u00ed podm\u00ednkami<\/strong><\/span><\/h6>\n<p>Sundat dnes n\u011bkde v \u010cR ukrajinskou vlajku je tak stejn\u011b nebezpe\u010dn\u011b a Fialov\u00fdm re\u017eimem st\u00edhan\u00fd trestn\u00fd \u010din stejn\u011b, jako kdybyste p\u0159ed rokem 1989 cht\u011bli odn\u011bkud sundat vlajku Sov\u011btsk\u00e9ho svazu. Je to \u00fapln\u011b stejn\u00e1 rovina, soudy rozhoduj\u00ed \u00fapln\u011b toto\u017en\u011b, jako by rozhodovaly p\u0159ed rokem 1990.<\/p>\n<p><strong>Za podobn\u00e9 aktivity jsou podobn\u00e9 a prakticky identick\u00e9 tresty, tedy okolo p\u016fl roku odn\u011bt\u00ed svobody, p\u0159i\u010dem\u017e lze \u00fapln\u011b abstrahovat od skute\u010dnosti, jestli je tam podm\u00ednka anebo nen\u00ed, proto\u017ee v principi\u00e1ln\u00ed rovin\u011b to nehraje roli.<\/strong>\u00a0D\u016fle\u017eit\u00e9 je to, \u017ee za ob\u010dansk\u00fd aktivismus znovu padaj\u00ed rozsudky a znovu m\u00e1me u soud\u016f procesy s politick\u00fdmi v\u011bzni, kte\u0159\u00ed se znel\u00edbili re\u017eimu z ideov\u00e9ho a ideologick\u00e9ho hlediska. Sl\u00e1vek Popelka cht\u011bl sundat ukrajinskou vlajku a dostal 4 m\u011bs\u00edce s podm\u00ednkou na rok a p\u016fl.<\/p>\n<figure id=\"attachment_54945\" class=\"wp-caption aligncenter\" style=\"width: 798px;\"><a href=\"https:\/\/aeronet.news\/wp-content\/uploads\/Popelka_page-0003ed.jpg\"><img decoding=\"async\" loading=\"lazy\" class=\"wp-image-54945 \" src=\"https:\/\/aeronet.news\/wp-content\/uploads\/Popelka_page-0003ed-703x1024.jpg\" sizes=\"(max-width: 700px) 100vw, 700px\" srcset=\"https:\/\/aeronet.news\/wp-content\/uploads\/Popelka_page-0003ed-703x1024.jpg 703w, https:\/\/aeronet.news\/wp-content\/uploads\/Popelka_page-0003ed-206x300.jpg 206w, https:\/\/aeronet.news\/wp-content\/uploads\/Popelka_page-0003ed-768x1119.jpg 768w, https:\/\/aeronet.news\/wp-content\/uploads\/Popelka_page-0003ed-700x1020.jpg 700w, https:\/\/aeronet.news\/wp-content\/uploads\/Popelka_page-0003ed-245x357.jpg 245w, https:\/\/aeronet.news\/wp-content\/uploads\/Popelka_page-0003ed-331x483.jpg 331w, https:\/\/aeronet.news\/wp-content\/uploads\/Popelka_page-0003ed.jpg 1117w\" alt=\"\" width=\"798\" height=\"1163\" \/><\/a><figcaption class=\"wp-caption-text\">Strana 3 rozsudku<\/figcaption><\/figure>\n<p>Patrik Tu\u0161l a Tom\u00e1\u0161 \u010cerm\u00e1k protestovali pro zm\u011bnu proti ukrajinsk\u00e9 migraci a vnitro se rozhodlo, \u017ee z nich ud\u011bl\u00e1 exempl\u00e1rn\u00ed p\u0159\u00edklady a zav\u0159elo je nejprve do vazby a potom je u soudu odsoudili za \u00fadajn\u00e9 \u0161\u00ed\u0159en\u00ed nen\u00e1vistn\u00fdch v\u00fdrok\u016f.\u00a0<strong>Byla to Fialova v\u00fdstraha obyvatelstvu, varov\u00e1n\u00ed ob\u010dan\u016fm \u010cR, aby nezasahovali do politiky vl\u00e1dy \u010cR a jej\u00ed podpory a podn\u011bcov\u00e1n\u00ed v\u00e1lky na Ukrajin\u011b.<\/strong><\/p>\n<p>Jsou v tom zainteresov\u00e1ni \u010dlenov\u00e9 vl\u00e1dn\u00ed koalice, skrze klientsk\u00e9 vazby na \u010desk\u00fd zbrojn\u00ed pr\u016fmysl a obchodn\u00ed firmy se zbran\u011bmi. V\u00e1lka na Ukrajin\u011b je lukrativn\u00ed business nejen pro americk\u00e9, ale i pro \u010desk\u00e9 zbrojovky a zbrojn\u00ed firmy, kter\u00e9 jsou napojeny lobbisticky na p\u011btikoalici a Fialovu vl\u00e1du. Proto jak\u00e9koliv protesty proti Ukrajin\u011b, Ukrajinc\u016fm anebo proti v\u00e1lce na Ukrajin\u011b p\u0159\u00edmo ohro\u017euj\u00ed tyto zbrojn\u00ed k\u0161efty.<\/p>\n<h6><span style=\"font-size: 18pt;\">V\u00e1lka na Ukrajin\u011b je obrovsk\u00fd business pro mafie u moci, proto zbrojn\u00ed zak\u00e1zky se to\u010d\u00ed, zbroja\u0159i inkasuj\u00ed a d\u016fchodci jsou okr\u00e1d\u00e1ni za b\u00edl\u00e9ho dne p\u0159\u00edmo ve sn\u011bmovn\u011b<\/span><\/h6>\n<p>A aby ty protesty lid\u00ed z ulice se nezesilovaly a nedo\u0161lo k opakov\u00e1n\u00ed t\u00e9 ohromn\u00e9 demonstrace na V\u00e1clavsk\u00e9m n\u00e1m\u011bst\u00ed 3. z\u00e1\u0159\u00ed 2022, tak bylo rozhodnuto vyslat v\u00fdstrahy obyvatelstvu v podob\u011b exempl\u00e1rn\u00edch rozsudk\u016f, tedy proti Tu\u0161lovi, \u010cerm\u00e1kovi a nyn\u00ed i proti p\u0159edlistopadov\u00e9mu disidentu Popelkovi. Je to vl\u00e1da mafie, kter\u00e1 pou\u017e\u00edv\u00e1 mafi\u00e1nsk\u00e9 a zastra\u0161ovac\u00ed metody.<\/p>\n<p>Jenom u\u017e se nepou\u017e\u00edvaj\u00ed hrozby typu mrtv\u00e9 ryby zabalen\u00e9 v novinov\u00e9m pap\u00edru, kterou n\u011bkdo polo\u017e\u00ed p\u0159ed dve\u0159e nepohodln\u00e9 osob\u011b jako vzkaz a hrozbu, ale\u00a0<strong>pou\u017eije se v\u00fdstraha v podob\u011b n\u011bjak\u00fdch rozsudk\u016f nad \u201cdezinform\u00e1tory\u201d a \u201cdezol\u00e1ty\u201d, kter\u00e9 zastra\u0161\u00ed ve\u0159ejnost, aby se neaktivizovala, nechodila do ulic na demonstrace proti Fialov\u011b re\u017eimu<\/strong>, proti komunistick\u00e9mu rozv\u011bd\u010d\u00edkovi na Hrad\u011b, proti p\u011btikoalici s Dozimetrem a jin\u00fdmi mrtvolami a kostlivci ve sk\u0159\u00edn\u00edch,\u00a0 prost\u011b aby obyvatelstvo dr\u017eelo hubu a krok, stejn\u011b jako p\u0159ed rokem 1990.<\/p>\n<figure id=\"attachment_54946\" class=\"wp-caption aligncenter\" style=\"width: 694px;\"><a href=\"https:\/\/aeronet.news\/wp-content\/uploads\/SlavekPopelkaPress.jpg\"><img decoding=\"async\" loading=\"lazy\" class=\"wp-image-54946 \" src=\"https:\/\/aeronet.news\/wp-content\/uploads\/SlavekPopelkaPress-1024x498.jpg\" sizes=\"(max-width: 700px) 100vw, 700px\" srcset=\"https:\/\/aeronet.news\/wp-content\/uploads\/SlavekPopelkaPress-1024x498.jpg 1024w, https:\/\/aeronet.news\/wp-content\/uploads\/SlavekPopelkaPress-300x146.jpg 300w, https:\/\/aeronet.news\/wp-content\/uploads\/SlavekPopelkaPress-768x373.jpg 768w, https:\/\/aeronet.news\/wp-content\/uploads\/SlavekPopelkaPress-700x340.jpg 700w, https:\/\/aeronet.news\/wp-content\/uploads\/SlavekPopelkaPress-326x159.jpg 326w, https:\/\/aeronet.news\/wp-content\/uploads\/SlavekPopelkaPress-735x357.jpg 735w, https:\/\/aeronet.news\/wp-content\/uploads\/SlavekPopelkaPress-994x483.jpg 994w, https:\/\/aeronet.news\/wp-content\/uploads\/SlavekPopelkaPress.jpg 1280w\" alt=\"\" width=\"694\" height=\"337\" \/><\/a><figcaption class=\"wp-caption-text\">Sl\u00e1vek Popelka, ob\u010dansk\u00fd aktivista<\/figcaption><\/figure>\n<p>P\u0159esn\u011b to je \u00fa\u010delem t\u011bchto rozsudk\u016f proti ob\u010dansk\u00fdm aktivist\u016fm. Nen\u00ed ani p\u0159ekvapiv\u00e9, \u017ee vl\u00e1dn\u00ed koalice provedla koncem minul\u00e9ho t\u00fddne ve sn\u011bmovn\u011b parlamentn\u00ed pu\u010d a odebrala opozici pr\u00e1vo vystupovat ve sn\u011bmovn\u011b proti n\u00e1vrhu novely z\u00e1kona o d\u016fchodech.\u00a0<strong>Vl\u00e1dn\u00ed koalice nakonec novelu prosadila ve sn\u011bmovn\u011b a okradla d\u016fchodce v \u010cR v pr\u016fm\u011bru o 1 000 K\u010d m\u011bs\u00ed\u010dn\u011b, tak\u017ee \u010de\u0161t\u00ed d\u016fchodci ponesou dopady inflace na sv\u00fdch bedrech, zat\u00edmco Fialova vl\u00e1da bude d\u00e1l dod\u00e1vat zbran\u011b a pen\u00edze Ukrajin\u011b<\/strong>\u00a0a k tomu nav\u00edc bude p\u0159ij\u00edmat dal\u0161\u00ed Ukrajince, kter\u00e9 vl\u00e1da bude soci\u00e1ln\u011b podporovat.<\/p>\n<p>A je\u0161t\u011b k tomu bude vl\u00e1da nakupovat tanky, transport\u00e9ry a st\u00edha\u010dky od USA, N\u011bmecka a dal\u0161\u00edch zem\u00ed. Zat\u00edmco Fialova vl\u00e1da bude s rozv\u011bd\u010d\u00edkem na Hrad\u011b vyzbrojovat Ukrajinu, \u010de\u0161t\u00ed d\u016fchodci budu r\u00fdt \u00fasty v zemi. Tohle v\u0161echno zp\u016fsobila a sp\u00edskala Fialova vl\u00e1da, kter\u00e1 sp\u00ed\u0161 p\u0159ipom\u00edn\u00e1 protilidovou juntu okr\u00e1daj\u00edc\u00ed vlastn\u00ed d\u016fchodce, zat\u00edmco vyzbrojuje ciz\u00ed zemi do v\u00e1lky.<\/p>\n<p>Teror \u201cbrejli\u010dkov\u00e9ho\u201d profesora v roli premi\u00e9ra proti \u010desk\u00e9mu lidu je p\u0159itom na po\u010d\u00e1tku. Po n\u00e1stupu agenta P\u00e1vka na Hrad za\u010dne teprve ta skute\u010dn\u00e1 j\u00edzda, na to se p\u0159ipravte. Pades\u00e1t\u00e1 l\u00e9ta jsou zase zp\u00e1tky! Svaz\u00e1ci sice maj\u00ed dnes jin\u00e9 ko\u0161ile, ale stejn\u00e9 kecy a hlavn\u011b stejn\u00e9 man\u00fdry proti t\u011bm, kdo nejdou s nimi. Uml\u010det opozici v parlamentu, zablokovat opozi\u010dn\u00ed tisk a m\u00e9dia, obsadit v\u0161echny mocensk\u00e9 posty ve st\u00e1t\u011b, v\u010detn\u011b \u00fa\u0159adu prezidenta a pozav\u00edrat odp\u016frce do krimin\u00e1l\u016f a zbytek spole\u010dnosti t\u00edm vyd\u011bsit a donutit k dr\u017een\u00ed jazyku za zuby.<\/p>\n<p><a href=\"https:\/\/aeronet.news\/obraz-totality-34-let-po-roce-1989-bude-na-hrade-komunisticky-rozvedcik-a-byvali-disidenti-opet-stoji-pred-soudem-predlistopadovy-disident-dostal-6-mesicu-s-podminkou-na-rok-a-pul\/\">-VK- \u0160\u00e9fredaktor AE News<\/a><\/p>\n<p>&nbsp;<\/p>\n<p><img decoding=\"async\" loading=\"lazy\" class=\"wp-image-19187 aligncenter\" src=\"http:\/\/www.infokuryr.cz\/n\/wp-content\/uploads\/2022\/12\/1-PRO-300x36.jpg\" alt=\"\" width=\"1133\" height=\"136\" srcset=\"https:\/\/www.infokuryr.cz\/n\/wp-content\/uploads\/2022\/12\/1-PRO-300x36.jpg 300w, https:\/\/www.infokuryr.cz\/n\/wp-content\/uploads\/2022\/12\/1-PRO.jpg 699w\" sizes=\"(max-width: 1133px) 100vw, 1133px\" \/><\/p>\n<p>&nbsp;<\/p>\n<p>&nbsp;<\/p>\n<p><img decoding=\"async\" loading=\"lazy\" class=\"wp-image-22607 aligncenter\" src=\"http:\/\/www.infokuryr.cz\/n\/wp-content\/uploads\/2023\/02\/cesko_proti_bide-239x300.png\" alt=\"\" width=\"784\" height=\"984\" srcset=\"https:\/\/www.infokuryr.cz\/n\/wp-content\/uploads\/2023\/02\/cesko_proti_bide-239x300.png 239w, https:\/\/www.infokuryr.cz\/n\/wp-content\/uploads\/2023\/02\/cesko_proti_bide-816x1024.png 816w, https:\/\/www.infokuryr.cz\/n\/wp-content\/uploads\/2023\/02\/cesko_proti_bide-768x964.png 768w, https:\/\/www.infokuryr.cz\/n\/wp-content\/uploads\/2023\/02\/cesko_proti_bide.png 846w\" sizes=\"(max-width: 784px) 100vw, 784px\" \/><\/p>\n<p>&nbsp;<\/p>\n<p>&nbsp;<\/p>\n","protected":false},"excerpt":{"rendered":"<p>Obraz totality: 34 let po roce 1989 bude na Hrad\u011b komunistick\u00fd rozv\u011bd\u010d\u00edk a b\u00fdval\u00ed disidenti&#8230;<\/p>\n","protected":false},"author":2,"featured_media":24020,"comment_status":"closed","ping_status":"closed","sticky":false,"template":"","format":"standard","meta":[],"categories":[6],"tags":[1042,29,324,48],"_links":{"self":[{"href":"https:\/\/www.infokuryr.cz\/n\/wp-json\/wp\/v2\/posts\/24019"}],"collection":[{"href":"https:\/\/www.infokuryr.cz\/n\/wp-json\/wp\/v2\/posts"}],"about":[{"href":"https:\/\/www.infokuryr.cz\/n\/wp-json\/wp\/v2\/types\/post"}],"author":[{"embeddable":true,"href":"https:\/\/www.infokuryr.cz\/n\/wp-json\/wp\/v2\/users\/2"}],"replies":[{"embeddable":true,"href":"https:\/\/www.infokuryr.cz\/n\/wp-json\/wp\/v2\/comments?post=24019"}],"version-history":[{"count":0,"href":"https:\/\/www.infokuryr.cz\/n\/wp-json\/wp\/v2\/posts\/24019\/revisions"}],"wp:featuredmedia":[{"embeddable":true,"href":"https:\/\/www.infokuryr.cz\/n\/wp-json\/wp\/v2\/media\/24020"}],"wp:attachment":[{"href":"https:\/\/www.infokuryr.cz\/n\/wp-json\/wp\/v2\/media?parent=24019"}],"wp:term":[{"taxonomy":"category","embeddable":true,"href":"https:\/\/www.infokuryr.cz\/n\/wp-json\/wp\/v2\/categories?post=24019"},{"taxonomy":"post_tag","embeddable":true,"href":"https:\/\/www.infokuryr.cz\/n\/wp-json\/wp\/v2\/tags?post=24019"}],"curies":[{"name":"wp","href":"https:\/\/api.w.org\/{rel}","templated":true}]}}