{"id":24017,"date":"2023-03-07T01:07:11","date_gmt":"2023-03-07T00:07:11","guid":{"rendered":"http:\/\/www.infokuryr.cz\/n\/?p=24017"},"modified":"2023-03-06T20:18:47","modified_gmt":"2023-03-06T19:18:47","slug":"prohlaseni-dsz-za-prava-zvirat-k-pripadu-suroveho-a-bezcitneho-zastreleni-psa-myslivcem-na-cyklostezce-mezi-darkovicemi-a-vresinou","status":"publish","type":"post","link":"https:\/\/www.infokuryr.cz\/n\/2023\/03\/07\/prohlaseni-dsz-za-prava-zvirat-k-pripadu-suroveho-a-bezcitneho-zastreleni-psa-myslivcem-na-cyklostezce-mezi-darkovicemi-a-vresinou\/","title":{"rendered":"Prohl\u00e1\u0161en\u00ed DSZ &#8211; ZA PR\u00c1VA ZV\u00cd\u0158AT k p\u0159\u00edpadu surov\u00e9ho a bezcitn\u00e9ho zast\u0159elen\u00ed psa myslivcem na cyklostezce mezi Darkovicemi a V\u0159esinou"},"content":{"rendered":"<div id=\"fb-root\"><\/div>\n<p><strong>Demokratick\u00e1 strana zelen\u00fdch &#8211; ZA PR\u00c1VA ZV\u00cd\u0158AT je pobou\u0159ena jedn\u00e1n\u00edm myslivce, kter\u00fd 28. \u00fanora t.r. bezd\u016fvodn\u011b zast\u0159elil fenku v p\u0159\u00edtomnosti majitelky, je\u017e byla st\u0159elbou rovn\u011b\u017e ohro\u017eena na \u017eivot\u011b a zdrav\u00ed. Fenka Dixie um\u00edrala n\u011bkolik minut v krut\u00fdch bolestech, jeliko\u017e m\u011bla zran\u011bn\u00ed neslu\u010diteln\u00e1 se \u017eivotem, dusila se a s\u00edpala. Myslivec ji sv\u00fdm v\u00fdst\u0159elem, a\u0165 \u00famysln\u011b \u010di ne\u00famysln\u011b, nezabil, ale pouze smrteln\u011b zranil. N\u00e1sledn\u011b ignoroval prosby majitelky, aby ukon\u010dil utrpen\u00ed um\u00edraj\u00edc\u00ed fenky, tzv. r\u00e1nou z milosti, \u010d\u00edm\u017e jej\u00ed bolestiv\u00e9 utrpen\u00ed je\u0161t\u011b z\u00e1m\u011brn\u011b prodlou\u017eil.<\/strong><\/p>\n<p><strong>DSZ &#8211; ZA PR\u00c1VA ZV\u00cd\u0158AT<\/strong> \u017e\u00e1d\u00e1 org\u00e1ny ve\u0159ejn\u00e9 moci o spravedliv\u00e9 a p\u0159\u00edsn\u00e9 potrest\u00e1n\u00ed vin\u00edka, o\u010dek\u00e1v\u00e1, \u017ee jedn\u00e1n\u00ed st\u0159elce bude posouzeno jako trestn\u00fd \u010din t\u00fdr\u00e1n\u00ed zv\u00ed\u0159at.<\/p>\n<p><strong>DSZ &#8211; ZA PR\u00c1VA ZV\u00cd\u0158AT<\/strong> po\u017eaduje rovn\u011b\u017e, aby pachatel\u00e9, kte\u0159\u00ed t\u00fdraj\u00ed \u010di tr\u00fdzniv\u00fdm zp\u016fsobem zab\u00edj\u00ed zv\u00ed\u0159ata, byli spravedliv\u011b odsuzov\u00e1ni k trest\u016fm stanoven\u00fdm trestn\u00edm z\u00e1kon\u00edkem a nikoliv jen k pohr\u016f\u017ek\u00e1m trestem. T\u00fdr\u00e1n\u00ed zv\u00ed\u0159at je, s ohledem na naprostou bezmocnost ob\u011bt\u00ed, mimo\u0159\u00e1dn\u011b zavr\u017een\u00edhodn\u00e9. DSZ &#8211; ZA PR\u00c1VA ZV\u00cd\u0158AT konstatuje, \u017ee zat\u00edm pachatel\u00e9 t\u011bchto trestn\u00fdch \u010din\u016f odch\u00e1zej\u00ed od soud\u016f se sm\u011b\u0161n\u00fdmi tresty, tj. pokutou, podm\u00edn\u011bn\u00fdmi tresty, nebo dokonce nejsou st\u00edh\u00e1ni v\u016fbec.<\/p>\n<p><strong>DSZ &#8211; ZA PR\u00c1VA ZV\u00cd\u0158AT<\/strong> vyz\u00fdv\u00e1 kompetentn\u00ed org\u00e1ny k p\u0159\u00edsn\u011bj\u0161\u00edmu posuzov\u00e1n\u00ed povolen\u00ed vlastnit zbra\u0148 k mysliveck\u00fdm \u00fa\u010del\u016fm. Z\u00e1rove\u0148 \u017e\u00e1d\u00e1 osoby maj\u00edc\u00ed z\u00e1konod\u00e1rnou pravomoc, aby neprodlen\u011b navrhli zm\u011bnu mysliveck\u00e9ho z\u00e1kona, kter\u00e1 by zp\u0159\u00edsnila no\u0161en\u00ed a pou\u017e\u00edv\u00e1n\u00ed st\u0159eln\u00fdch paln\u00fdch zbran\u00ed. Mnoho \u00fadajn\u00fdch omyl\u016f a nehod pramen\u00ed pr\u00e1v\u011b z toho, \u017ee myslivci manipuluj\u00ed se st\u0159eln\u00fdmi zbran\u011bmi, co\u017e m\u00e1 velmi \u010dasto fat\u00e1ln\u00ed n\u00e1sledky. Podle DSZ &#8211; ZA PR\u00c1VA ZV\u00cd\u0158AT by se tak p\u0159ede\u0161lo mnoh\u00fdm \u0161kod\u00e1m na \u017eivotech nejen zv\u00ed\u0159at, ale i lid\u00ed.<\/p>\n<p><strong>DSZ &#8211; ZA PR\u00c1VA ZV\u00cd\u0158AT<\/strong> uv\u00e1d\u00ed pro \u00faplnost popis skutku od majitelky fenky Dixie pan\u00ed Sabiny Pla\u010dkov\u00e9:<\/p>\n<p><em>&#8222;Ka\u017ed\u00fd, kdo m\u011b znal, znal automaticky i Dixie. Byla nepopirateln\u011b mou sou\u010d\u00e1st\u00ed a st\u00ednem po 10 let. Po deset let st\u00e1la neochv\u011bjn\u011b po m\u00e9m boku a nikdy m\u011b nezklamala.<\/p>\n<p>Milovala lidi a nakonec pr\u00e1v\u011b oni byli d\u016fvodem, pro\u010d p\u0159i\u0161la o \u017eivot. P\u0159i\u0161lo mi mnoho zpr\u00e1v o tom, co se stalo a j\u00e1 bych r\u00e1da vysv\u011btlila situaci.<\/p>\n<p>28.2.2023 jsme se \u0161li spolu proj\u00edt a j\u00e1 jsem netu\u0161ila, \u017ee u\u017e se s n\u00ed nevr\u00e1t\u00edm dom\u016f. \u0160li jsme s p\u0159\u00edtelem na proch\u00e1zku, ostatn\u011b tak, jako ka\u017ed\u00fd den. Pob\u00edhala kolem n\u00e1s, nevzdalovala se, byla to u\u017e d\u00e1ma, a a\u010dkoliv st\u00e1le aktivn\u00ed, tak u\u017e toho moc neub\u011bhla. V\u011bt\u0161ina lid\u00ed, kter\u00fd tenhle p\u0159\u00edb\u011bh zaj\u00edm\u00e1, tak jsou z Darkovic a okol\u00ed, tak\u017ee budou v\u011bd\u011bt o cyklostezce mezi Darkovicemi a V\u0159esinou, kde jsme ten osudn\u00fd ve\u010der \u0161li. Dixie jsem m\u011bla st\u00e1le na o\u010d\u00edch nebo \u0161la p\u00e1r metr\u016f za n\u00e1mi. Byla na volno, poslouchala na my\u0161lenku, znala p\u0159es 80 trik\u016f a byl to dob\u0159e vycvi\u010den\u00fd pes. Byla za mnou zhruba deset metr\u016f, kdy\u017e jsem p\u0159\u00edmo nad hlavou usly\u0161ela v\u00fdst\u0159el\u2026<\/p>\n<p>St\u00e1li jsem t\u00e9m\u011b\u0159 vedle posedu ze kter\u00e9ho se st\u0159\u00edlelo. Kdy\u017e jsem se oto\u010dila, le\u017eela na zemi. (P\u0159ikl\u00e1d\u00e1m mapu, aby bylo z\u0159eteln\u00e9, jak bl\u00edzko to bylo: X &#8211; kde padla, zelen\u00e1 te\u010dka &#8211; my, zakrou\u017ekovan\u00e9 &#8211; posed). I kdy\u017e jsem se v tu chv\u00edli ob\u00e1vala i o vlastn\u00ed \u017eivot, aby nep\u0159i\u0161la druh\u00e1 r\u00e1na, rozb\u011bhla jsem se hned k n\u00ed.<\/p>\n<p>U\u017e ji nebylo pomoci a ten pocit bezmoci nep\u0159eji nikomu. Neum\u011bla se nadechnout, v\u0161ude se rozl\u00e9vala krev, tak stra\u0161n\u011b moc krve. Byla jsem s n\u00ed do posledn\u00edho dechu, hrozn\u011b se tr\u00e1pila. St\u0159elil ji \u0161patn\u011b. K\u0159i\u010dela jsem na n\u011bho, a\u0165 ji ten srab p\u0159ijde aspo\u0148 dost\u0159elit, byla jsem zoufal\u00e1. M\u011bla zran\u011bn\u00ed neslu\u010diteln\u00e1 se \u017eivotem. Pak u\u017e jsem v\u011bd\u011bla, \u017ee marn\u011b, hladila a opakovala jsem ji, \u017ee byla ta nejhodn\u011bj\u0161\u00ed hol\u010di\u010dka, a \u017ee ji miluju a jsem tam s n\u00ed. P\u0159\u00e1la jsem si, aby ka\u017ed\u00fd jej\u00ed n\u00e1dech byl posledn\u00edm, aby to s\u00edp\u00e1n\u00ed p\u0159estalo. Dixie mi zem\u0159ela v n\u00e1ru\u010d\u00ed.<\/p>\n<p>Mezit\u00edm, co mi Dixie krv\u00e1cela pod rukama, tak se pan \u201cmyslivec\u201d, p\u0159es m\u00e9 nal\u00e9h\u00e1n\u00ed, neobt\u011b\u017eoval sej\u00edt dol\u016f. Nejd\u0159\u00edve se pobalil, stihl si zavolat podporu (hospod\u00e1\u0159e, kter\u00fd p\u0159ijel 5 minut pot\u00e9, co Dixie naposledy zatlouklo srd\u00ed\u010dko), zamknout poklop, a a\u017e pak se\u0161el dol\u016f, kdy jeho motorick\u00e9 pohyby nebyly adekv\u00e1tn\u00ed k n\u011bkomu, kdo by m\u011bl m\u00edt u sebe zbra\u0148. P\u0159\u00edtel na n\u011bho \u0159val, kdy\u017e lezl dol\u016f, na co\u017e mu odpov\u011bd\u011bl, \u017ee mu nerozum\u00ed, z \u010deho\u017e dedukuji, \u017ee je nedosl\u00fdchav\u00fd. St\u0159\u00edlel n\u00e1m p\u0159\u00edmo nad hlavami a dle jeho slov si n\u00e1s v\u016fbec nev\u0161iml a pr\u00fd st\u0159\u00edlel na li\u0161ku (Dixie m\u011bla na sob\u011b sv\u011btl\u00fd postroj). Nicm\u00e9n\u011b, my se nebavili potichu, dost nahlas jsme se sm\u00e1li a vtipkovali, musel n\u00e1s sly\u0161et. Ani si neum\u00edm p\u0159edstavit, kam by st\u0159\u00edlel, kdyby cht\u011bl st\u0159elit druhou r\u00e1nu, proto\u017ee j\u00e1 jsem byla v okam\u017eiku u Dixie.<\/p>\n<p>Pak se to v\u0161e seb\u011bhlo hrozn\u011b rychle, p\u0159ijela policie a sepsala to. P\u00e1ni \u201cmyslivci\u201d se to sna\u017eili uhr\u00e1t na to, \u017ee byla od n\u00e1s daleko v poli, co\u017e nen\u00ed v\u016fbec pravda. Pot\u00e9 co zazn\u011bl v\u00fdst\u0159el a j\u00e1 se oto\u010dila, le\u017eela dva metry od cyklostezky, po kter\u00e9<\/em><\/p>\n<p><em>jsme \u0161li i my. Se zran\u011bn\u00edm jak\u00e9 m\u011bla, by neub\u011bhla ani dal\u0161\u00ed dva a jejich tvrzen\u00ed je le\u017e. St\u0159elil ji do hlavy. Na m\u00edst\u011b na n\u00e1s nav\u00edc nal\u00e9hal a\u0165 nikam nevol\u00e1me, \u017ee <\/em><em>se snad n\u011bjak domluv\u00edme. Pro\u010d asi? Sna\u017eil se komunikovat jen ten hospod\u00e1\u0159, myslivec jen ml\u010del. \u017d\u00e1dn\u00e1 slova l\u00edtosti, nebo omluvy.<\/p>\n<p>J\u00e1 se pt\u00e1m, jak je mo\u017en\u00e9, \u017ee myslivec st\u0159\u00edl\u00ed v t\u011bsn\u00e9 bl\u00edzkosti cyklostezky, po kter\u00e9 chod\u00ed b\u011b\u017en\u011b lid\u00e9 a maminky s d\u011btmi. Jak je mo\u017en\u00e9, \u017ee myslivec nepozn\u00e1 psa, kter\u00fd m\u00e1 na sob\u011b nav\u00edc popruhy. Jak je mo\u017en\u00e9 \u017ee \u010dlov\u011bk, kter\u00fd evidentn\u011b nezvl\u00e1d\u00e1 sv\u00e9 motorick\u00e9 pohyby vlastn\u00ed zbrojn\u00ed pr\u016fkaz. V\u017edy\u0165 po t\u00e9 cyklostezce chod\u00ed spoustu lid\u00ed, nechci ani dom\u00fd\u0161let co by se mohlo st\u00e1t, kdybychom byli o n\u011bco bl\u00ed\u017ee a nebo n\u00e1s zas\u00e1hla odra\u017een\u00e1 kulka z kulovnice.<\/p>\n<p>Ozvalo se mi spoustu lid\u00ed a cht\u011bj\u00ed v\u011bd\u011bt co se vlastn\u011b stalo, proto tenhle m\u016fj p\u0159\u00edsp\u011bvek. Nav\u00edc mi n\u011bkte\u0159\u00ed hned v \u00favodu sd\u011blili, \u017ee v\u00ed p\u0159esn\u011b o kter\u00e9ho myslivce se jedn\u00e1, jeliko\u017e s n\u00edm v minulosti m\u011bli tak\u00e9 negativn\u00ed zku\u0161enost, kdy jim verb\u00e1ln\u011b p\u0159i proch\u00e1zce se psem vyhro\u017eoval, \u017ee jim psa zast\u0159el\u00ed.<\/p>\n<p>Kdo p\u016fjde okolo, ur\u010dit\u011b si krvav\u00e9 skvrny v\u0161imne, nebo\u0165 je 2 metry od cyklostezky.<\/p>\n<p>V\u011bc je st\u00e1le v \u0159e\u0161en\u00ed s P\u010cR. A j\u00e1 douf\u00e1m, \u017ee spravedlivost snad st\u00e1le existuje.<\/p>\n<p>Po Dixie zbylo pr\u00e1zdn\u00e9 m\u00edsto, byla milov\u00e1na v\u0161emi, kdo ji poznali. A j\u00e1\u2026 kde jsem nena\u0161la cestu, na\u0161la jsem tepl\u00fd \u010dum\u00e1\u010dek a podanou tlapku, a m\u00e9 srd\u00ed\u010dko u\u017e si na sob\u011b nav\u017edy bude n\u00e9st otisky t\u011bch jej\u00edch.&#8220;<\/em><\/p>\n<p><strong>DSZ &#8211; ZA PR\u00c1VA ZV\u00cd\u0158AT<\/strong> si klade za c\u00edl prosadit d\u016fsledn\u011bj\u0161\u00ed ochranu zv\u00ed\u0159at, \u017eivo\u010dich\u016f, p\u0159\u00edrody, vody, ovzdu\u0161\u00ed, podneb\u00ed, \u017eivotn\u00edho prost\u0159ed\u00ed, ale t\u00e9\u017e v\u011bt\u0161\u00ed pr\u00e1va pro zv\u00ed\u0159ata, resp. jejich v\u011bt\u0161\u00ed pr\u00e1vn\u00ed ochranu.<\/p>\n<p><strong>DSZ &#8211; ZA PR\u00c1VA ZV\u00cd\u0158AT<\/strong> vystupuje proti v\u0161em druh\u016fm t\u00fdr\u00e1n\u00ed zv\u00ed\u0159at \u010di krut\u00e9mu zach\u00e1zen\u00ed s nimi. Odsuzuje ka\u017edou \u010dinnost, kter\u00e1 zp\u016fsobuje utrpen\u00ed zv\u00ed\u0159at.<\/p>\n<p><strong>DSZ &#8211; ZA PR\u00c1VA ZV\u00cd\u0158AT<\/strong> se zasazuje o d\u016fsledn\u011bj\u0161\u00ed ochranu zv\u00ed\u0159at, p\u0159\u00edsn\u011bj\u0161\u00ed tresty za t\u00fdr\u00e1n\u00ed a zlep\u0161en\u00ed podm\u00ednek chovu.<\/p>\n<p><strong>DSZ &#8211; ZA PR\u00c1VA ZV\u00cd\u0158AT<\/strong> je dvac\u00e1tou registrovanou politickou stranou za pr\u00e1va zv\u00ed\u0159at ve sv\u011bt\u011b, resp. \u010cesk\u00e1 republika je dvac\u00e1tou zem\u00ed, ve kter\u00e9 existuje strana zam\u011b\u0159en\u00e1 prim\u00e1rn\u011b na obranu pr\u00e1v zv\u00ed\u0159at.<\/p>\n<p><em><strong>\u0158V DSZ &#8211; ZA PR\u00c1VA ZV\u00cd\u0158AT<\/strong><\/em><\/p>\n<p><em><strong>V Doma\u017elic\u00edch 6. 3. 2023<\/strong><\/em><\/p>\n<p><img decoding=\"async\" loading=\"lazy\" class=\"alignnone size-medium wp-image-14353\" src=\"http:\/\/www.infokuryr.cz\/n\/wp-content\/uploads\/2022\/08\/demokraticka-strana-zelenych-300x172.jpg\" alt=\"\" width=\"300\" height=\"172\" srcset=\"https:\/\/www.infokuryr.cz\/n\/wp-content\/uploads\/2022\/08\/demokraticka-strana-zelenych-300x172.jpg 300w, https:\/\/www.infokuryr.cz\/n\/wp-content\/uploads\/2022\/08\/demokraticka-strana-zelenych-768x441.jpg 768w, https:\/\/www.infokuryr.cz\/n\/wp-content\/uploads\/2022\/08\/demokraticka-strana-zelenych.jpg 838w\" sizes=\"(max-width: 300px) 100vw, 300px\" \/><\/p>\n<p>_____________________________<\/p>\n<p>&nbsp;<\/p>\n<p>&nbsp;<\/p>\n<p><img decoding=\"async\" loading=\"lazy\" class=\"wp-image-19187 aligncenter\" src=\"http:\/\/www.infokuryr.cz\/n\/wp-content\/uploads\/2022\/12\/1-PRO-300x36.jpg\" alt=\"\" width=\"1142\" height=\"137\" srcset=\"https:\/\/www.infokuryr.cz\/n\/wp-content\/uploads\/2022\/12\/1-PRO-300x36.jpg 300w, https:\/\/www.infokuryr.cz\/n\/wp-content\/uploads\/2022\/12\/1-PRO.jpg 699w\" sizes=\"(max-width: 1142px) 100vw, 1142px\" \/><\/p>\n<p>&nbsp;<\/p>\n<p>&nbsp;<\/p>\n<p><img decoding=\"async\" loading=\"lazy\" class=\"wp-image-22607 aligncenter\" src=\"http:\/\/www.infokuryr.cz\/n\/wp-content\/uploads\/2023\/02\/cesko_proti_bide-239x300.png\" alt=\"\" width=\"758\" height=\"951\" srcset=\"https:\/\/www.infokuryr.cz\/n\/wp-content\/uploads\/2023\/02\/cesko_proti_bide-239x300.png 239w, https:\/\/www.infokuryr.cz\/n\/wp-content\/uploads\/2023\/02\/cesko_proti_bide-816x1024.png 816w, https:\/\/www.infokuryr.cz\/n\/wp-content\/uploads\/2023\/02\/cesko_proti_bide-768x964.png 768w, https:\/\/www.infokuryr.cz\/n\/wp-content\/uploads\/2023\/02\/cesko_proti_bide.png 846w\" sizes=\"(max-width: 758px) 100vw, 758px\" \/><\/p>\n<p>&nbsp;<\/p>\n<p>&nbsp;<\/p>\n<p>&nbsp;<\/p>\n","protected":false},"excerpt":{"rendered":"<p>Demokratick\u00e1 strana zelen\u00fdch &#8211; ZA PR\u00c1VA ZV\u00cd\u0158AT je pobou\u0159ena jedn\u00e1n\u00edm myslivce, kter\u00fd 28. \u00fanora t.r&#8230;.<\/p>\n","protected":false},"author":2,"featured_media":14353,"comment_status":"closed","ping_status":"closed","sticky":false,"template":"","format":"standard","meta":[],"categories":[6],"tags":[1140,86,811],"_links":{"self":[{"href":"https:\/\/www.infokuryr.cz\/n\/wp-json\/wp\/v2\/posts\/24017"}],"collection":[{"href":"https:\/\/www.infokuryr.cz\/n\/wp-json\/wp\/v2\/posts"}],"about":[{"href":"https:\/\/www.infokuryr.cz\/n\/wp-json\/wp\/v2\/types\/post"}],"author":[{"embeddable":true,"href":"https:\/\/www.infokuryr.cz\/n\/wp-json\/wp\/v2\/users\/2"}],"replies":[{"embeddable":true,"href":"https:\/\/www.infokuryr.cz\/n\/wp-json\/wp\/v2\/comments?post=24017"}],"version-history":[{"count":1,"href":"https:\/\/www.infokuryr.cz\/n\/wp-json\/wp\/v2\/posts\/24017\/revisions"}],"predecessor-version":[{"id":24018,"href":"https:\/\/www.infokuryr.cz\/n\/wp-json\/wp\/v2\/posts\/24017\/revisions\/24018"}],"wp:featuredmedia":[{"embeddable":true,"href":"https:\/\/www.infokuryr.cz\/n\/wp-json\/wp\/v2\/media\/14353"}],"wp:attachment":[{"href":"https:\/\/www.infokuryr.cz\/n\/wp-json\/wp\/v2\/media?parent=24017"}],"wp:term":[{"taxonomy":"category","embeddable":true,"href":"https:\/\/www.infokuryr.cz\/n\/wp-json\/wp\/v2\/categories?post=24017"},{"taxonomy":"post_tag","embeddable":true,"href":"https:\/\/www.infokuryr.cz\/n\/wp-json\/wp\/v2\/tags?post=24017"}],"curies":[{"name":"wp","href":"https:\/\/api.w.org\/{rel}","templated":true}]}}