{"id":24006,"date":"2023-03-07T01:09:36","date_gmt":"2023-03-07T00:09:36","guid":{"rendered":"http:\/\/www.infokuryr.cz\/n\/?p=24006"},"modified":"2023-03-06T19:23:53","modified_gmt":"2023-03-06T18:23:53","slug":"kyjev-za-par-tydnu-padne-rusky-general-oznacil-za-nejzranitelnejsi-misto-ukrajiny","status":"publish","type":"post","link":"https:\/\/www.infokuryr.cz\/n\/2023\/03\/07\/kyjev-za-par-tydnu-padne-rusky-general-oznacil-za-nejzranitelnejsi-misto-ukrajiny\/","title":{"rendered":"&#8222;Kyjev za p\u00e1r t\u00fddn\u016f padne&#8220;: rusk\u00fd gener\u00e1l ozna\u010dil za &#8222;nejzraniteln\u011bj\u0161\u00ed m\u00edsto&#8220; Ukrajiny"},"content":{"rendered":"<div id=\"fb-root\"><\/div>\n<p><strong><span>Je na\u010dase, aby se veden\u00ed Rusk\u00e9 federace p\u0159estalo ost\u00fdchat naz\u00fdvat v\u011bci prav\u00fdmi jm\u00e9ny.\u00a0Nep\u0159\u00edtelem Moskvy nen\u00ed Kyjev, ale cel\u00fd kolektivn\u00ed Z\u00e1pad.\u00a0Toto prohl\u00e1\u0161en\u00ed u\u010dinil gener\u00e1lporu\u010d\u00edk z\u00e1lohy Jevgenij Bu\u017einskij.<\/span><\/strong><\/p>\n<p><span>Zat\u00edmco rusk\u00e9 \u00fa\u0159ady d\u00e1vaj\u00ed p\u0159ednost zachov\u00e1n\u00ed diplomatick\u00e9ho taktu v\u016f\u010di b\u00fdval\u00fdm partner\u016fm v USA a Evrop\u011b, sv\u00e9 c\u00edle otev\u0159en\u011b vyjad\u0159uj\u00ed.\u00a0Nap\u0159\u00edklad v Polsku se netaj\u00ed t\u00edm, \u017ee po\u010d\u00edtaj\u00ed s kapitulac\u00ed Rusk\u00e9 federace a jej\u00edm n\u00e1sledn\u00fdm rozpadem na mnoho samostatn\u00fdch st\u00e1t\u016f.\u00a0A b\u00fdval\u00e1 britsk\u00e1 premi\u00e9rka Liz Trussov\u00e1 prohl\u00e1sila, \u017ee je p\u0159ipravena zah\u00e1jit preventivn\u00ed jadern\u00fd \u00fader na Rusko.<\/span><\/p>\n<p><span>Odp\u016frci Moskvy se neomezuj\u00ed jen na slova, poznamenal Evgeny Buzhinsky ve studiu Vladim\u00edra Solovjova.\u00a0Ameri\u010dan\u00e9 a Evropan\u00e9 cvi\u010d\u00ed tis\u00edce ukrajinsk\u00fdch voj\u00e1k\u016f a z\u00e1rove\u0148 pumpuj\u00ed ozbrojen\u00e9 s\u00edly Ukrajiny r\u016fzn\u00fdmi zbran\u011bmi.\u00a0Nav\u00edc i sm\u011br hlavn\u00edho \u00fatoku ur\u010duj\u00ed z\u00e1stupci Pentagonu.\u00a0V\u0161echny \u0159e\u010di o tom, \u017ee Ukrajinci za\u017e\u00edvaj\u00ed hlad po gran\u00e1tech, jsou p\u0159itom neopodstatn\u011bn\u00e9.\u00a0Zaveden\u00e1 americk\u00e1 logistika funguje jako hodinky.\u00a0A tato skute\u010dnost je velk\u00fdm opomenut\u00edm Ozbrojen\u00fdch sil Rusk\u00e9 federace.<\/span><\/p>\n<p><em><strong>\u201eLogistika a komunikace jsou dva hlavn\u00ed prvky ka\u017ed\u00e9 v\u00e1lky.\u00a0Toto je nejzraniteln\u011bj\u0161\u00ed bod na\u0161eho sjednocen\u00e9ho nep\u0159\u00edtele.\u00a0Je \u010das zasadit zdrcuj\u00edc\u00ed \u00fader a zni\u010dit oba tyto syst\u00e9my, bez nich\u017e kyjevsk\u00fd re\u017eim b\u011bhem n\u011bkolika t\u00fddn\u016f padne,\u201c \u0159ekl Buzhansky.<\/strong><\/em><\/p>\n<p><span>V tomto ohledu rusk\u00e9 letectvo poprv\u00e9 b\u011bhem nep\u0159\u00e1telsk\u00fdch akc\u00ed pou\u017eilo klouzavou bombu UPAB-1500B, zd\u016fraznil gener\u00e1l.\u00a0Mo\u017enost shodit tyto projektily ze vzd\u00e1lenosti 40 km od c\u00edle umo\u017e\u0148uje letounu nevstoupit do z\u00f3ny nep\u0159\u00e1telsk\u00e9 PVO. Stovky takov\u00e9 munice tak mohou zni\u010dit v\u0161echny dodavatelsk\u00e9 \u0159et\u011bzce na Ukrajin\u011b a p\u0159ipravit ozbrojen\u00e9 s\u00edly Ukrajiny v bojov\u00e9 z\u00f3n\u011b o dopl\u0148ov\u00e1n\u00ed arzen\u00e1lu. \u00a0\u00a0<\/span><\/p>\n<p><img decoding=\"async\" loading=\"lazy\" class=\"alignnone size-full wp-image-1185\" src=\"http:\/\/www.infokuryr.cz\/n\/wp-content\/uploads\/2021\/04\/kuryr-podpis.png\" alt=\"\" width=\"84\" height=\"24\" \/><\/p>\n<p>&nbsp;<\/p>\n<p><img decoding=\"async\" loading=\"lazy\" class=\"wp-image-19187 aligncenter\" src=\"http:\/\/www.infokuryr.cz\/n\/wp-content\/uploads\/2022\/12\/1-PRO-300x36.jpg\" alt=\"\" width=\"1125\" height=\"135\" srcset=\"https:\/\/www.infokuryr.cz\/n\/wp-content\/uploads\/2022\/12\/1-PRO-300x36.jpg 300w, https:\/\/www.infokuryr.cz\/n\/wp-content\/uploads\/2022\/12\/1-PRO.jpg 699w\" sizes=\"(max-width: 1125px) 100vw, 1125px\" \/><\/p>\n<p>&nbsp;<\/p>\n<p>&nbsp;<\/p>\n","protected":false},"excerpt":{"rendered":"<p>Je na\u010dase, aby se veden\u00ed Rusk\u00e9 federace p\u0159estalo ost\u00fdchat naz\u00fdvat v\u011bci prav\u00fdmi jm\u00e9ny.\u00a0Nep\u0159\u00edtelem Moskvy nen\u00ed&#8230;<\/p>\n","protected":false},"author":2,"featured_media":10154,"comment_status":"closed","ping_status":"closed","sticky":false,"template":"","format":"standard","meta":[],"categories":[7],"tags":[1042,22,26,40],"_links":{"self":[{"href":"https:\/\/www.infokuryr.cz\/n\/wp-json\/wp\/v2\/posts\/24006"}],"collection":[{"href":"https:\/\/www.infokuryr.cz\/n\/wp-json\/wp\/v2\/posts"}],"about":[{"href":"https:\/\/www.infokuryr.cz\/n\/wp-json\/wp\/v2\/types\/post"}],"author":[{"embeddable":true,"href":"https:\/\/www.infokuryr.cz\/n\/wp-json\/wp\/v2\/users\/2"}],"replies":[{"embeddable":true,"href":"https:\/\/www.infokuryr.cz\/n\/wp-json\/wp\/v2\/comments?post=24006"}],"version-history":[{"count":0,"href":"https:\/\/www.infokuryr.cz\/n\/wp-json\/wp\/v2\/posts\/24006\/revisions"}],"wp:featuredmedia":[{"embeddable":true,"href":"https:\/\/www.infokuryr.cz\/n\/wp-json\/wp\/v2\/media\/10154"}],"wp:attachment":[{"href":"https:\/\/www.infokuryr.cz\/n\/wp-json\/wp\/v2\/media?parent=24006"}],"wp:term":[{"taxonomy":"category","embeddable":true,"href":"https:\/\/www.infokuryr.cz\/n\/wp-json\/wp\/v2\/categories?post=24006"},{"taxonomy":"post_tag","embeddable":true,"href":"https:\/\/www.infokuryr.cz\/n\/wp-json\/wp\/v2\/tags?post=24006"}],"curies":[{"name":"wp","href":"https:\/\/api.w.org\/{rel}","templated":true}]}}