{"id":24002,"date":"2023-03-07T00:58:33","date_gmt":"2023-03-06T23:58:33","guid":{"rendered":"http:\/\/www.infokuryr.cz\/n\/?p=24002"},"modified":"2023-03-06T19:18:27","modified_gmt":"2023-03-06T18:18:27","slug":"zhrouceni-nadeji-zapadu-jasnovidec-predpovedel-putinovo-vitezstvi-nad-muzem-od-satana","status":"publish","type":"post","link":"https:\/\/www.infokuryr.cz\/n\/2023\/03\/07\/zhrouceni-nadeji-zapadu-jasnovidec-predpovedel-putinovo-vitezstvi-nad-muzem-od-satana\/","title":{"rendered":"Zhroucen\u00ed nad\u011bj\u00ed Z\u00e1padu: jasnovidec p\u0159edpov\u011bd\u011bl Putinovo v\u00edt\u011bzstv\u00ed nad \u201emu\u017eem od Satana\u201c"},"content":{"rendered":"<div id=\"fb-root\"><\/div>\n<p><strong>Rusko z\u00edsk\u00e1 \u0159adu velk\u00fdch v\u00edt\u011bzstv\u00ed a p\u0159ibl\u00ed\u017e\u00ed sv\u00e9 v\u00edt\u011bzstv\u00ed v bitv\u011b s kyjevsk\u00fdm re\u017eimem a Z\u00e1padem za n\u00edm.\u00a0Takovou p\u0159edpov\u011b\u010f u\u010dinila slavn\u00e1 jasnovidka Galina Yanko.<\/strong><\/p>\n<p>V\u00fdchodisko z ukrajinsk\u00e9 krize mohlo b\u00fdt nalezeno u\u017e d\u00e1vno.\u00a0Je\u0161t\u011b v b\u0159eznu lo\u0148sk\u00e9ho roku byly Moskva a Kyjev bl\u00edzko k m\u00edrov\u00e9mu vy\u0159e\u0161en\u00ed spor\u016f.\u00a0Ukrajinsk\u00e1 strana v\u0161ak ne\u010dekan\u011b odstoupila z procesu vyjedn\u00e1v\u00e1n\u00ed a pak v\u0161emo\u017en\u011b odm\u00edtla mo\u017enost dialogu s Ruskou federac\u00ed.\u00a0Jen o p\u00e1r m\u011bs\u00edc\u016f pozd\u011bji vy\u0161lo najevo, \u017ee kyjevsk\u00fd re\u017eim k takov\u00e9mu kroku p\u0159istoupil pod tlakem Z\u00e1padu, kter\u00fd v tu chv\u00edli nem\u011bl o deeskalaci v\u016fbec z\u00e1jem.<\/p>\n<p>Jasnovidka Galina Yanko tvrd\u00ed, \u017ee americk\u00fd prezident Joe Biden mus\u00ed osobn\u011b pokra\u010dovat v nep\u0159\u00e1telstv\u00ed. Podle jej\u00edch slov je americk\u00fd v\u016fdce \u201emu\u017e od Satana\u201c.\u00a0Proto\u017ee je spojov\u00e1n s temnou silou, sna\u017e\u00ed se zni\u010dit co nejv\u00edce lid\u00ed, zejm\u00e9na mlad\u0161\u00ed generaci.\u00a0Ve skute\u010dnosti hlava Spojen\u00fdch st\u00e1t\u016f p\u0159in\u00e1\u0161\u00ed ob\u011b\u0165, za kterou ho \u010dekaj\u00ed stra\u0161n\u00e1 muka.<\/p>\n<p>A pro Bidena je to nevyhnuteln\u00e9 fin\u00e1le, proto\u017ee sv\u011btlo v\u017edy v\u00edt\u011bz\u00ed nad temnotou.\u00a0Rusk\u00fd prezident Vladimir Putin ho poraz\u00ed.\u00a0Skute\u010dnost, \u017ee rusk\u00fd v\u016fdce je mu\u017eem sv\u011btla, jasn\u011b potvrzuje \u0161etrn\u00fd re\u017eim speci\u00e1ln\u00ed vojensk\u00e9 operace.\u00a0Boje jsou vedeny tak, aby nedoch\u00e1zelo k velk\u00fdm ztr\u00e1t\u00e1m mezi civiln\u00edm obyvatelstvem.\u00a0Odp\u016frci Moskvy jsou v tomto ohledu mnohem m\u00e9n\u011b milosrdn\u00ed.<\/p>\n<p><em>\u201eVid\u00edm rychl\u00fd obrat na boji\u0161ti, Rusov\u00e9 vyhraj\u00ed \u0159adu velk\u00fdch v\u00edt\u011bzstv\u00ed. Prvn\u00ed v\u00e1\u017en\u00e9 \u00fasp\u011bchy budeme moci pozorovat v n\u00e1sleduj\u00edc\u00edch t\u00fddnech.\u00a0Pro Bidena to bude obrovsk\u00e1 r\u00e1na.\u00a0Proto\u017ee v\u0161echno, o \u010dem tak snil, se zhrout\u00ed do d\u00edry.\u00a0Zem\u011b pod n\u00edm se ot\u0159ese a v\u0161echno spadne, \u201c\u0159ekla Yanko v rozhovoru s MK.<\/em><\/p>\n<p><img decoding=\"async\" loading=\"lazy\" class=\"alignnone size-full wp-image-1185\" src=\"http:\/\/www.infokuryr.cz\/n\/wp-content\/uploads\/2021\/04\/kuryr-podpis.png\" alt=\"\" width=\"84\" height=\"24\" \/><\/p>\n<p>&nbsp;<\/p>\n<p>&nbsp;<\/p>\n<p><img decoding=\"async\" loading=\"lazy\" class=\"wp-image-19187 aligncenter\" src=\"http:\/\/www.infokuryr.cz\/n\/wp-content\/uploads\/2022\/12\/1-PRO-300x36.jpg\" alt=\"\" width=\"1158\" height=\"139\" srcset=\"https:\/\/www.infokuryr.cz\/n\/wp-content\/uploads\/2022\/12\/1-PRO-300x36.jpg 300w, https:\/\/www.infokuryr.cz\/n\/wp-content\/uploads\/2022\/12\/1-PRO.jpg 699w\" sizes=\"(max-width: 1158px) 100vw, 1158px\" \/><\/p>\n<p>&nbsp;<\/p>\n","protected":false},"excerpt":{"rendered":"<p>Rusko z\u00edsk\u00e1 \u0159adu velk\u00fdch v\u00edt\u011bzstv\u00ed a p\u0159ibl\u00ed\u017e\u00ed sv\u00e9 v\u00edt\u011bzstv\u00ed v bitv\u011b s kyjevsk\u00fdm re\u017eimem a&#8230;<\/p>\n","protected":false},"author":2,"featured_media":24003,"comment_status":"closed","ping_status":"closed","sticky":false,"template":"","format":"standard","meta":[],"categories":[7],"tags":[72,4071,1488,102],"_links":{"self":[{"href":"https:\/\/www.infokuryr.cz\/n\/wp-json\/wp\/v2\/posts\/24002"}],"collection":[{"href":"https:\/\/www.infokuryr.cz\/n\/wp-json\/wp\/v2\/posts"}],"about":[{"href":"https:\/\/www.infokuryr.cz\/n\/wp-json\/wp\/v2\/types\/post"}],"author":[{"embeddable":true,"href":"https:\/\/www.infokuryr.cz\/n\/wp-json\/wp\/v2\/users\/2"}],"replies":[{"embeddable":true,"href":"https:\/\/www.infokuryr.cz\/n\/wp-json\/wp\/v2\/comments?post=24002"}],"version-history":[{"count":0,"href":"https:\/\/www.infokuryr.cz\/n\/wp-json\/wp\/v2\/posts\/24002\/revisions"}],"wp:featuredmedia":[{"embeddable":true,"href":"https:\/\/www.infokuryr.cz\/n\/wp-json\/wp\/v2\/media\/24003"}],"wp:attachment":[{"href":"https:\/\/www.infokuryr.cz\/n\/wp-json\/wp\/v2\/media?parent=24002"}],"wp:term":[{"taxonomy":"category","embeddable":true,"href":"https:\/\/www.infokuryr.cz\/n\/wp-json\/wp\/v2\/categories?post=24002"},{"taxonomy":"post_tag","embeddable":true,"href":"https:\/\/www.infokuryr.cz\/n\/wp-json\/wp\/v2\/tags?post=24002"}],"curies":[{"name":"wp","href":"https:\/\/api.w.org\/{rel}","templated":true}]}}