{"id":24001,"date":"2023-03-07T01:08:28","date_gmt":"2023-03-07T00:08:28","guid":{"rendered":"http:\/\/www.infokuryr.cz\/n\/?p=24001"},"modified":"2023-03-06T16:14:16","modified_gmt":"2023-03-06T15:14:16","slug":"japonsko-vyjadrilo-znepokojeni-ohledne-zvyseni-obranneho-rozpoctu-ciny","status":"publish","type":"post","link":"https:\/\/www.infokuryr.cz\/n\/2023\/03\/07\/japonsko-vyjadrilo-znepokojeni-ohledne-zvyseni-obranneho-rozpoctu-ciny\/","title":{"rendered":"Japonsko vyj\u00e1d\u0159ilo znepokojen\u00ed ohledn\u011b zv\u00fd\u0161en\u00ed obrann\u00e9ho rozpo\u010dtu \u010c\u00edny"},"content":{"rendered":"<div id=\"fb-root\"><\/div>\n<p><strong>Gener\u00e1ln\u00ed tajemn\u00edk kabinetu ministr\u016f Japonska Hirokazu Macuno prohl\u00e1sil 6. b\u0159ezna, \u017ee pl\u00e1ny \u010c\u00edny na zv\u00fd\u0161en\u00ed obrann\u00e9ho rozpo\u010dtu a celkov\u00e9ho roz\u0161\u00ed\u0159en\u00ed vojensk\u00e9 aktivity zem\u011b v regionu vzbuzuj\u00ed v\u00e1\u017en\u00e9 znepokojen\u00ed Tokia a sv\u011btov\u00e9ho spole\u010denstv\u00ed.<\/strong><\/p>\n<p>\u010c\u00edna d\u016fsledn\u011b a rychl\u00fdmi tempy zvy\u0161uje obrann\u00e9 v\u00fddaje, aktivn\u011b posiluje vojenskou moc bez p\u0159\u00edslu\u0161n\u00e9 pr\u016fhlednosti t\u011bchto akc\u00ed. Tyto aktivity \u010c\u00edny jsou p\u0159\u00ed\u010dinou obrovsk\u00e9ho znepokojen\u00ed na\u0161\u00ed zem\u011b a cel\u00e9ho sv\u011btov\u00e9ho spole\u010denstv\u00ed,\u201d \u0159ekl na pravideln\u00e9 tiskov\u00e9 konferenci.<\/p>\n<p>Macuno rovn\u011b\u017e zkritizoval akce \u010c\u00edny v Jiho\u010d\u00ednsk\u00e9m a V\u00fdchodo\u010d\u00ednsk\u00e9m mo\u0159i. Vojensk\u00e1 aktivnost Pekingu v dan\u00e9m regionu je, podle jeho n\u00e1zoru, v\u00fdzvou nev\u00eddan\u00e9 \u00farovn\u011b, na kterou m\u00e1 Japonsko reagovat spolu se spojeneck\u00fdmi st\u00e1ty.<\/p>\n<p>V\u010dera byla zve\u0159ejn\u011bna zpr\u00e1va, \u017ee \u010d\u00ednsk\u00fd vojensk\u00fd rozpo\u010det bude v roce 2023 zv\u00fd\u0161en o 7,2% na 1 553,7 miliardy j\u00fcan\u016f (asi 224,8 miliardy dolar\u016f). P\u0159\u00edslu\u0161n\u00e1 informace je obsa\u017eena v n\u00e1vrhu rozpo\u010dtu p\u0159edstaven\u00e9ho na zah\u00e1jen\u00ed v\u00fdro\u010dn\u00edho zased\u00e1n\u00ed V\u0161e\u010d\u00ednsk\u00e9ho shrom\u00e1\u017ed\u011bn\u00ed lidov\u00fdch z\u00e1stupc\u016f.<\/p>\n<p>Mluv\u010d\u00ed 1. zased\u00e1n\u00ed 14. Shrom\u00e1\u017ed\u011bn\u00ed lidov\u00fdch z\u00e1stupc\u016f Wang Chao sd\u011blil 4. b\u0159ezna, \u017ee se zv\u00fd\u0161en\u00ed obrann\u00e9ho rozpo\u010dtu \u010c\u00edny vysv\u011btluje nutnost\u00ed reakce na slo\u017eit\u00e9 v\u00fdzvy v sf\u00e9\u0159e bezpe\u010dnosti. Pod\u00edl vojensk\u00fdch v\u00fddaj\u016f z\u016fst\u00e1v\u00e1, podle jeho slov, po dlouh\u00e1 l\u00e9ta \u201ev\u011bt\u0161inou stabiln\u00ed.\u201d<\/p>\n<p><img decoding=\"async\" loading=\"lazy\" class=\"alignnone size-full wp-image-1185\" src=\"http:\/\/www.infokuryr.cz\/n\/wp-content\/uploads\/2021\/04\/kuryr-podpis.png\" alt=\"\" width=\"84\" height=\"24\" \/><\/p>\n<p>&nbsp;<\/p>\n<p>&nbsp;<\/p>\n<p><img decoding=\"async\" loading=\"lazy\" class=\"wp-image-19187 aligncenter\" src=\"http:\/\/www.infokuryr.cz\/n\/wp-content\/uploads\/2022\/12\/1-PRO-300x36.jpg\" alt=\"\" width=\"1142\" height=\"137\" srcset=\"https:\/\/www.infokuryr.cz\/n\/wp-content\/uploads\/2022\/12\/1-PRO-300x36.jpg 300w, https:\/\/www.infokuryr.cz\/n\/wp-content\/uploads\/2022\/12\/1-PRO.jpg 699w\" sizes=\"(max-width: 1142px) 100vw, 1142px\" \/><\/p>\n<p>&nbsp;<\/p>\n<p>&nbsp;<\/p>\n","protected":false},"excerpt":{"rendered":"<p>Gener\u00e1ln\u00ed tajemn\u00edk kabinetu ministr\u016f Japonska Hirokazu Macuno prohl\u00e1sil 6. b\u0159ezna, \u017ee pl\u00e1ny \u010c\u00edny na zv\u00fd\u0161en\u00ed&#8230;<\/p>\n","protected":false},"author":2,"featured_media":9013,"comment_status":"closed","ping_status":"closed","sticky":false,"template":"","format":"standard","meta":[],"categories":[7],"tags":[30,105,338],"_links":{"self":[{"href":"https:\/\/www.infokuryr.cz\/n\/wp-json\/wp\/v2\/posts\/24001"}],"collection":[{"href":"https:\/\/www.infokuryr.cz\/n\/wp-json\/wp\/v2\/posts"}],"about":[{"href":"https:\/\/www.infokuryr.cz\/n\/wp-json\/wp\/v2\/types\/post"}],"author":[{"embeddable":true,"href":"https:\/\/www.infokuryr.cz\/n\/wp-json\/wp\/v2\/users\/2"}],"replies":[{"embeddable":true,"href":"https:\/\/www.infokuryr.cz\/n\/wp-json\/wp\/v2\/comments?post=24001"}],"version-history":[{"count":0,"href":"https:\/\/www.infokuryr.cz\/n\/wp-json\/wp\/v2\/posts\/24001\/revisions"}],"wp:featuredmedia":[{"embeddable":true,"href":"https:\/\/www.infokuryr.cz\/n\/wp-json\/wp\/v2\/media\/9013"}],"wp:attachment":[{"href":"https:\/\/www.infokuryr.cz\/n\/wp-json\/wp\/v2\/media?parent=24001"}],"wp:term":[{"taxonomy":"category","embeddable":true,"href":"https:\/\/www.infokuryr.cz\/n\/wp-json\/wp\/v2\/categories?post=24001"},{"taxonomy":"post_tag","embeddable":true,"href":"https:\/\/www.infokuryr.cz\/n\/wp-json\/wp\/v2\/tags?post=24001"}],"curies":[{"name":"wp","href":"https:\/\/api.w.org\/{rel}","templated":true}]}}