{"id":24000,"date":"2023-03-07T01:07:31","date_gmt":"2023-03-07T00:07:31","guid":{"rendered":"http:\/\/www.infokuryr.cz\/n\/?p=24000"},"modified":"2023-03-06T16:06:42","modified_gmt":"2023-03-06T15:06:42","slug":"v-obklicenem-artomovsku-zustalo-asi-10-tisic-vojaku-osu","status":"publish","type":"post","link":"https:\/\/www.infokuryr.cz\/n\/2023\/03\/07\/v-obklicenem-artomovsku-zustalo-asi-10-tisic-vojaku-osu\/","title":{"rendered":"V obkl\u00ed\u010den\u00e9m Ar\u0165omovsku z\u016fstalo asi 10 tis\u00edc voj\u00e1k\u016f OSU"},"content":{"rendered":"<div id=\"fb-root\"><\/div>\n<p><strong>V obkl\u00ed\u010den\u00e9m Ar\u0165omovsku z\u016fstalo asi deset tis\u00edc ukrajinsk\u00fdch voj\u00e1k\u016f, \u0159ekl poradce hlavy Don\u011bck\u00e9 lidov\u00e9 republiky Jan Gagin v po\u0159adu televize Rossija.<\/strong><\/p>\n<p>\u201eDnes se v Artjomovsku nach\u00e1z\u00ed dost velk\u00e1 pos\u00e1dka, asi deset tis\u00edc lid\u00ed, mo\u017en\u00e1 i v\u00edc. N\u011bkter\u00e9 jednotky ho opustily, dal\u0161\u00ed se o to sna\u017e\u00ed. Na\u0161e d\u011blost\u0159electvo se tomu sna\u017e\u00ed zabr\u00e1nit,\u201d \u0159ekl.<\/p>\n<p>Z\u00e1stupce DLR poznamenal, \u017ee rusk\u00e9 s\u00edly kontroluj\u00ed v\u0161echny cesty do m\u011bsta, proto je doprava munice a voj\u00e1k\u016f pro OSU \u201eproblematick\u00e1 a nebezpe\u010dn\u00e1.\u201d<\/p>\n<p>\u201eNen\u00ed vylou\u010deno, \u017ee dojde k pokus\u016fm o proniknut\u00ed do Artjomovska, aby dopravili je\u0161t\u011b n\u011bco, munice. Dojde tak\u00e9 k pokus\u016fm o prolomen\u00ed obkl\u00ed\u010den\u00ed, v boji, aby se dostali do \u010casov\u00e9ho Jaru,\u201d p\u0159edpokl\u00e1d\u00e1 Gagin.<\/p>\n<p>V tomto m\u00edst\u011b vznikl, podle jeho slov, \u201eprakticky nov\u00fd kotel, kter\u00fd se d\u00e1 srovnat s Debalcevsk\u00fdm a dal\u0161\u00edmi, v kter\u00fdch se p\u0159edt\u00edm \u201eva\u0159ily\u201d ukrajinsk\u00e9 ozbrojen\u00e9 s\u00edly.\u201d<\/p>\n<p><img decoding=\"async\" loading=\"lazy\" class=\"alignnone size-full wp-image-1185\" src=\"http:\/\/www.infokuryr.cz\/n\/wp-content\/uploads\/2021\/04\/kuryr-podpis.png\" alt=\"\" width=\"84\" height=\"24\" \/><\/p>\n<p>&nbsp;<\/p>\n<p>&nbsp;<\/p>\n<p><img decoding=\"async\" loading=\"lazy\" class=\"alignnone  wp-image-19187\" src=\"http:\/\/www.infokuryr.cz\/n\/wp-content\/uploads\/2022\/12\/1-PRO-300x36.jpg\" alt=\"\" width=\"1150\" height=\"138\" srcset=\"https:\/\/www.infokuryr.cz\/n\/wp-content\/uploads\/2022\/12\/1-PRO-300x36.jpg 300w, https:\/\/www.infokuryr.cz\/n\/wp-content\/uploads\/2022\/12\/1-PRO.jpg 699w\" sizes=\"(max-width: 1150px) 100vw, 1150px\" \/><\/p>\n<p>&nbsp;<\/p>\n<p>&nbsp;<\/p>\n","protected":false},"excerpt":{"rendered":"<p>V obkl\u00ed\u010den\u00e9m Ar\u0165omovsku z\u016fstalo asi deset tis\u00edc ukrajinsk\u00fdch voj\u00e1k\u016f, \u0159ekl poradce hlavy Don\u011bck\u00e9 lidov\u00e9 republiky&#8230;<\/p>\n","protected":false},"author":2,"featured_media":22670,"comment_status":"closed","ping_status":"closed","sticky":false,"template":"","format":"standard","meta":[],"categories":[7],"tags":[2698,26,321],"_links":{"self":[{"href":"https:\/\/www.infokuryr.cz\/n\/wp-json\/wp\/v2\/posts\/24000"}],"collection":[{"href":"https:\/\/www.infokuryr.cz\/n\/wp-json\/wp\/v2\/posts"}],"about":[{"href":"https:\/\/www.infokuryr.cz\/n\/wp-json\/wp\/v2\/types\/post"}],"author":[{"embeddable":true,"href":"https:\/\/www.infokuryr.cz\/n\/wp-json\/wp\/v2\/users\/2"}],"replies":[{"embeddable":true,"href":"https:\/\/www.infokuryr.cz\/n\/wp-json\/wp\/v2\/comments?post=24000"}],"version-history":[{"count":0,"href":"https:\/\/www.infokuryr.cz\/n\/wp-json\/wp\/v2\/posts\/24000\/revisions"}],"wp:featuredmedia":[{"embeddable":true,"href":"https:\/\/www.infokuryr.cz\/n\/wp-json\/wp\/v2\/media\/22670"}],"wp:attachment":[{"href":"https:\/\/www.infokuryr.cz\/n\/wp-json\/wp\/v2\/media?parent=24000"}],"wp:term":[{"taxonomy":"category","embeddable":true,"href":"https:\/\/www.infokuryr.cz\/n\/wp-json\/wp\/v2\/categories?post=24000"},{"taxonomy":"post_tag","embeddable":true,"href":"https:\/\/www.infokuryr.cz\/n\/wp-json\/wp\/v2\/tags?post=24000"}],"curies":[{"name":"wp","href":"https:\/\/api.w.org\/{rel}","templated":true}]}}