{"id":23998,"date":"2023-03-07T01:06:29","date_gmt":"2023-03-07T00:06:29","guid":{"rendered":"http:\/\/www.infokuryr.cz\/n\/?p=23998"},"modified":"2023-03-06T16:00:41","modified_gmt":"2023-03-06T15:00:41","slug":"tisice-farmaru-blokuji-silnice-v-bruselu-proti-dusikove-politice","status":"publish","type":"post","link":"https:\/\/www.infokuryr.cz\/n\/2023\/03\/07\/tisice-farmaru-blokuji-silnice-v-bruselu-proti-dusikove-politice\/","title":{"rendered":"Tis\u00edce farm\u00e1\u0159\u016f blokuj\u00ed silnice v Bruselu proti dus\u00edkov\u00e9 politice"},"content":{"rendered":"<div id=\"fb-root\"><\/div>\n<p class=\"ingress\"><strong>V\u00edce ne\u017e 2500 farm\u00e1\u0159\u016f z belgick\u00e9ho nizozemsk\u00e9ho regionu Flandry se shrom\u00e1\u017edilo na bruselsk\u00e9 centr\u00e1ln\u00ed ulici Arts-Loi a zablokovalo silnice s traktory sm\u011brem k Bruselu na protest proti pl\u00e1nu region\u00e1ln\u00ed vl\u00e1dy omezit emise dus\u00edku.<\/strong><\/p>\n<div class=\"post-content\">\n<p><span>Evropsk\u00e1 komise neuvolnila finan\u010dn\u00ed prost\u0159edky zem\u011bd\u011blc\u016fm v regionu v r\u00e1mci Spole\u010dn\u00e9 zem\u011bd\u011blsk\u00e9 politiky EU, proto\u017ee se j\u00ed nezd\u00e1la dostate\u010dn\u00e1 reduk\u010dn\u00ed opat\u0159en\u00ed krajsk\u00e9 vl\u00e1dy.<\/span><\/p>\n<h2><span>Opakov\u00e1n\u00ed dus\u00edkov\u00e9ho podvodu<\/span><\/h2>\n<p><span>Rozzloben\u00ed\u00a0<\/span><a href=\"https:\/\/www.redonzeboeren.be\/\"><span>farm\u00e1\u0159i<\/span><\/a><span>\u00a0protestovali proti pl\u00e1nu flandersk\u00e9 region\u00e1ln\u00ed vl\u00e1dy omezit emise dus\u00edku do roku 2025 a nesli transparenty s n\u00e1pisem: &#8222;\u017d\u00e1dn\u00ed farm\u00e1\u0159i, \u017e\u00e1dn\u00e9 j\u00eddlo a \u017e\u00e1dn\u00e1 budoucnost.&#8220;<\/span><\/p>\n<p><span>Pokud vl\u00e1msk\u00e1 ministryn\u011b \u017eivotn\u00edho prost\u0159ed\u00ed Zuhal Demir (N-VA) dos\u00e1hne sv\u00e9ho zelen\u00e9ho extremismu, budou muset zav\u0159\u00edt stovky farem.<\/span><\/p>\n<p><span>V lo\u0148sk\u00e9m roce ji\u017e o 44 procent zem\u011bd\u011blc\u016f uvedlo, \u017ee maj\u00ed pot\u00ed\u017ee. Ministryn\u011b Demir v sou\u010dasnosti odm\u00edt\u00e1 a\u017e 9 z 10 licenc\u00ed pro zem\u011bd\u011blce.<\/span><\/p>\n<p><span>Farm\u00e1\u0159i roky investovali do \u0159e\u0161en\u00ed a nyn\u00ed \u010del\u00ed vl\u00e1d\u011b, kter\u00e1 \u0159\u00edk\u00e1: \u201eNikdy nen\u00ed dost!\u201c.\u00a0Cht\u011bj\u00ed proto, aby dohoda o dus\u00edku byla okam\u017eit\u011b posl\u00e1na do ko\u0161e.<\/span><\/p>\n<p><span>Laure\u00e1t Nobelovy ceny Dr. Kary Mullis hodnot\u00ed sou\u010dasn\u00fd stav v\u011bdy o klimatu tak, \u017ee jde o \u201evtip\u201c.\u00a0Neexistuj\u00ed\u00a0<\/span><a href=\"https:\/\/www.youtube.com\/watch?v=Y1FnWFlDvxE\"><span>\u017e\u00e1dn\u00e9 publikovan\u00e9 empirick\u00e9 v\u011bdeck\u00e9 d\u016fkazy<\/span><\/a><span>\u00a0o tom, \u017ee jak\u00fdkoli CO2, a\u0165 u\u017e p\u0159irozen\u00fd nebo um\u011bl\u00fd, zp\u016fsobuje oteplov\u00e1n\u00ed v troposf\u00e9\u0159e.\u00a0P\u0159esto\u00a0jsou s t\u00edm spojeny\u00a0<\/span><a href=\"https:\/\/www.unep.org\/news-and-stories\/story\/why-nitrogen-management-key-climate-change-mitigation\"><span>emise dus\u00edku .<\/span><\/a><\/p>\n<p>A na\u0161e ve\u0159ejnopr\u00e1vn\u00ed m\u00e9dia ml\u010d\u00ed o t\u00e9to mega demonstraci jako hrob!<\/p>\n<div id=\"freew-1033650293\" class=\"freew-after-content\">\n<div id=\"wh_20755669_2\" class=\"ads_container\">\n<div id=\"div_d46f15771b6b8acaaf8087a1220d9ad0\" data-widget-placement=\"\" data-widget-host=\"habitat\" data-endpoint=\"trends.netizen.co\" data-widget-id=\"268101\">\n<div>\n<div id=\"content_cont_268101\" class=\"sc-jrsJWt bHAMtT content-uid-268101 content-desktop layout_1\">\n<div><img decoding=\"async\" loading=\"lazy\" class=\"alignnone size-full wp-image-1185\" src=\"http:\/\/www.infokuryr.cz\/n\/wp-content\/uploads\/2021\/04\/kuryr-podpis.png\" alt=\"\" width=\"84\" height=\"24\" \/><\/div>\n<\/div>\n<\/div>\n<\/div>\n<\/div>\n<\/div>\n<\/div>\n<div><\/div>\n<div><\/div>\n<div><img decoding=\"async\" loading=\"lazy\" class=\"wp-image-19187 aligncenter\" src=\"http:\/\/www.infokuryr.cz\/n\/wp-content\/uploads\/2022\/12\/1-PRO-300x36.jpg\" alt=\"\" width=\"1125\" height=\"135\" srcset=\"https:\/\/www.infokuryr.cz\/n\/wp-content\/uploads\/2022\/12\/1-PRO-300x36.jpg 300w, https:\/\/www.infokuryr.cz\/n\/wp-content\/uploads\/2022\/12\/1-PRO.jpg 699w\" sizes=\"(max-width: 1125px) 100vw, 1125px\" \/><\/div>\n<div><\/div>\n<div><\/div>\n","protected":false},"excerpt":{"rendered":"<p>V\u00edce ne\u017e 2500 farm\u00e1\u0159\u016f z belgick\u00e9ho nizozemsk\u00e9ho regionu Flandry se shrom\u00e1\u017edilo na bruselsk\u00e9 centr\u00e1ln\u00ed ulici&#8230;<\/p>\n","protected":false},"author":2,"featured_media":23999,"comment_status":"closed","ping_status":"closed","sticky":false,"template":"","format":"standard","meta":[],"categories":[7],"tags":[261,2692,243,95,2532],"_links":{"self":[{"href":"https:\/\/www.infokuryr.cz\/n\/wp-json\/wp\/v2\/posts\/23998"}],"collection":[{"href":"https:\/\/www.infokuryr.cz\/n\/wp-json\/wp\/v2\/posts"}],"about":[{"href":"https:\/\/www.infokuryr.cz\/n\/wp-json\/wp\/v2\/types\/post"}],"author":[{"embeddable":true,"href":"https:\/\/www.infokuryr.cz\/n\/wp-json\/wp\/v2\/users\/2"}],"replies":[{"embeddable":true,"href":"https:\/\/www.infokuryr.cz\/n\/wp-json\/wp\/v2\/comments?post=23998"}],"version-history":[{"count":0,"href":"https:\/\/www.infokuryr.cz\/n\/wp-json\/wp\/v2\/posts\/23998\/revisions"}],"wp:featuredmedia":[{"embeddable":true,"href":"https:\/\/www.infokuryr.cz\/n\/wp-json\/wp\/v2\/media\/23999"}],"wp:attachment":[{"href":"https:\/\/www.infokuryr.cz\/n\/wp-json\/wp\/v2\/media?parent=23998"}],"wp:term":[{"taxonomy":"category","embeddable":true,"href":"https:\/\/www.infokuryr.cz\/n\/wp-json\/wp\/v2\/categories?post=23998"},{"taxonomy":"post_tag","embeddable":true,"href":"https:\/\/www.infokuryr.cz\/n\/wp-json\/wp\/v2\/tags?post=23998"}],"curies":[{"name":"wp","href":"https:\/\/api.w.org\/{rel}","templated":true}]}}