{"id":23996,"date":"2023-03-07T01:05:22","date_gmt":"2023-03-07T00:05:22","guid":{"rendered":"http:\/\/www.infokuryr.cz\/n\/?p=23996"},"modified":"2023-03-06T15:49:25","modified_gmt":"2023-03-06T14:49:25","slug":"zapad-se-pripravuje-na-to-ze-cina-posle-zbrane-do-ruska","status":"publish","type":"post","link":"https:\/\/www.infokuryr.cz\/n\/2023\/03\/07\/zapad-se-pripravuje-na-to-ze-cina-posle-zbrane-do-ruska\/","title":{"rendered":"Z\u00e1pad se p\u0159ipravuje na to, \u017ee \u010c\u00edna po\u0161le zbran\u011b do Ruska"},"content":{"rendered":"<div id=\"fb-root\"><\/div>\n<p><span style=\"font-size: 18pt;\"><strong>Z\u00e1padn\u00ed zem\u011b se minul\u00fd t\u00fdden se\u0161ly, aby projednaly mo\u017en\u00e9 sankce, pokud \u010c\u00edna poskytne Rusku zbran\u011b<\/strong><\/span><\/p>\n<p><span>Zv\u011bsti o tom, \u017ee by \u010c\u00edna mohla poslat zbran\u011b do Ruska, se \u0161\u00ed\u0159\u00ed od za\u010d\u00e1tku konfliktu na Ukrajin\u011b, ale z\u00e1padn\u00ed p\u0159edstavitel\u00e9 v posledn\u00edch t\u00fddnech st\u00e1le \u010dast\u011bji signalizuj\u00ed, \u017ee Peking by mohl tento krok skute\u010dn\u011b prov\u00e9st.\u00a0Z\u00e1padn\u00ed v\u016fdci nyn\u00ed pl\u00e1nuj\u00ed, jak budou reagovat, pokud \u010c\u00edna poskytne Rusku smrt\u00edc\u00ed pomoc.<\/span><\/p>\n<p><span>T\u00e9ma \u010d\u00ednsk\u00fdch zbran\u00ed kon\u010d\u00edc\u00edch v Rusku bude \u00fadajn\u011b jedn\u00edm z hlavn\u00edch bod\u016f programu, a\u017e se p\u0159edsedkyn\u011b Evropsk\u00e9 komise Ursula von der Leyenov\u00e1 ve Washingtonu sejde s prezidentem Joem Bidenem.\u00a0O\u010dek\u00e1v\u00e1 se, \u017ee oba budou jednat o pomoci Ukrajin\u011b, ale na obzoru se bude r\u00fdsovat i ot\u00e1zka \u010c\u00edny.\u00a0<\/span><\/p>\n<p><span>Z\u00e1pad se dlouho ob\u00e1val, \u017ee by Peking mohl dodat zbran\u011b do Moskvy, co\u017e by mohlo znamenat velk\u00fd zlom ve v\u00e1lce.\u00a0A\u010dkoli \u010c\u00edna st\u00e1la na stran\u011b Ruska ohledn\u011b hlasov\u00e1n\u00ed v OSN a poskytla ur\u010ditou nesmrt\u00edc\u00ed pomoc, zem\u011b se a\u017e dosud zdr\u017eela zas\u00edl\u00e1n\u00ed smrt\u00edc\u00ed pomoci.<\/span><\/p>\n<p><span>A\u010dkoli mezin\u00e1rodn\u00ed spole\u010denstv\u00ed st\u00e1le \u010dek\u00e1 na dal\u0161\u00ed krok Pekingu, podle ma\u010farsk\u00e9ho zpravodajsk\u00e9ho serveru\u00a0<\/span><a class=\"ek-link\" href=\"https:\/\/magyarnemzet.hu\/kulfold\/2023\/03\/masolat-kina-ellenes-szankciok-johetnek\"><span>Magyar Nemzet<\/span><\/a><span>\u00a0po\u010d\u00edt\u00e1 s t\u00edm, \u017ee \u010c\u00edna podpo\u0159\u00ed sv\u00e9ho spojence, Moskvu, zbran\u011bmi.\u00a0Na sch\u016fzce Bidena a von der Leyen z tohoto t\u00fddne se mimo jin\u00e9 bude \u0159e\u0161it, jak\u00fdmi sankcemi by Z\u00e1pad a Evropa zas\u00e1hly \u010c\u00ednu, pokud by se Peking rozhodl poslat zbran\u011b.<\/span><\/p>\n<p>&nbsp;<\/p>\n<div class='videoWrapper'>\r\n\t            <iframe src='https:\/\/rumble.com\/embed\/pj.v285nuc\/' frameborder='0' allowfullscreen><\/iframe>\r\n\t        <\/div>\n<p>&nbsp;<\/p>\n<p><span>Zem\u011b, kter\u00e1 m\u00e1 z \u010d\u00ednsk\u00fdch zbran\u00ed nejv\u011bt\u0161\u00ed obavy, je samotn\u00e1 Ukrajina.\u00a0Prezident Volodymyr Zelenskyj varoval \u010c\u00ednu p\u0159ed takov\u00fdm krokem a \u0159ekl: \u201ePokud se spoj\u00ed s Ruskem, dojde ke sv\u011btov\u00e9 v\u00e1lce a \u010c\u00edna si je toho v\u011bdoma.<\/span><\/p>\n<p><span>Minul\u00fd \u010dtvrtek se se\u0161li \u0161pi\u010dkov\u00ed diplomat\u00e9 z Ukrajiny, USA, Kanady, Polska, Japonska, Ji\u017en\u00ed Koreje a pobaltsk\u00fdch zem\u00ed, aby prodiskutovali, jak reagovat na krok Pekingu, pokud skute\u010dn\u011b dod\u00e1 zbran\u011b.\u00a0Diplomat, kter\u00fd si vy\u017e\u00e1dal anonymitu, v\u0161ak na sch\u016fzce varoval, \u017ee Brusel nem\u016f\u017ee jednat bez konkr\u00e9tn\u00edch d\u016fkaz\u016f, \u017ee \u010c\u00edna Rus\u016fm dodala zbran\u011b.<\/span><\/p>\n<p><span>&#8222;Pokud se to v\u0161ak stane, Peking jasn\u011b p\u0159ekro\u010d\u00ed \u010dervenou \u010d\u00e1ru,&#8220; dodal.<\/span><\/p>\n<p><span>Zat\u00edm \u017e\u00e1dn\u00e1 zem\u011b nem\u00e1 \u017e\u00e1dn\u00e9 d\u016fkazy, \u017ee Peking pokro\u010d\u00ed s dod\u00e1vkami zbran\u00ed.\u00a0V rozhovoru ned\u00e1vno Biden tak\u00e9 \u0159ekl, \u017ee neo\u010dek\u00e1v\u00e1, \u017ee \u010c\u00edna bude dod\u00e1vat zbran\u011b.\u00a0Americk\u00fd ministr zahrani\u010d\u00ed Antony Blinken v\u0161ak varoval, \u017ee Peking st\u00e1le stoj\u00ed za Moskvou, a podobn\u011b varoval i John Kirby, mluv\u010d\u00ed Rady pro n\u00e1rodn\u00ed bezpe\u010dnost B\u00edl\u00e9ho domu.\u00a0Podle Kirbyho by Spojen\u00e9 st\u00e1ty a jejich z\u00e1padn\u00ed spojenci m\u011bli b\u00fdt p\u0159ipraveni pro p\u0159\u00edpad, \u017ee by se \u010d\u00ednsk\u00e9 veden\u00ed rozhodlo dodat zbran\u011b.<\/span><\/p>\n<p><span>Na zpr\u00e1vu reagovalo i \u010d\u00ednsk\u00e9 ministerstvo zahrani\u010d\u00ed, kter\u00e9 kritizovalo Washington za pomluvu zem\u011b.\u00a0Peking z\u00e1rove\u0148 vyj\u00e1d\u0159il nelibost s t\u00edm, \u017ee Spojen\u00e9 st\u00e1ty prod\u00e1vaj\u00ed zbran\u011b Tchaj-wanu a poskytuj\u00ed vojenskou podporu Ukrajin\u011b.<\/span><\/p>\n<p><span>P\u0159ed n\u00e1v\u0161t\u011bvou USA v\u0161ak von der Leyenov\u00e1 na za\u010d\u00e1tku tohoto t\u00fddne odcestuje do Kanady, aby se posadila s kanadsk\u00fdm premi\u00e9rem Justinem Trudeauem.\u00a0Vzhledem k tomu, \u017ee Evropsk\u00e1 unie hled\u00e1 partnery mimo blok pro spole\u010dn\u00e9 n\u00e1kupy munice, jej\u00ed zast\u00e1vka v Kanad\u011b m\u016f\u017ee b\u00fdt pro v\u00e1le\u010dn\u00e9 \u00fasil\u00ed tak\u00e9 kl\u00ed\u010dov\u00e1.\u00a0Politico s odvol\u00e1n\u00edm na p\u0159edstavitele EU uvedlo, \u017ee o projekt maj\u00ed z\u00e1jem i Norov\u00e9 a Kana\u010fan\u00e9.\u00a0Zat\u00edm v\u0161ak ministerstvo obrany \u017e\u00e1dn\u00e9 zem\u011b sv\u00e9 rozhodnut\u00ed ofici\u00e1ln\u011b nepotvrdilo.<\/span><\/p>\n<p><span>Brusel prosazuje, aby \u010dlensk\u00e9 st\u00e1ty Evropsk\u00e9 unie spole\u010dn\u011b nakupovaly munici na pomoc Ukrajin\u011b;\u00a0EU na to ji\u017e vy\u010dlenila rozpo\u010det ve v\u00fd\u0161i 1 miliardy EUR, ze kter\u00e9ho by nakoupila 155milimetrov\u00e9 n\u00e1boje do d\u011bl p\u0159edan\u00fdch ukrajinsk\u00fdm voj\u00e1k\u016fm.\u00a0Projekt je zalo\u017een na principu, \u017ee \u010d\u00edm v\u00edce st\u00e1t\u016f se p\u0159ipoj\u00ed, t\u00edm v\u011bt\u0161\u00ed bude finan\u010dn\u00ed r\u00e1mec, kter\u00fd jim umo\u017en\u00ed z\u00edskat munici za v\u00fdhodn\u011bj\u0161\u00ed cenu.<\/span><\/p>\n<p><span>Francie z\u016fst\u00e1v\u00e1 skeptick\u00e1 ohledn\u011b n\u00e1kupu munice z Kanady a Norska a tvrd\u00ed, \u017ee zbran\u011b a st\u0159elivo by m\u011bly b\u00fdt nakupov\u00e1ny od evropsk\u00fdch v\u00fdrobc\u016f zbran\u00ed.<\/span><\/p>\n<p><img decoding=\"async\" loading=\"lazy\" class=\"alignnone size-full wp-image-1185\" src=\"http:\/\/www.infokuryr.cz\/n\/wp-content\/uploads\/2021\/04\/kuryr-podpis.png\" alt=\"\" width=\"84\" height=\"24\" \/><\/p>\n<p>&nbsp;<\/p>\n<p>&nbsp;<\/p>\n<p><img decoding=\"async\" loading=\"lazy\" class=\"wp-image-19187 aligncenter\" src=\"http:\/\/www.infokuryr.cz\/n\/wp-content\/uploads\/2022\/12\/1-PRO-300x36.jpg\" alt=\"\" width=\"1125\" height=\"135\" srcset=\"https:\/\/www.infokuryr.cz\/n\/wp-content\/uploads\/2022\/12\/1-PRO-300x36.jpg 300w, https:\/\/www.infokuryr.cz\/n\/wp-content\/uploads\/2022\/12\/1-PRO.jpg 699w\" sizes=\"(max-width: 1125px) 100vw, 1125px\" \/><\/p>\n<p>&nbsp;<\/p>\n","protected":false},"excerpt":{"rendered":"<p>Z\u00e1padn\u00ed zem\u011b se minul\u00fd t\u00fdden se\u0161ly, aby projednaly mo\u017en\u00e9 sankce, pokud \u010c\u00edna poskytne Rusku zbran\u011b&#8230;<\/p>\n","protected":false},"author":2,"featured_media":2910,"comment_status":"closed","ping_status":"closed","sticky":false,"template":"","format":"standard","meta":[],"categories":[7],"tags":[30,26,365,73],"_links":{"self":[{"href":"https:\/\/www.infokuryr.cz\/n\/wp-json\/wp\/v2\/posts\/23996"}],"collection":[{"href":"https:\/\/www.infokuryr.cz\/n\/wp-json\/wp\/v2\/posts"}],"about":[{"href":"https:\/\/www.infokuryr.cz\/n\/wp-json\/wp\/v2\/types\/post"}],"author":[{"embeddable":true,"href":"https:\/\/www.infokuryr.cz\/n\/wp-json\/wp\/v2\/users\/2"}],"replies":[{"embeddable":true,"href":"https:\/\/www.infokuryr.cz\/n\/wp-json\/wp\/v2\/comments?post=23996"}],"version-history":[{"count":1,"href":"https:\/\/www.infokuryr.cz\/n\/wp-json\/wp\/v2\/posts\/23996\/revisions"}],"predecessor-version":[{"id":23997,"href":"https:\/\/www.infokuryr.cz\/n\/wp-json\/wp\/v2\/posts\/23996\/revisions\/23997"}],"wp:featuredmedia":[{"embeddable":true,"href":"https:\/\/www.infokuryr.cz\/n\/wp-json\/wp\/v2\/media\/2910"}],"wp:attachment":[{"href":"https:\/\/www.infokuryr.cz\/n\/wp-json\/wp\/v2\/media?parent=23996"}],"wp:term":[{"taxonomy":"category","embeddable":true,"href":"https:\/\/www.infokuryr.cz\/n\/wp-json\/wp\/v2\/categories?post=23996"},{"taxonomy":"post_tag","embeddable":true,"href":"https:\/\/www.infokuryr.cz\/n\/wp-json\/wp\/v2\/tags?post=23996"}],"curies":[{"name":"wp","href":"https:\/\/api.w.org\/{rel}","templated":true}]}}