{"id":23995,"date":"2023-03-07T01:04:18","date_gmt":"2023-03-07T00:04:18","guid":{"rendered":"http:\/\/www.infokuryr.cz\/n\/?p=23995"},"modified":"2023-03-06T15:43:28","modified_gmt":"2023-03-06T14:43:28","slug":"nedelnik-adama-b-bartose-124-o-hnupovych-krvavych-prackach-a-rakusanovych-cizincich","status":"publish","type":"post","link":"https:\/\/www.infokuryr.cz\/n\/2023\/03\/07\/nedelnik-adama-b-bartose-124-o-hnupovych-krvavych-prackach-a-rakusanovych-cizincich\/","title":{"rendered":"NED\u011aLN\u00cdK ADAMA B. BARTO\u0160E (124) O H\u0147UPOV\u00ddCH KRVAV\u00ddCH PRACK\u00c1CH A RAKU\u0160ANOV\u00ddCH CIZINC\u00cdCH"},"content":{"rendered":"<div id=\"fb-root\"><\/div>\n<p><strong>Tento ned\u011bln\u00edk chci v\u011bnovat \u0159e\u010di \u010d\u00edsel. Ta toti\u017e mohou \u0159\u00edci mnohdy v\u00edce ne\u017e mnoho slov. A rovnou tu pod\u011bkuji m\u00e9mu zn\u00e1m\u00e9mu, Romanovi D., kter\u00fd mi ob\u010das ta zaj\u00edmav\u00e1 \u010d\u00edsla pos\u00edl\u00e1.<\/strong><span id=\"more-13467\"><\/span><\/p>\n<p><a href=\"https:\/\/www.irozhlas.cz\/zpravy-domov\/petr-fiala-vojenska-pomoc-ukrajina-zbrane-tanky-rusko-valka_2302221944_ava\"><em><strong>Premi\u00e9r H\u0148up ned\u00e1vno odtajnil po\u010dty<\/strong><\/em><\/a>, kolik \u010cesk\u00e1 republika dodala na Ukrajinu zbran\u00ed za prvn\u00ed rok v\u00e1lky. Jedn\u00e1 se o neuv\u011b\u0159iteln\u00e1 \u010d\u00edsla za neuv\u011b\u0159iteln\u00fd bal\u00edk pen\u011bz (cca \u010dty\u0159icet miliard korun), tak\u017ee H\u0148upovo chluben\u00ed se, \u017ee \u010desk\u00e1 vl\u00e1da (a \u010desk\u00e9 zbrojovky) pom\u00e1h\u00e1 jako jedna z nejaktivn\u011bj\u0161\u00edch (na po\u010det obyvatel jsme pr\u00fd pro \u010dlensk\u00e9 zem\u011b NATO p\u0159\u00edkladem), je pom\u011brn\u011b p\u0159esn\u00e9.<\/p>\n<p>Pokud ale na Ukrajinu pos\u00edl\u00e1me pen\u00edze, konflikt t\u00edm ne\u0159e\u0161\u00edme, jen prodlu\u017eujeme, \u010d\u00edm\u017e prodlu\u017eujeme utrpen\u00ed lid\u00ed (voj\u00e1k\u016f i civilist\u016f) na obou stran\u00e1ch. Dnes u\u017e v\u0161ichni vid\u00edme, \u017ee ob\u011b strany (tedy Z\u00e1pad i Rusko) pojaly v\u00e1lku jako opot\u0159ebov\u00e1vac\u00ed, \u017ee zkr\u00e1tka jde o to \u201euzbrojit\u201c druhou stranu za ka\u017edou cenu, jenom\u017ee ka\u017ed\u00fd den tohoto \u201euzbrojov\u00e1n\u00ed\u201c p\u0159in\u00e1\u0161\u00ed ohromn\u00e9 lidsk\u00e9 ob\u011bti a ekonomick\u00e9 \u0161kody. Jak\u00e9? Pod\u00edvejme se minim\u00e1ln\u011b na ztr\u00e1ty vojensk\u00e9:<\/p>\n<p>Turecko s odvol\u00e1n\u00edm se na informace izraelsk\u00e9 tajn\u00e9 slu\u017eby (rozv\u011bdky) Mossadu\u00a0<a href=\"https:\/\/hurseda.net\/gundem\/246987-iddia-mossad-a-gore-ukrayna-ve-rusya-kayiplari.html\" target=\"_blank\" rel=\"noopener\"><em><strong>vydalo celkov\u00fd seznam<\/strong><\/em><\/a>\u00a0v\u0161ech ztr\u00e1t a padl\u00fdch za celou dobu rusko-ukrajinsk\u00e9ho konfliktu.<\/p>\n<p><em>Ztr\u00e1ty na rusk\u00e9 stran\u011b:<\/em>\u00a0 \u00a0 \u00a0 \u00a0 \u00a0 \u00a0 \u00a0 \u00a0 \u00a0 \u00a0 \u00a0 \u00a0 \u00a0 \u00a0 \u00a0\u00a0<em>Ztr\u00e1ty na ukrajinsk\u00e9 stran\u011b:<\/em><br \/>\n23 letadel\u00a0 \u00a0 \u00a0 \u00a0 \u00a0 \u00a0 \u00a0 \u00a0 \u00a0 \u00a0 \u00a0 \u00a0 \u00a0 \u00a0 \u00a0 \u00a0 \u00a0 \u00a0 \u00a0 \u00a0 \u00a0 \u00a0 \u00a0 \u00a0 \u00a0 \u00a0 \u00a0 \u00a0 302 letadla<br \/>\n56 vrtuln\u00edk\u016f\u00a0 \u00a0 \u00a0 \u00a0 \u00a0 \u00a0 \u00a0 \u00a0 \u00a0 \u00a0 \u00a0 \u00a0 \u00a0 \u00a0 \u00a0 \u00a0 \u00a0 \u00a0 \u00a0 \u00a0 \u00a0 \u00a0 \u00a0 \u00a0 \u00a0 \u00a0212 vrtuln\u00edk\u016f<br \/>\n200 bezpilotn\u00edch letadel\u00a0 \u00a0 \u00a0 \u00a0 \u00a0 \u00a0 \u00a0 \u00a0 \u00a0 \u00a0 \u00a0 \u00a0 \u00a0 \u00a0 \u00a0 2,750 bezpilotn\u00edch letadel<br \/>\n889 tank\u016f a obrn\u011bn\u00fdch vozidel\u00a0 \u00a0 \u00a0 \u00a0 \u00a0 \u00a0 \u00a0 \u00a0 \u00a0 6 320 tank\u016f a obrn\u011bn\u00fdch vozidel<br \/>\n427 houfnic (d\u011blost\u0159eleck\u00fdch syst\u00e9m\u016f)\u00a0 \u00a0 \u00a07.360 houfnic (d\u011blost\u0159eleck\u00fdch syst\u00e9m\u016f)<br \/>\n12 syst\u00e9m\u016f protivzdu\u0161n\u00e9 obrany\u00a0 \u00a0 \u00a0 \u00a0 \u00a0 \u00a0 \u00a0 \u00a0 497 syst\u00e9m\u016f protivzdu\u0161n\u00e9 obrany<br \/>\n18 480 mrtv\u00fdch\u00a0 \u00a0 \u00a0 \u00a0 \u00a0 \u00a0 \u00a0 \u00a0 \u00a0 \u00a0 \u00a0 \u00a0 \u00a0 \u00a0 \u00a0 \u00a0 \u00a0 \u00a0 \u00a0 \u00a0 \u00a0 \u00a0 \u00a0 157 000 mrtv\u00fdch<br \/>\n44 500 zran\u011bn\u00fdch\u00a0 \u00a0 \u00a0 \u00a0 \u00a0 \u00a0 \u00a0 \u00a0 \u00a0 \u00a0 \u00a0 \u00a0 \u00a0 \u00a0 \u00a0 \u00a0 \u00a0 \u00a0 \u00a0 \u00a0 \u00a0 234 000 zran\u011bn\u00fdch<br \/>\n323 zajat\u00fdch\u00a0 \u00a0 \u00a0 \u00a0 \u00a0 \u00a0 \u00a0 \u00a0 \u00a0 \u00a0 \u00a0 \u00a0 \u00a0 \u00a0 \u00a0 \u00a0 \u00a0 \u00a0 \u00a0 \u00a0 \u00a0 \u00a0 \u00a0 \u00a0 \u00a0 \u00a017 230 v zajet\u00ed<\/p>\n<p>Nejde ale jen o Rusy \u010di Ukrajince. V t\u00e9to zbyte\u010dn\u00e9 v\u00e1lce um\u00edraj\u00ed samoz\u0159ejm\u011b hlavn\u011b Slovan\u00e9, co\u017e se n\u011bkomu n\u00e1ramn\u011b hod\u00ed, ale ob\u010das to odnesou i Anglosasov\u00e9: podle t\u00e9ho\u017e zdroje zem\u0159elo na Ukrajin\u011b:<\/p>\n<p>234 vojensk\u00fdch tren\u00e9r\u016f NATO (USA a Velk\u00e1 Brit\u00e1nie)<br \/>\n2 458 NATO (N\u011bmecko, Polsko, Litva, \u2026)<br \/>\n5 360 \u017eold\u00e1k\u016f<\/p>\n<p>V\u011bd\u011bli jste to? K tomu p\u0159ipo\u010dt\u011bme 18 817 civiln\u00edch ob\u011bt\u00ed: 7 155 mrtv\u00fdch a 11 662 zran\u011bn\u00fdch v obdob\u00ed od 24. \u00fanora 2022 do 5. \u00fanora 2023, jak je zaznamenal OHCHR (\u00da\u0159ad Vysok\u00e9ho komisa\u0159e OSN pro lidsk\u00e1 pr\u00e1va) na Ukrajin\u011b.<\/p>\n<p>Na tomto masakru, na v\u0161ech t\u011bch v\u00e1le\u010dn\u00fdch zv\u011brstvech, na tomto ne\u0161t\u011bst\u00ed m\u00e1 sv\u016fj pod\u00edl i \u010desk\u00e1 vl\u00e1da, premi\u00e9r H\u0148up, ministryn\u011b obrany (co v kabelce nos\u00ed tank), Petr P\u00e1vek a dal\u0161\u00ed jest\u0159\u00e1bi \u010desk\u00e9 politiky. Nev\u00edm, jak mohou v noci klidn\u011b sp\u00e1t. O \u010cernochov\u00e9 tedy v\u00edme, \u017ee p\u0159ed span\u00edm z\u0159ejm\u011b pou\u017e\u00edv\u00e1 tank, ale co bere na uklidn\u011bn\u00ed premi\u00e9r, nen\u00ed jist\u00e9.<\/p>\n<p>Jenom\u017ee krev na rukou nemaj\u00ed jen politici, ale i ti \u0161\u00edlenci z \u0159ad \u010desk\u00fdch ob\u010dan\u016f, co vyb\u00edraj\u00ed pen\u00edze na zbran\u011b ve ve\u0159ejn\u00fdch sb\u00edrk\u00e1ch \u2013 tu na tank Tom\u00e1\u0161, tu na raketomet P\u0159emysl apod. Podle informac\u00ed vl\u00e1dy se t\u00edmto zp\u016fsobem vybralo dal\u0161\u00edch 1,5 miliardy korun. Jestli maj\u00ed \u010ce\u0161i pocit, \u017ee kdy\u017e po\u0161lou na \u00fa\u010det iniciativy D\u00e1rek pro Putina stovku, \u017ee t\u00edm pom\u00e1haj\u00ed v\u00e1lku vyhr\u00e1t, pak by si m\u011bli p\u0159ed zrcadlem nafackovat. M\u016f\u017eeme v\u011b\u0159it tomu, \u017ee tank Tom\u00e1\u0161 nebude jedn\u00edm z t\u011bch \u0161esti tis\u00edc\u016f tank\u016f, co Rusov\u00e9 u\u017e stihli zni\u010dit, nebo \u017ee P\u0159emysl nebude jedn\u00edm ze sedmi tis\u00edc zlikvidovan\u00fdch d\u011blost\u0159eleck\u00fdch syst\u00e9m\u016f, ale o to a\u017e tak nejde \u2013 ka\u017ed\u00e1 stovka investovan\u00e1 do v\u00e1lky, do jej\u00edho pokra\u010dov\u00e1n\u00ed, je krvav\u00e1 stovka. Mo\u017en\u00e1 jste tak p\u0159isp\u011bli na smrt rusk\u00e9ho voj\u00e1ka, ale podle statistik sp\u00ed\u0161e na smrt toho v\u00e1mi oslavovan\u00e9ho ukrajinsk\u00e9ho, proto\u017ee \u010d\u00edm d\u00e9le v\u00e1lka trv\u00e1 (a vy \u010di premi\u00e9r H\u0148up do n\u00ed pos\u00edl\u00e1te pen\u00edze), t\u00edm v\u00edce ztr\u00e1t maj\u00ed ob\u011b strany, jen\u017ee na t\u00e9 ukrajinsk\u00e9 (navzdory medi\u00e1ln\u00ed v\u00e1le\u010dn\u00e9 propagand\u011b) jsou ztr\u00e1ty zhruba desetkr\u00e1t vy\u0161\u0161\u00ed. To \u0159\u00edkaj\u00ed Izraelci z Mossadu, aby mne nikdo neobvi\u0148oval. A Izraelci p\u0159ece maj\u00ed v\u017edycky pravdu, ne?<\/p>\n<p><strong><span style=\"font-size: 18pt;\">Raku\u0161an a jeho cizinci<\/span><br \/>\n<\/strong><br \/>\nAle poj\u010fme rad\u011bji k n\u00e1m, dom\u016f, do \u010cesk\u00e9 republiky. I kdy\u017e \u2013 \u201edom\u016f\u201c \u2013 jak se to vezme. Kdy\u017e to p\u016fjde t\u00edmto tempem, doma se tu moc c\u00edtit nebudeme. \u0158e\u010d toti\u017e bude o migraci. Ministerstvo vnitra vydalo \u010dtvrtletn\u00ed zpr\u00e1vu o migraci v \u010cR, podle kter\u00e9 po\u010det cizinc\u016f na \u00fazem\u00ed \u010cR setrvale stoup\u00e1. Dozv\u011bd\u011bli jsme se z n\u00ed, \u017ee k 31. prosinci 2022 bylo na \u00fazem\u00ed \u010cR registrov\u00e1no celkem 1 116 154 osob ciz\u00ed st\u00e1tn\u00ed p\u0159\u00edslu\u0161nosti, z toho 782 000 na z\u00e1klad\u011b opr\u00e1vn\u011bn\u00ed k p\u0159echodn\u00e9mu pobytu a 334 154 na z\u00e1klad\u011b opr\u00e1vn\u011bn\u00ed k trval\u00e9mu pobytu. P\u0159es 1,1 milionu cizinc\u016f\u2026<\/p>\n<p>Samoz\u0159ejm\u011b, \u017ee takto vysok\u00e9 \u010d\u00edslo je d\u00e1no zejm\u00e9na vyd\u00e1v\u00e1n\u00edm do\u010dasn\u00e9 ochrany st\u00e1tn\u00edm p\u0159\u00edslu\u0161n\u00edk\u016fm Ukrajiny, kte\u0159\u00ed prchaj\u00ed p\u0159ed v\u00e1lkou, i kdy\u017e nikdo nev\u00ed, jak ta \u201edo\u010dasnost\u201c bude vypadat a zda n\u00e1hodou nebude trval\u00e1. Od po\u010d\u00e1tku ukrajinsko-rusk\u00e9ho konfliktu bylo v \u010cesk\u00e9 republice (v roce 2022) vyd\u00e1no celkem 473 216 do\u010dasn\u00fdch ochran, tak\u017ee se zase m\u016f\u017eeme popl\u00e1cat po ramenou: \u010cesk\u00e1 republika m\u011bla v roce 2022 nejv\u011bt\u0161\u00ed po\u010det vydan\u00fdch do\u010dasn\u00fdch ochran v r\u00e1mci EU v p\u0159epo\u010dtu na obyvatele. Jsme zkr\u00e1tka vzorn\u00ed, jsme mil\u00e1\u010dci\u2026<\/p>\n<p>Co se t\u00fd\u010de neleg\u00e1ln\u00ed migrace, Raku\u0161an za minul\u00fd rok odhalil 29 235 osob, kter\u00e9 se pokou\u0161ely o neleg\u00e1ln\u00ed migraci. Raku\u0161an n\u00e1m ale rad\u011bji ne\u0159ekne (proto\u017ee nev\u00ed), kolik neleg\u00e1ln\u00edch imigrant\u016f neodhalil. I tak je to ale vysok\u00e9 \u010d\u00edslo. V porovn\u00e1n\u00ed s rokem 2021 do\u0161lo k zv\u00fd\u0161en\u00ed o 18 065 osob, tj. o 161,7 %.<\/p>\n<p>P\u0159i tranzitn\u00ed neleg\u00e1ln\u00ed migraci p\u0159es \u00fazem\u00ed \u010cesk\u00e9 republiky bylo odhaleno celkem 21 852 osob. Tady v meziro\u010dn\u00edm porovn\u00e1n\u00ed shodn\u00fdch obdob\u00ed do\u0161lo k vysok\u00e9mu n\u00e1r\u016fstu o 20 522 osob, tedy dokonce o 1 643 %. Celkem 21 639 osob (tj. 99 %) bylo zji\u0161t\u011bno na pozemn\u00ed hranici a 213 osob p\u0159i p\u0159\u00edletech na vzdu\u0161n\u00e9 hranici.<\/p>\n<p>Nejv\u00edce bylo zji\u0161t\u011bno ob\u010dan\u016f S\u00fdrie (20 387 osob, tj. 38,6%), Turecka (487 osob, tj. 29,6 %) a Afgh\u00e1nist\u00e1nu (224 osob, tj. 10 %). Nejsou to n\u00e1hodou zem\u011b, kter\u00e9 rozmrdaly (promi\u0148te mi to slovo, ale trefn\u011bj\u0161\u00ed mne nenapad\u00e1) Spojen\u00e9 st\u00e1ty, nebo se o to (v p\u0159\u00edpad\u011b Turecka a pokus\u016f o tamn\u00ed pu\u010d) pokou\u0161ej\u00ed? Nem\u011bli bychom pod\u011bkovat \u201estr\u00fd\u010dkovi Bidenovi\u201c?<\/p>\n<p>No, j\u00e1 mysl\u00edm, \u017ee t\u011bch \u010d\u00edsel bylo nakonec na \u010dlov\u011bka a\u017e moc. Pokud jsem v\u00e1m zkazil n\u00e1ladu, omlouv\u00e1m se, \u017ee jsem pro v\u00e1s nem\u011bl lep\u0161\u00ed zpr\u00e1vy. Snad p\u0159\u00ed\u0161t\u011b.<\/p>\n<p>Vlasti zdar!<\/p>\n<p><em>Adam B. Barto\u0161<\/em><br \/>\n<em>p\u0159edseda N\u00e1rodn\u00ed demokracie<\/em><\/p>\n<p><img decoding=\"async\" loading=\"lazy\" class=\"alignnone size-full wp-image-678\" src=\"http:\/\/www.infokuryr.cz\/n\/wp-content\/uploads\/2021\/04\/narodni_demokracie_logo.jpg\" alt=\"\" width=\"300\" height=\"85\" \/><\/p>\n<p>&nbsp;<\/p>\n<p>_____________________________<\/p>\n<p>&nbsp;<\/p>\n<p><img decoding=\"async\" loading=\"lazy\" class=\"wp-image-19187 aligncenter\" src=\"http:\/\/www.infokuryr.cz\/n\/wp-content\/uploads\/2022\/12\/1-PRO-300x36.jpg\" alt=\"\" width=\"1142\" height=\"137\" srcset=\"https:\/\/www.infokuryr.cz\/n\/wp-content\/uploads\/2022\/12\/1-PRO-300x36.jpg 300w, https:\/\/www.infokuryr.cz\/n\/wp-content\/uploads\/2022\/12\/1-PRO.jpg 699w\" sizes=\"(max-width: 1142px) 100vw, 1142px\" \/><\/p>\n<p>&nbsp;<\/p>\n<p>&nbsp;<\/p>\n<p><img decoding=\"async\" loading=\"lazy\" class=\"wp-image-22607 aligncenter\" src=\"http:\/\/www.infokuryr.cz\/n\/wp-content\/uploads\/2023\/02\/cesko_proti_bide-239x300.png\" alt=\"\" width=\"748\" height=\"939\" srcset=\"https:\/\/www.infokuryr.cz\/n\/wp-content\/uploads\/2023\/02\/cesko_proti_bide-239x300.png 239w, https:\/\/www.infokuryr.cz\/n\/wp-content\/uploads\/2023\/02\/cesko_proti_bide-816x1024.png 816w, https:\/\/www.infokuryr.cz\/n\/wp-content\/uploads\/2023\/02\/cesko_proti_bide-768x964.png 768w, https:\/\/www.infokuryr.cz\/n\/wp-content\/uploads\/2023\/02\/cesko_proti_bide.png 846w\" sizes=\"(max-width: 748px) 100vw, 748px\" \/><\/p>\n<p>&nbsp;<\/p>\n<p>&nbsp;<\/p>\n<p>&nbsp;<\/p>\n<p>&nbsp;<\/p>\n<p>&nbsp;<\/p>\n","protected":false},"excerpt":{"rendered":"<p>Tento ned\u011bln\u00edk chci v\u011bnovat \u0159e\u010di \u010d\u00edsel. Ta toti\u017e mohou \u0159\u00edci mnohdy v\u00edce ne\u017e mnoho slov&#8230;.<\/p>\n","protected":false},"author":2,"featured_media":14256,"comment_status":"closed","ping_status":"closed","sticky":false,"template":"","format":"standard","meta":[],"categories":[6],"tags":[367,1042,1497,29,85,1032],"_links":{"self":[{"href":"https:\/\/www.infokuryr.cz\/n\/wp-json\/wp\/v2\/posts\/23995"}],"collection":[{"href":"https:\/\/www.infokuryr.cz\/n\/wp-json\/wp\/v2\/posts"}],"about":[{"href":"https:\/\/www.infokuryr.cz\/n\/wp-json\/wp\/v2\/types\/post"}],"author":[{"embeddable":true,"href":"https:\/\/www.infokuryr.cz\/n\/wp-json\/wp\/v2\/users\/2"}],"replies":[{"embeddable":true,"href":"https:\/\/www.infokuryr.cz\/n\/wp-json\/wp\/v2\/comments?post=23995"}],"version-history":[{"count":0,"href":"https:\/\/www.infokuryr.cz\/n\/wp-json\/wp\/v2\/posts\/23995\/revisions"}],"wp:featuredmedia":[{"embeddable":true,"href":"https:\/\/www.infokuryr.cz\/n\/wp-json\/wp\/v2\/media\/14256"}],"wp:attachment":[{"href":"https:\/\/www.infokuryr.cz\/n\/wp-json\/wp\/v2\/media?parent=23995"}],"wp:term":[{"taxonomy":"category","embeddable":true,"href":"https:\/\/www.infokuryr.cz\/n\/wp-json\/wp\/v2\/categories?post=23995"},{"taxonomy":"post_tag","embeddable":true,"href":"https:\/\/www.infokuryr.cz\/n\/wp-json\/wp\/v2\/tags?post=23995"}],"curies":[{"name":"wp","href":"https:\/\/api.w.org\/{rel}","templated":true}]}}