{"id":23994,"date":"2023-03-07T01:03:02","date_gmt":"2023-03-07T00:03:02","guid":{"rendered":"http:\/\/www.infokuryr.cz\/n\/?p=23994"},"modified":"2023-03-06T15:39:02","modified_gmt":"2023-03-06T14:39:02","slug":"nemecky-exkancler-schroder-je-take-na-ukrajinskem-seznamu-umrti","status":"publish","type":"post","link":"https:\/\/www.infokuryr.cz\/n\/2023\/03\/07\/nemecky-exkancler-schroder-je-take-na-ukrajinskem-seznamu-umrti\/","title":{"rendered":"N\u011bmeck\u00fd exkancl\u00e9\u0159 Schr\u00f6der je tak\u00e9 na ukrajinsk\u00e9m seznamu \u00famrt\u00ed"},"content":{"rendered":"<div id=\"fb-root\"><\/div>\n<p><strong><span>Ukrajina ofici\u00e1ln\u011b vede seznam smrti \u2013 lid\u00e9, kte\u0159\u00ed jsou na n\u011bm, maj\u00ed b\u00fdt zavra\u017ed\u011bni.\u00a0V n\u011bkolika p\u0159\u00edpadech to ji\u017e bylo realizov\u00e1no.\u00a0Postup p\u0159ipom\u00edn\u00e1 islamistick\u00e9 seznamy smrti, na kter\u00fdch m\u016f\u017ee skon\u010dit \u010dlov\u011bk po ur\u00e1\u017ece isl\u00e1mu v pr\u016fb\u011bhu fatvy.\u00a0Adresa je uvedena jako adresa v Langley ve Virginii \u2013 \u00fast\u0159ed\u00ed CIA.\u00a0B\u00fdval\u00fd n\u011bmeck\u00fd kancl\u00e9\u0159 Schr\u00f6der je v sou\u010dasnosti rovn\u011b\u017e uveden jako \u201enep\u0159\u00edtel Ukrajiny\u201c.<\/span><\/strong><\/p>\n<p><span>Web\u00a0<\/span><a href=\"https:\/\/myrotvorets.center\/\" target=\"_blank\" rel=\"noreferrer noopener\"><span>myrotvorets.center<\/span><\/a><span>\u00a0lze jen st\u011b\u017e\u00ed znechucen\u011b p\u0159ekonat.\u00a0Z\u0159ejm\u011b jde o evropsk\u00e9 hodnoty, kter\u00e9 jsou podle vysok\u00fdch politik\u016f a p\u0159edstavitel\u016f EU na Ukrajin\u011b h\u00e1jeny a pro kter\u00e9 musely zbyte\u010dn\u011b p\u0159ij\u00edt o \u017eivot statis\u00edce mlad\u00fdch mu\u017e\u016f.<\/span><\/p>\n<p><span>Myrotvorce existuj\u00ed od krvav\u00e9ho pu\u010de na Majdanu na Ukrajin\u011b v roce 2014 podporovan\u00e9ho USA. Od t\u00e9 doby se tam objevuje st\u00e1le v\u00edce \u201enep\u0159\u00e1tel Ukrajiny\u201c, z nich\u017e mnoz\u00ed jsou novin\u00e1\u0159i, kte\u0159\u00ed nesouhlas\u00ed s n\u00e1zorem hlavn\u00edho proudu.<\/span><\/p>\n<figure class=\"wp-block-image size-full\"><img decoding=\"async\" loading=\"lazy\" class=\"wp-image-86425 lazyloaded aligncenter\" src=\"https:\/\/report24.news\/wp-content\/uploads\/2023\/03\/image-41.png\" sizes=\"(max-width: 1540px) 100vw, 1540px\" srcset=\"https:\/\/report24.news\/wp-content\/uploads\/2023\/03\/image-41.png 1540w, https:\/\/report24.news\/wp-content\/uploads\/2023\/03\/image-41-768x499.png 768w, https:\/\/report24.news\/wp-content\/uploads\/2023\/03\/image-41-1536x998.png 1536w, https:\/\/report24.news\/wp-content\/uploads\/2023\/03\/image-41-600x390.png 600w\" alt=\"\" width=\"827\" height=\"538\" data-srcset=\"https:\/\/report24.news\/wp-content\/uploads\/2023\/03\/image-41.png 1540w, https:\/\/report24.news\/wp-content\/uploads\/2023\/03\/image-41-768x499.png 768w, https:\/\/report24.news\/wp-content\/uploads\/2023\/03\/image-41-1536x998.png 1536w, https:\/\/report24.news\/wp-content\/uploads\/2023\/03\/image-41-600x390.png 600w\" data-src=\"https:\/\/report24.news\/wp-content\/uploads\/2023\/03\/image-41.png\" \/><em>Z\u00e1pis Gerharda Schr\u00f6dera na ukrajinsk\u00fd seznam \u00famrt\u00ed.<\/em><\/figure>\n<p><span>Str\u00e1nka je vybavena softwarem pro rozpozn\u00e1v\u00e1n\u00ed obli\u010deje \u201eIDentigraF\u201c, tak\u017ee osoby, kter\u00e9 budou pozd\u011bji zavra\u017ed\u011bny, mohou b\u00fdt rychleji identifikov\u00e1ny a p\u0159i\u0159azeny.\u00a0U\u017eivatel\u00e9 internetu mohou pos\u00edlat obr\u00e1zky a seznam \u00fadajn\u00fdch \u201ezlo\u010din\u016f proti Ukrajin\u011b\u201c.\u00a0Mo\u017enosti klasifikace jsou nap\u0159.\u00a0nap\u0159.: \u201eprotiukrajinsk\u00fd propagandista\u201c, \u201ev\u00e1le\u010dn\u00e1 propaganda\u201c a \u201edistribuce kremelsk\u00e9 propagandy tzv. \u201arusk\u00e9ho sv\u011bta\u2018\u201c.<\/span><\/p>\n<p><span>Na domovsk\u00e9 str\u00e1nce je mnoho obr\u00e1zk\u016f znetvo\u0159en\u00fdch mrtvol.\u00a0Zavra\u017ed\u011bn\u00fdm \u201enep\u0159\u00e1tel\u016fm Ukrajiny\u201c je p\u0159id\u011bleno logo \u201elikvidace\u201c.\u00a0Jednou z inspirac\u00ed pro str\u00e1nky je pr\u00fd neonacista Anton Hera\u0161\u010denko, kter\u00fd m\u00e1 bl\u00edzko k nechvaln\u011b zn\u00e1m\u00e9 neonacistick\u00e9 brig\u00e1d\u011b Azov.\u00a0Zpo\u010d\u00e1tku str\u00e1nku ofici\u00e1ln\u011b provozovalo ukrajinsk\u00e9 ministerstvo vnitra a tajn\u00e1 slu\u017eba SBU \u2013 jejich n\u00e1zvy a loga pak v roce 2016 zmizely.<\/span><\/p>\n<p><span>Zab\u00edjen\u00ed za\u010dalo brzy.\u00a0<\/span><a href=\"https:\/\/www.solidaritaet.com\/neuesol\/2022\/37\/mirotworez.htm\" target=\"_blank\" rel=\"noreferrer noopener\"><span>V roce 2015 nap\u0159\u00edklad Myrotvorec zve\u0159ejnil<\/span><\/a><span>\u00a0soukrom\u00e9 adresy ukrajinsk\u00e9ho spisovatele Olese Buziny a b\u00fdval\u00e9ho poslance Nejvy\u0161\u0161\u00ed rady Olega Kala\u0161nikova \u2013 o p\u00e1r dn\u00ed pozd\u011bji byli zavra\u017ed\u011bni.\u00a0Nejsou to jedin\u00e9 ob\u011bti.\u00a0Od roku 2016 p\u0159ib\u00fdvaj\u00ed jm\u00e9na mezin\u00e1rodn\u00edch novin\u00e1\u0159\u016f, v\u010detn\u011b zam\u011bstnanc\u016f Sorosov\u00fdch medi\u00e1ln\u00edch dom\u016f AFP, Reuters, CNN, BBC, Le Monde a podobn\u011b.<\/span><\/p>\n<p><span>Tato str\u00e1nka je \u00fadajn\u011b od roku 2016 st\u0159edem mezin\u00e1rodn\u00edho vy\u0161et\u0159ov\u00e1n\u00ed, dokonce i OSN a zem\u011b G7 vyj\u00e1d\u0159ily znepokojen\u00ed a zas\u00e1hly.\u00a0Takov\u00fdm tvrzen\u00edm se \u010dlov\u011bk m\u016f\u017ee jen sm\u00e1t, kdy\u017e si vzpomene na celosv\u011btovou cenzuru disident\u016f b\u011bhem koronavirov\u00e9 pandemie.\u00a0Vypnut\u00ed str\u00e1nky by bylo ot\u00e1zkou minut, pokud byste opravdu cht\u011bli.<\/span><\/p>\n<p><span>Jossip Borrell, jako ministr zahrani\u010d\u00ed EU v roce 2022, \u0159ekl:\u00a0<\/span><em><span>\u201eEU nastolila probl\u00e9m tohoto webu s ukrajinsk\u00fdmi partnery a bude si s nimi nad\u00e1le vym\u011b\u0148ovat n\u00e1zory na toto t\u00e9ma.\u201c<\/span><\/em><span>\u00a0Tak\u017ee stra\u0161n\u011b zavrt\u011bl ukazov\u00e1\u010dkem.<\/span><\/p>\n<p><span>B\u00fdval\u00fd n\u011bmeck\u00fd kancl\u00e9\u0159 Gerhard Schr\u00f6der je na ukrajinsk\u00e9m seznamu mrtv\u00fdch od 8. listopadu 2018 \u2013 mnoho let p\u0159ed Putinov\u00fdm \u00fadajn\u00fdm \u201ebezd\u016fvodn\u00fdm \u00fatokem\u201c na za\u010d\u00e1tku roku 2022. Schr\u00f6der je Myrotvorcem obvin\u011bn z protiukrajinsk\u00e9 propagandy.\u00a0Za atent\u00e1t jsou tak\u00e9 o\u010di\u0161t\u011bni ma\u010farsk\u00fd premi\u00e9r Orb\u00e1n a chorvatsk\u00fd prezident Zoran Milanovi\u010d.\u00a0Znovu opakujeme: to jsou pravd\u011bpodobn\u011b hodnoty Evropy, kter\u00e9 se na Ukrajin\u011b br\u00e1n\u00ed.<\/span><\/p>\n<p><a href=\"https:\/\/report24.news\/auch-deutscher-ex-kanzler-schroeder-auf-ukrainischer-todesliste\/\">Report24<\/a><\/p>\n<p>&nbsp;<\/p>\n<p>&nbsp;<\/p>\n<p><img decoding=\"async\" loading=\"lazy\" class=\"alignnone  wp-image-19187\" src=\"http:\/\/www.infokuryr.cz\/n\/wp-content\/uploads\/2022\/12\/1-PRO-300x36.jpg\" alt=\"\" width=\"1150\" height=\"138\" srcset=\"https:\/\/www.infokuryr.cz\/n\/wp-content\/uploads\/2022\/12\/1-PRO-300x36.jpg 300w, https:\/\/www.infokuryr.cz\/n\/wp-content\/uploads\/2022\/12\/1-PRO.jpg 699w\" sizes=\"(max-width: 1150px) 100vw, 1150px\" \/><\/p>\n<p>&nbsp;<\/p>\n<p>&nbsp;<\/p>\n","protected":false},"excerpt":{"rendered":"<p>Ukrajina ofici\u00e1ln\u011b vede seznam smrti \u2013 lid\u00e9, kte\u0159\u00ed jsou na n\u011bm, maj\u00ed b\u00fdt zavra\u017ed\u011bni.\u00a0V n\u011bkolika&#8230;<\/p>\n","protected":false},"author":2,"featured_media":13494,"comment_status":"closed","ping_status":"closed","sticky":false,"template":"","format":"standard","meta":[],"categories":[7],"tags":[3033,2552,26,1205],"_links":{"self":[{"href":"https:\/\/www.infokuryr.cz\/n\/wp-json\/wp\/v2\/posts\/23994"}],"collection":[{"href":"https:\/\/www.infokuryr.cz\/n\/wp-json\/wp\/v2\/posts"}],"about":[{"href":"https:\/\/www.infokuryr.cz\/n\/wp-json\/wp\/v2\/types\/post"}],"author":[{"embeddable":true,"href":"https:\/\/www.infokuryr.cz\/n\/wp-json\/wp\/v2\/users\/2"}],"replies":[{"embeddable":true,"href":"https:\/\/www.infokuryr.cz\/n\/wp-json\/wp\/v2\/comments?post=23994"}],"version-history":[{"count":0,"href":"https:\/\/www.infokuryr.cz\/n\/wp-json\/wp\/v2\/posts\/23994\/revisions"}],"wp:featuredmedia":[{"embeddable":true,"href":"https:\/\/www.infokuryr.cz\/n\/wp-json\/wp\/v2\/media\/13494"}],"wp:attachment":[{"href":"https:\/\/www.infokuryr.cz\/n\/wp-json\/wp\/v2\/media?parent=23994"}],"wp:term":[{"taxonomy":"category","embeddable":true,"href":"https:\/\/www.infokuryr.cz\/n\/wp-json\/wp\/v2\/categories?post=23994"},{"taxonomy":"post_tag","embeddable":true,"href":"https:\/\/www.infokuryr.cz\/n\/wp-json\/wp\/v2\/tags?post=23994"}],"curies":[{"name":"wp","href":"https:\/\/api.w.org\/{rel}","templated":true}]}}