{"id":23993,"date":"2023-03-07T01:02:31","date_gmt":"2023-03-07T00:02:31","guid":{"rendered":"http:\/\/www.infokuryr.cz\/n\/?p=23993"},"modified":"2023-03-06T15:30:23","modified_gmt":"2023-03-06T14:30:23","slug":"porazka-ukrajiny-je-nevyhnutelna","status":"publish","type":"post","link":"https:\/\/www.infokuryr.cz\/n\/2023\/03\/07\/porazka-ukrajiny-je-nevyhnutelna\/","title":{"rendered":"Por\u00e1\u017eka Ukrajiny je nevyhnuteln\u00e1"},"content":{"rendered":"<div id=\"fb-root\"><\/div>\n<div class=\"elementor-element elementor-element-ce0c00d articlestyle elementor-widget elementor-widget-theme-post-content\" data-id=\"ce0c00d\" data-element_type=\"widget\" data-widget_type=\"theme-post-content.default\">\n<div class=\"elementor-widget-container\">\n<p><strong>\u010c\u00edm d\u00e9le boje na Ukrajin\u011b pokra\u010duj\u00ed, t\u00edm se zu\u017euje okno pro vyjednan\u00e9 \u0159e\u0161en\u00ed.\u00a0Pokud se ukrajinsk\u00e1 arm\u00e1da vzd\u00e1, Moskva si podm\u00ednky stanov\u00ed sama.\u00a0Opravdu to chce Kyjev riskovat?<\/strong><\/p>\n<p>V z\u00e1padn\u00edch hlavn\u00edch m\u011bstech se st\u00e1le soust\u0159ed\u00ed na dlouhodobou opot\u0159ebovac\u00ed v\u00e1lku proti rusk\u00fdm jednotk\u00e1m.\u00a0Ukrajinsk\u00e9 ztr\u00e1ty voj\u00e1k\u016f a techniky jsou pouze \u010d\u00edsla na pap\u00ed\u0159e.\u00a0Kdy\u017e je ukrajinsk\u00fd lidsk\u00fd materi\u00e1l rozdrcen rusk\u00fdmi gran\u00e1ty a pro\u0161pikov\u00e1n rusk\u00fdmi kulkami, z\u00e1padn\u00ed v\u016fdci ron\u00ed v nejlep\u0161\u00edm p\u0159\u00edpad\u011b krokod\u00fdl\u00ed slzy.\u00a0Jsou ob\u011btov\u00e1ni na geopolitick\u00e9m olt\u00e1\u0159i, aby Rusko vojensky a ekonomicky oslabili.<\/p>\n<p>Ale i p\u0159es pokra\u010duj\u00edc\u00ed z\u00e1padn\u00ed dod\u00e1vky zbran\u00ed, munice a v\u00e1le\u010dn\u00e9ho vybaven\u00ed ukrajinsk\u00e9 jednotky evidentn\u011b um\u00edraj\u00ed na boji\u0161ti rychleji, ne\u017e se o\u010dek\u00e1valo.\u00a0Hromadn\u00fd exodus ob\u010dan\u016f do zahrani\u010d\u00ed tak\u00e9 zt\u011b\u017euje n\u00e1bor \u010derstv\u00e9ho masa do p\u0159edn\u00edch lini\u00ed, kter\u00e9 je po z\u00e1kladn\u00edm z\u00e1kladn\u00edm v\u00fdcviku vysl\u00e1no k obran\u011b vlasti a n\u00e1sledn\u011b b\u011bhem n\u011bkolika hodin projde ml\u00fdnkem na\u00a0<a href=\"https:\/\/report24.news\/fleischwolf-bachmut-sinnloser-massentod-ukrainischer-soldaten\/\">maso<\/a>\u00a0.\u00a0Proto\u017ee\u00a0<a href=\"https:\/\/www.airandspaceforces.com\/russian-air-force-lot-of-capability-left-ukraine-invasion\/\">vojensk\u00e1 p\u0159evaha<\/a>\u00a0rusk\u00fdch jednotek je nezam\u011bniteln\u00e1.<\/p>\n<p>Bitva o m\u011bsto Bachmut je uk\u00e1zkov\u00fdm p\u0159\u00edkladem toho, jak rusk\u00e9 jednotky vyu\u017eily\u00a0Zelensk\u00e9ho rozkazy k boji a\u017e do ho\u0159k\u00e9ho konce (jako tomu bylo v Mariupolu\u00a0<a href=\"https:\/\/report24.news\/mariupol-fast-1-000-milizionaere-und-soldaten-haben-sich-den-russen-ergeben\/\">) , aby pro\u0159\u00eddly ukrajinsk\u00e9 jednotky.\u00a0<\/a>M\u011bsto je tak\u00e9 strategicky d\u016fle\u017eit\u00e9, proto\u017ee le\u017e\u00ed na \u0159ece Dn\u011bpr, kter\u00e1 je pro Ukrajinu z\u00e1chranou.\u00a0Se ztr\u00e1tou obkl\u00ed\u010den\u00e9ho m\u011bsta pro Ukrajinu je pro rusk\u00e9 jednotky snaz\u0161\u00ed postupovat na z\u00e1pad.\u00a0Tak\u00e9 se ztr\u00e1tou kontroly nad Dn\u011bprem mohou Ukrajinci jen st\u011b\u017e\u00ed pos\u00edlat rakety na Krym.<\/p>\n<p>Jeden fakt u\u017e ale nelze pop\u0159\u00edt: Ukrajina tuto v\u00e1lku prohraje.\u00a0Mo\u017en\u00e1 za p\u00e1r m\u011bs\u00edc\u016f nebo dokonce za rok.\u00a0Ale bez ohledu na to, kolik zbran\u00ed Z\u00e1pad po\u0161le, Ukrajinc\u016fm prost\u011b chyb\u00ed pot\u0159ebn\u00e1 pracovn\u00ed s\u00edla kv\u016fli obrovsk\u00fdm ztr\u00e1t\u00e1m za posledn\u00edch dvan\u00e1ct m\u011bs\u00edc\u016f.\u00a0A to nen\u00ed v\u0161e.\u00a0Kdo zn\u00e1 ruskou historii, v\u00ed, \u017ee tito lid\u00e9 se jen tak nevzd\u00e1vaj\u00ed.\u00a0Bez ohledu na to, jak velk\u00e9 mohou b\u00fdt va\u0161e vlastn\u00ed ztr\u00e1ty.<\/p>\n<p>Pro Kyjev by byl nejvy\u0161\u0161\u00ed \u010das vypracovat v\u00fdstupn\u00ed strategii a tak\u00e9 jednat s Moskvou.\u00a0Proto\u017ee \u010d\u00edm d\u00e9le tato v\u00e1lka trv\u00e1, ztr\u00e1ty na voj\u00e1c\u00edch a materi\u00e1lu raketov\u011b rostou a rusk\u00e1 vojska postupuj\u00ed d\u00e1le, t\u00edm hor\u0161\u00ed je v\u00fdchoz\u00ed bod pro jedn\u00e1n\u00ed.\u00a0To chce Zelenskyj?<\/p>\n<p><a href=\"https:\/\/report24.news\/die-niederlage-der-ukraine-ist-unvermeidlich\/\">Report24<\/a><\/p>\n<\/div>\n<\/div>\n<p>&nbsp;<\/p>\n<p><img decoding=\"async\" loading=\"lazy\" class=\"wp-image-19187 aligncenter\" src=\"http:\/\/www.infokuryr.cz\/n\/wp-content\/uploads\/2022\/12\/1-PRO-300x36.jpg\" alt=\"\" width=\"1125\" height=\"135\" srcset=\"https:\/\/www.infokuryr.cz\/n\/wp-content\/uploads\/2022\/12\/1-PRO-300x36.jpg 300w, https:\/\/www.infokuryr.cz\/n\/wp-content\/uploads\/2022\/12\/1-PRO.jpg 699w\" sizes=\"(max-width: 1125px) 100vw, 1125px\" \/><\/p>\n<p>&nbsp;<\/p>\n<p>&nbsp;<\/p>\n<div class=\"elementor-element elementor-element-ce0c00d articlestyle elementor-widget elementor-widget-theme-post-content\" data-id=\"ce0c00d\" data-element_type=\"widget\" data-widget_type=\"theme-post-content.default\">\n<div class=\"elementor-widget-container\">\n<p>&nbsp;<\/p>\n<\/div>\n<\/div>\n","protected":false},"excerpt":{"rendered":"<p>\u010c\u00edm d\u00e9le boje na Ukrajin\u011b pokra\u010duj\u00ed, t\u00edm se zu\u017euje okno pro vyjednan\u00e9 \u0159e\u0161en\u00ed.\u00a0Pokud se ukrajinsk\u00e1&#8230;<\/p>\n","protected":false},"author":2,"featured_media":22713,"comment_status":"closed","ping_status":"closed","sticky":false,"template":"","format":"standard","meta":[],"categories":[7],"tags":[29,26,40,1000],"_links":{"self":[{"href":"https:\/\/www.infokuryr.cz\/n\/wp-json\/wp\/v2\/posts\/23993"}],"collection":[{"href":"https:\/\/www.infokuryr.cz\/n\/wp-json\/wp\/v2\/posts"}],"about":[{"href":"https:\/\/www.infokuryr.cz\/n\/wp-json\/wp\/v2\/types\/post"}],"author":[{"embeddable":true,"href":"https:\/\/www.infokuryr.cz\/n\/wp-json\/wp\/v2\/users\/2"}],"replies":[{"embeddable":true,"href":"https:\/\/www.infokuryr.cz\/n\/wp-json\/wp\/v2\/comments?post=23993"}],"version-history":[{"count":0,"href":"https:\/\/www.infokuryr.cz\/n\/wp-json\/wp\/v2\/posts\/23993\/revisions"}],"wp:featuredmedia":[{"embeddable":true,"href":"https:\/\/www.infokuryr.cz\/n\/wp-json\/wp\/v2\/media\/22713"}],"wp:attachment":[{"href":"https:\/\/www.infokuryr.cz\/n\/wp-json\/wp\/v2\/media?parent=23993"}],"wp:term":[{"taxonomy":"category","embeddable":true,"href":"https:\/\/www.infokuryr.cz\/n\/wp-json\/wp\/v2\/categories?post=23993"},{"taxonomy":"post_tag","embeddable":true,"href":"https:\/\/www.infokuryr.cz\/n\/wp-json\/wp\/v2\/tags?post=23993"}],"curies":[{"name":"wp","href":"https:\/\/api.w.org\/{rel}","templated":true}]}}