{"id":2399,"date":"2021-06-10T01:55:39","date_gmt":"2021-06-09T23:55:39","guid":{"rendered":"http:\/\/www.infokuryr.cz\/n\/?p=2399"},"modified":"2021-06-10T01:55:39","modified_gmt":"2021-06-09T23:55:39","slug":"zapad-vzdy-ignoroval-vsechny-obavy-ruska-putin-nevyloucil-ze-se-ukrajina-zahy-stane-clenem-nato","status":"publish","type":"post","link":"https:\/\/www.infokuryr.cz\/n\/2021\/06\/10\/zapad-vzdy-ignoroval-vsechny-obavy-ruska-putin-nevyloucil-ze-se-ukrajina-zahy-stane-clenem-nato\/","title":{"rendered":"\u201eZ\u00e1pad v\u017edy ignoroval v\u0161echny obavy Ruska.\u201c Putin nevylou\u010dil, \u017ee se Ukrajina z\u00e1hy stane \u010dlenem NATO"},"content":{"rendered":"<div id=\"fb-root\"><\/div>\n<p><strong>Rusk\u00fd prezident Vladimir Putin dnes promluvil tak\u00e9 o mo\u017en\u00e9m vstupu Ukrajiny do Severoatlantick\u00e9 aliance. Nechal se sly\u0161et, \u017ee neexistuj\u00ed \u017e\u00e1dn\u00e9 garance toho, \u017ee ke vstupu dan\u00e9 zem\u011b do NATO nedojde.<\/strong><\/p>\n<p>Rusko nev\u00ed, jak prob\u00edh\u00e1 rozhovor Kyjeva a Washingtonu o\u00a0<strong>mo\u017enosti vstupu Ukrajiny do NATO<\/strong>, uvedl rusk\u00fd prezident Vladimir Putin s t\u00edm, \u017ee nesd\u00edl\u00ed postoj t\u011bch, kte\u0159\u00ed se vysm\u00edvaj\u00ed mo\u017enosti vstupu Kyjeva do t\u00e9to aliance. \u017d\u00e1dn\u00e9 z\u00e1ruky toho, \u017ee dan\u00e1 zem\u011b nevstoup\u00ed do Severoatlantick\u00e9 aliance, toti\u017e podle n\u011bj nejsou.<\/p>\n<p>\u201eOhledn\u011b vstupu Ukrajiny do NATO: Ano, zn\u00e1m a vid\u00edm reakce na\u0161ich koment\u00e1tor\u016f, vid\u00edm reakce na\u0161ich m\u00e9di\u00ed, na\u0161ich politik\u016f. V\u0161ichni se tak trochu sm\u011bj\u00ed ukrajinsk\u00e9mu prezidentovi Volodymyrovi Zelensk\u00e9mu. Pr\u00fd je to v\u0161echno jen pr\u00e1zdn\u00e9 tlach\u00e1n\u00ed a nic se nestane. J\u00e1 m\u00e1m jin\u00fd n\u00e1zor. K roz\u0161\u00ed\u0159en\u00ed NATO u\u017e d\u0159\u00edve do\u0161lo, a jak jsem \u0159ekl, nikdo se n\u00e1s neptal,\u201c \u0159ekl Putin ve vys\u00edl\u00e1n\u00ed televize Rusko 24.<\/p>\n<p>Prezident tak\u00e9 p\u0159ipomn\u011bl, \u017ee Z\u00e1pad zkr\u00e1tka ignoroval v\u0161echny obavy Ruska.<\/p>\n<p>\u201eA mysl\u00edm, \u017ee je to jedna z verz\u00ed. Nev\u00edme toti\u017e, jak vlastn\u011b ten rozhovor prob\u00edhal. Ameri\u010dt\u00ed partne\u0159i nyn\u00ed \u0159\u00edkaj\u00ed, \u017ee pr\u00fd Ukrajin\u011b nic neslibovali. Jak to v\u00edme? A mo\u017en\u00e1 Zelensk\u00e9mu jednodu\u0161e \u0159ekli: \u201eV\u00ed\u0161 co, objevil ses n\u011bjak brzo. Je je\u0161t\u011b p\u0159\u00edli\u0161 brzy na to o tom mluvit, proto\u017ee se bl\u00ed\u017e\u00ed sch\u016fzka dvou prezident\u016f na nejvy\u0161\u0161\u00ed \u00farovni, p\u0159ek\u00e1\u017e\u00ed\u0161 n\u00e1m, kaz\u00ed\u0161 n\u00e1m atmosf\u00e9ru summitu. To jsi nemohl je\u0161t\u011b p\u00e1r dn\u00ed ml\u010det nebo co?\u201c Ve skute\u010dnosti si ale lze snadno p\u0159edstavit, \u017ee pl\u00e1ny vstupu Ukrajiny do NATO se projedn\u00e1vaj\u00ed. Ka\u017edop\u00e1dn\u011b nikdo ne\u0159\u00edk\u00e1 ne,\u201c zd\u016fraznil Putin.<\/p>\n<p>Dodal tak\u00e9, \u017ee ve sv\u00fdch p\u0159edchoz\u00edch rozhovorech na toto t\u00e9ma s b\u00fdval\u00fdmi v\u016fdci USA ji\u017e n\u011bkolikr\u00e1t sly\u0161el, \u017ee\u00a0NATO\u00a0je otev\u0159enou organizac\u00ed. \u201eTo za prv\u00e9. A druh\u00e1 teze zn\u00ed: Ka\u017ed\u00fd n\u00e1rod, ka\u017ed\u00fd st\u00e1t m\u00e1 pr\u00e1vo zvolit si, co pova\u017euje za nezbytn\u00e9 k zaji\u0161t\u011bn\u00ed sv\u00e9 bezpe\u010dnosti. To mi bylo \u0159e\u010deno hned n\u011bkolikr\u00e1t,\u201c \u0159ekl prezident.<\/p>\n<p>Znovu pak zd\u016fraznil, \u017ee neexistuj\u00ed \u017e\u00e1dn\u00e9 z\u00e1ruky o tom, \u017ee Ukrajina do NATO nevstoup\u00ed.<\/p>\n<p>\u201eO \u010dem mluvili, na \u010dem se shodli, to nev\u00edme. Tento v\u00fdk\u0159ik p\u0159es oce\u00e1n sm\u011brem k prezidentovi Ukrajiny, podle m\u00e9ho n\u00e1zoru, nic neznamen\u00e1, to mus\u00edme m\u00edt na pam\u011bti. S t\u00edmto na pam\u011bti mus\u00edme vhodn\u00fdm zp\u016fsobem budovat vztahy v bezpe\u010dnostn\u00ed oblasti s na\u0161imi partnery a bl\u00edzk\u00fdmi sousedy a s t\u011bmi, kte\u0159\u00ed kontroluj\u00ed zahrani\u010dn\u00ed politiku zven\u010d\u00ed,\u201c dodal.<\/p>\n<p>D\u00e1le se\u00a0<strong>Putin<\/strong>\u00a0nechal sly\u0161et, \u017ee pova\u017euje za chytr\u00e9 ty lidi na Ukrajin\u011b, kte\u0159\u00ed jsou odp\u016frci vstupu zem\u011b do NATO, proto\u017ee se necht\u011bj\u00ed st\u00e1t \u201epotravou pro d\u011bla\u201c a \u201edrobnou minc\u00ed\u201c.<\/p>\n<p>\u201ePodle posledn\u00edch zve\u0159ejn\u011bn\u00fdch \u00fadaj\u016f s minim\u00e1ln\u011b 50 % obyvatel Ukrajiny nep\u0159eje, aby se zem\u011b p\u0159ipojila k NATO, a jsou to chyt\u0159\u00ed lid\u00e9. Bez jak\u00e9koli ironie \u0159\u00edk\u00e1m, a ne proto, \u017ee by ostatn\u00ed m\u011bli b\u00fdt hloup\u00ed, ale proto, \u017ee ti, kte\u0159\u00ed to necht\u011bj\u00ed, ch\u00e1pou, \u017ee se necht\u011bj\u00ed st\u00e1t \u201epotravou pro d\u011bla\u201c a \u201edrobnou minc\u00ed\u201c,\u201c poznamenal.<\/p>\n<p>Stejn\u011b tak uvedl, \u017ee tito lid\u00e9 \u201ese podle v\u0161eho c\u00edt\u00ed b\u00fdt sou\u010d\u00e1st\u00ed na\u0161\u00ed spole\u010dn\u00e9 civilizace a necht\u011bj\u00ed, aby se jedna \u010d\u00e1st civilizace stav\u011bla proti jin\u00e9 \u010d\u00e1sti civilizace, a z\u00e1rove\u0148 sk\u00e1kala, jak n\u011bkdo ciz\u00ed p\u00edsk\u00e1\u201c. \u201eChyt\u0159\u00ed lid\u00e9,\u201c uzav\u0159el celou v\u011bc rusk\u00fd prezident.<\/p>\n<p><strong>Ukrajina vs. NATO<\/strong><\/p>\n<p>P\u0159ipome\u0148me, \u017ee ji\u017e v roce 2014 se Ukrajina vzdala sv\u00e9ho nez\u00fa\u010dastn\u011bn\u00e9ho postaven\u00ed, a pot\u00e9 prohl\u00e1sila vstup do NATO za jeden ze sv\u00fdch zahrani\u010dn\u011bpolitick\u00fdch c\u00edl\u016f. V roce 2019 bylo dokonce sm\u011b\u0159ov\u00e1n\u00ed ke vstupu do aliance zakotveno v \u00fastav\u011b.<\/p>\n<p>V lo\u0148sk\u00e9m roce se Ukrajina stala \u0161est\u00fdm st\u00e1tem, kter\u00fd z\u00edskal status partnera NATO s roz\u0161\u00ed\u0159enou p\u016fsobnost\u00ed. B\u00fdval\u00fd gener\u00e1ln\u00ed tajemn\u00edk aliance Anders Fogh Rasmussen tehdy uvedl, \u017ee Kyjev bude muset splnit \u0159adu krit\u00e9ri\u00ed, co\u017e bude trvat dlouho.<\/p>\n<p>Odborn\u00edci sou\u010dasn\u011b odhaduj\u00ed, \u017ee\u00a0<u>Ukrajina<\/u>\u00a0nebude m\u00edt v p\u0159\u00ed\u0161t\u00edch 20 letech n\u00e1rok na \u010dlenstv\u00ed v t\u00e9to alianci.<\/p>\n<p><a href=\"https:\/\/cz.sputniknews.com\/20210609\/zapad-vzdy-ignoroval-vsechny-obavy-ruska-putin-nevyloucil-ze-se-ukrajina-zahy-stane-clenem-nato-14786702.html\">ZDROJ<\/a><\/p>\n<p>&nbsp;<\/p>\n","protected":false},"excerpt":{"rendered":"<p>Rusk\u00fd prezident Vladimir Putin dnes promluvil tak\u00e9 o mo\u017en\u00e9m vstupu Ukrajiny do Severoatlantick\u00e9 aliance. Nechal&#8230;<\/p>\n","protected":false},"author":2,"featured_media":507,"comment_status":"closed","ping_status":"closed","sticky":false,"template":"","format":"standard","meta":[],"categories":[7],"tags":[39,102,26,37],"_links":{"self":[{"href":"https:\/\/www.infokuryr.cz\/n\/wp-json\/wp\/v2\/posts\/2399"}],"collection":[{"href":"https:\/\/www.infokuryr.cz\/n\/wp-json\/wp\/v2\/posts"}],"about":[{"href":"https:\/\/www.infokuryr.cz\/n\/wp-json\/wp\/v2\/types\/post"}],"author":[{"embeddable":true,"href":"https:\/\/www.infokuryr.cz\/n\/wp-json\/wp\/v2\/users\/2"}],"replies":[{"embeddable":true,"href":"https:\/\/www.infokuryr.cz\/n\/wp-json\/wp\/v2\/comments?post=2399"}],"version-history":[{"count":0,"href":"https:\/\/www.infokuryr.cz\/n\/wp-json\/wp\/v2\/posts\/2399\/revisions"}],"wp:featuredmedia":[{"embeddable":true,"href":"https:\/\/www.infokuryr.cz\/n\/wp-json\/wp\/v2\/media\/507"}],"wp:attachment":[{"href":"https:\/\/www.infokuryr.cz\/n\/wp-json\/wp\/v2\/media?parent=2399"}],"wp:term":[{"taxonomy":"category","embeddable":true,"href":"https:\/\/www.infokuryr.cz\/n\/wp-json\/wp\/v2\/categories?post=2399"},{"taxonomy":"post_tag","embeddable":true,"href":"https:\/\/www.infokuryr.cz\/n\/wp-json\/wp\/v2\/tags?post=2399"}],"curies":[{"name":"wp","href":"https:\/\/api.w.org\/{rel}","templated":true}]}}