{"id":23989,"date":"2023-03-07T01:01:36","date_gmt":"2023-03-07T00:01:36","guid":{"rendered":"http:\/\/www.infokuryr.cz\/n\/?p=23989"},"modified":"2023-03-06T15:15:57","modified_gmt":"2023-03-06T14:15:57","slug":"viktor-orban-ve-valce-ktera-se-odehrava-v-evrope-maji-posledni-slovo-americane","status":"publish","type":"post","link":"https:\/\/www.infokuryr.cz\/n\/2023\/03\/07\/viktor-orban-ve-valce-ktera-se-odehrava-v-evrope-maji-posledni-slovo-americane\/","title":{"rendered":"Viktor Orban: &#8222;Ve v\u00e1lce, kter\u00e1 se odehr\u00e1v\u00e1 v Evrop\u011b, maj\u00ed posledn\u00ed slovo Ameri\u010dan\u00e9!&#8220;"},"content":{"rendered":"<div id=\"fb-root\"><\/div>\n<div class=\"elementor-element elementor-element-1fb4c2c elementor-widget elementor-widget-theme-post-content\" data-id=\"1fb4c2c\" data-element_type=\"widget\" data-widget_type=\"theme-post-content.default\">\n<div class=\"elementor-widget-container\">\n<p><a href=\"https:\/\/hungarytoday.hu\/no-one-can-win-this-war-says-viktor-orban\/\" target=\"_blank\" rel=\"noreferrer noopener\" data-type=\"URL\" data-id=\"https:\/\/hungarytoday.hu\/no-one-can-win-this-war-says-viktor-orban\/\"><span>Ma\u010farsk\u00fd premi\u00e9r Viktor Orb\u00e1n v nov\u00e9m rozhovoru pro \u0161v\u00fdcarsk\u00fd t\u00fdden\u00edk Weltwoche<\/span><\/a><span>\u00a0\u0159ekl,\u00a0\u017ee veden\u00ed jeho zem\u011b je \u201edost siln\u00e9, aby udr\u017eelo v\u00e1lku daleko od na\u0161\u00ed zem\u011b\u201c.\u00a0Z\u00e1rove\u0148 zd\u016fraznil, \u017ee posledn\u00ed slovo v ukrajinsk\u00e9m konfliktu m\u00e1 Washington.<\/span><\/p>\n<p><span>Zab\u00fdval se tak\u00e9 z\u00e1stupnou v\u00e1le\u010dnou povahou konfliktu: &#8222;Jsou n\u011bkte\u0159\u00ed, kte\u0159\u00ed cht\u011bj\u00ed donutit Ma\u010farsko k v\u00e1lce a nejsou vyb\u00edrav\u00ed, pokud jde o prost\u0159edky, kter\u00fdmi cht\u011bj\u00ed tohoto c\u00edle dos\u00e1hnout.&#8220;<\/span><\/p>\n<p><span>\u201eUkrajina je n\u00e1\u0161 soused, kde \u017eij\u00ed i Ma\u010fa\u0159i,\u201c pokra\u010doval.\u00a0\u201eJsou povol\u00e1ni a um\u00edraj\u00ed po stovk\u00e1ch na front\u011b.\u201c Ma\u010farsk\u00e1 vl\u00e1da proti t\u00e9to praxi dlouhodob\u011b protestuje a sv\u00e9 st\u00ed\u017enosti pod\u00e1v\u00e1 v Kyjev\u011b.<\/span><\/p>\n<p><span>\u201eEvropa se st\u00e1hla z debaty,\u201c posteskl si Orb\u00e1n, \u017ee Washington zatahuje zem\u011b EU do konfrontace s Moskvou.\u00a0&#8222;V rozhodnut\u00edch p\u0159ijat\u00fdch v Bruselu vid\u00edm americk\u00e9 z\u00e1jmy \u010dast\u011bji ne\u017e evropsk\u00e9.&#8220;<\/span><\/p>\n<p><span>&#8222;Ve v\u00e1lce, kter\u00e1 se odehr\u00e1v\u00e1 v Evrop\u011b, maj\u00ed posledn\u00ed slovo Ameri\u010dan\u00e9,&#8220; zd\u016fraznil v rozhovoru.<\/span><\/p>\n<p><span>Ned\u00e1vno Ma\u010farsko uk\u00e1zalo svou neochotu p\u0159ipojit se ke zbytku NATO t\u00edm, \u017ee odlo\u017eilo hlasov\u00e1n\u00ed o ratifikaci \u017e\u00e1dost\u00ed \u0160v\u00e9dska a Finska o \u010dlenstv\u00ed.<\/span><\/p>\n<p><span>\u010ctvrte\u010dn\u00ed zpr\u00e1va agentury Associated Press uvedla: \u201eZpo\u017ed\u011bn\u00ed, kter\u00e9 posunulo hlasov\u00e1n\u00ed o dva t\u00fddny zp\u011bt na parlamentn\u00ed zased\u00e1n\u00ed, kter\u00e9 za\u010d\u00edn\u00e1 20. b\u0159ezna, p\u0159ich\u00e1z\u00ed z toho d\u016fvodu, \u017ee Ma\u010farsko je spolu s Tureckem jedinou \u010dlenskou zem\u00ed NATO, kter\u00e1 p\u0159ijala nab\u00eddky na \u010dlenstv\u00ed dva. Seversk\u00e9 zem\u011b k z\u00e1padn\u00ed vojensk\u00e9 alianci zat\u00edm neschv\u00e1lily.\u00a0Zpr\u00e1va\u00a0ukazuje<\/span><a href=\"https:\/\/apnews.com\/article\/hungary-delays-sweden-finland-nato-vote-508d7497259570c5fa15e547d8c4b005\" target=\"_blank\" rel=\"noreferrer noopener\" data-type=\"URL\" data-id=\"https:\/\/apnews.com\/article\/hungary-delays-sweden-finland-nato-vote-508d7497259570c5fa15e547d8c4b005\"><span>:<\/span><\/a><\/p>\n<p><em><span>Populistick\u00fd ma\u010farsk\u00fd premi\u00e9r Viktor Orb\u00e1n prohl\u00e1sil, \u017ee je osobn\u011b pro vstup t\u011bchto dvou zem\u00ed do NATO, ale obvinil vl\u00e1dy ve Stockholmu a Helsink\u00e1ch z \u0161\u00ed\u0159en\u00ed \u201enehanebn\u00fdch l\u017e\u00ed\u201c o Ma\u010farsku, co\u017e mezi poslanci jeho strany zpochyb\u0148uje souhlas s \u017e\u00e1dostmi.\u00a0<\/span><\/em><\/p>\n<p><span>\u201eNen\u00ed spr\u00e1vn\u00e9, \u017ee n\u00e1s \u017e\u00e1daj\u00ed, abychom je vzali na palubu, zat\u00edmco oni \u0161\u00ed\u0159\u00ed nehor\u00e1zn\u00e9 l\u017ei o Ma\u010farsku, o pr\u00e1vn\u00edm st\u00e1tu v Ma\u010farsku, o na\u0161\u00ed demokracii a o \u017eivot\u011b tady,\u201c st\u011b\u017eoval si Orban.\u00a0\u201e(Jak) m\u016f\u017ee n\u011bkdo cht\u00edt b\u00fdt na\u0161\u00edm spojencem ve vojensk\u00e9m syst\u00e9mu, zat\u00edmco bezosty\u0161n\u011b \u0161\u00ed\u0159\u00ed l\u017ei o Ma\u010farsku?\u00a0Zastavme se tedy pro laskav\u00e9 slovo a zeptejme se jich, jak to m\u016f\u017ee b\u00fdt.\u201c Ale i kdyby Budape\u0161\u0165 byla ochotna d\u00e1t sv\u016fj souhlas, odpor Turecka je je\u0161t\u011b v\u011bt\u0161\u00ed, tak\u017ee \u0160v\u00e9dsko a Finsko se pravd\u011bpodobn\u011b v dohledn\u00e9 dob\u011b k alianci nep\u0159ipoj\u00ed.<\/span><\/p>\n<p><span>Orb\u00e1n se tak\u00e9 ned\u00e1vno rozch\u00e1zel s ostatn\u00edmi evropsk\u00fdmi v\u016fdci kv\u016fli \u010d\u00ednsk\u00e9mu desetibodov\u00e9mu m\u00edrov\u00e9mu pl\u00e1nu na ukon\u010den\u00ed v\u00e1lky na Ukrajin\u011b.\u00a0Byl jedin\u00fdm z\u00e1padn\u00edm hlasem, kter\u00fd vyj\u00e1d\u0159il souhlas.\u00a0&#8222;Tak\u00e9 si mysl\u00edme, \u017ee \u010d\u00ednsk\u00fd m\u00edrov\u00fd pl\u00e1n je d\u016fle\u017eit\u00fd a podporujeme ho,&#8220; \u0159ekl \u0161\u00e9f ma\u010farsk\u00e9 vl\u00e1dy minul\u00e9 pond\u011bl\u00ed p\u0159ed parlamentem.\u00a0Zopakoval tak\u00e9 postoj Ma\u010farska, \u017ee nebude Kyjevu dod\u00e1vat zbran\u011b.<\/span><\/p>\n<\/div>\n<\/div>\n<div class=\"elementor-element elementor-element-8c57238 quelle dc-has-condition dc-condition-empty elementor-widget elementor-widget-heading\" data-id=\"8c57238\" data-element_type=\"widget\" data-widget_type=\"heading.default\">\n<div class=\"elementor-widget-container\">\n<h3 class=\"elementor-heading-title elementor-size-default\"><span style=\"font-size: 8pt;\"><a href=\"https:\/\/www.zerohedge.com\/geopolitical\/viktor-orban-war-taking-place-europe-americans-have-final-word\" target=\"_blank\" rel=\"nofollow noopener\">ZDROJ<\/a><\/span><\/h3>\n<\/div>\n<\/div>\n<p>&nbsp;<\/p>\n<p><img decoding=\"async\" loading=\"lazy\" class=\"wp-image-19187 aligncenter\" src=\"http:\/\/www.infokuryr.cz\/n\/wp-content\/uploads\/2022\/12\/1-PRO-300x36.jpg\" alt=\"\" width=\"1117\" height=\"134\" srcset=\"https:\/\/www.infokuryr.cz\/n\/wp-content\/uploads\/2022\/12\/1-PRO-300x36.jpg 300w, https:\/\/www.infokuryr.cz\/n\/wp-content\/uploads\/2022\/12\/1-PRO.jpg 699w\" sizes=\"(max-width: 1117px) 100vw, 1117px\" \/><\/p>\n<p>&nbsp;<\/p>\n<p>&nbsp;<\/p>\n","protected":false},"excerpt":{"rendered":"<p>Ma\u010farsk\u00fd premi\u00e9r Viktor Orb\u00e1n v nov\u00e9m rozhovoru pro \u0161v\u00fdcarsk\u00fd t\u00fdden\u00edk Weltwoche\u00a0\u0159ekl,\u00a0\u017ee veden\u00ed jeho zem\u011b je&#8230;<\/p>\n","protected":false},"author":2,"featured_media":1927,"comment_status":"closed","ping_status":"closed","sticky":false,"template":"","format":"standard","meta":[],"categories":[7],"tags":[439,26,37,40],"_links":{"self":[{"href":"https:\/\/www.infokuryr.cz\/n\/wp-json\/wp\/v2\/posts\/23989"}],"collection":[{"href":"https:\/\/www.infokuryr.cz\/n\/wp-json\/wp\/v2\/posts"}],"about":[{"href":"https:\/\/www.infokuryr.cz\/n\/wp-json\/wp\/v2\/types\/post"}],"author":[{"embeddable":true,"href":"https:\/\/www.infokuryr.cz\/n\/wp-json\/wp\/v2\/users\/2"}],"replies":[{"embeddable":true,"href":"https:\/\/www.infokuryr.cz\/n\/wp-json\/wp\/v2\/comments?post=23989"}],"version-history":[{"count":0,"href":"https:\/\/www.infokuryr.cz\/n\/wp-json\/wp\/v2\/posts\/23989\/revisions"}],"wp:featuredmedia":[{"embeddable":true,"href":"https:\/\/www.infokuryr.cz\/n\/wp-json\/wp\/v2\/media\/1927"}],"wp:attachment":[{"href":"https:\/\/www.infokuryr.cz\/n\/wp-json\/wp\/v2\/media?parent=23989"}],"wp:term":[{"taxonomy":"category","embeddable":true,"href":"https:\/\/www.infokuryr.cz\/n\/wp-json\/wp\/v2\/categories?post=23989"},{"taxonomy":"post_tag","embeddable":true,"href":"https:\/\/www.infokuryr.cz\/n\/wp-json\/wp\/v2\/tags?post=23989"}],"curies":[{"name":"wp","href":"https:\/\/api.w.org\/{rel}","templated":true}]}}