{"id":23986,"date":"2023-03-06T06:34:49","date_gmt":"2023-03-06T05:34:49","guid":{"rendered":"http:\/\/www.infokuryr.cz\/n\/?p=23986"},"modified":"2023-03-06T06:34:49","modified_gmt":"2023-03-06T05:34:49","slug":"netanjahu-ospravedlnuje-utoky-na-jaderna-zarizeni","status":"publish","type":"post","link":"https:\/\/www.infokuryr.cz\/n\/2023\/03\/06\/netanjahu-ospravedlnuje-utoky-na-jaderna-zarizeni\/","title":{"rendered":"Netanjahu ospravedl\u0148uje \u00fatoky na jadern\u00e1 za\u0159\u00edzen\u00ed"},"content":{"rendered":"<div id=\"fb-root\"><\/div>\n<p><span style=\"font-size: 18pt;\"><strong>Izraelsk\u00fd premi\u00e9r zpochybnil prohl\u00e1\u0161en\u00ed dozor\u010d\u00edho org\u00e1nu OSN, \u017ee jak\u00e9koli \u00fatoky na jadern\u00e9 elektr\u00e1rny jsou \u201ezak\u00e1zan\u00e9\u201c<\/strong><\/span><\/p>\n<p><span>Izraelsk\u00fd premi\u00e9r Benjamin Netanjahu trval na tom, \u017ee mo\u017enost za\u00fato\u010dit na \u00edr\u00e1nsk\u00e9 jadern\u00e9 za\u0159\u00edzen\u00ed v\u00a0<\/span><em><span>\u201esebeobran\u011b\u201c<\/span><\/em><span>\u00a0mus\u00ed b\u00fdt ponech\u00e1na na stole a argumentoval t\u00edm, \u017ee \u0161\u00e9f Mezin\u00e1rodn\u00ed agentury pro atomovou energii (MAAE) p\u0159i OSN u\u010dinil\u00a0<\/span><em><span>\u201ened\u016fstojn\u00e9\u201c<\/span><\/em><span>\u00a0prohl\u00e1\u0161en\u00ed .\u00a0prohl\u00e1sil, \u017ee jak\u00e9koli takov\u00e9 st\u00e1vky jsou zak\u00e1z\u00e1ny.<\/span><\/p>\n<p><em><span>&#8222;M\u00e1me zak\u00e1z\u00e1no se br\u00e1nit?&#8220;\u00a0<\/span><\/em><span>Netanjahu\u00a0<\/span><a href=\"https:\/\/www.timesofisrael.com\/netanyahu-slams-iaea-chief-for-saying-attacks-on-nuclear-facilities-outlawed\/\" target=\"_blank\" rel=\"noopener noreferrer\"><span>to \u0159ekl<\/span><\/a><span>\u00a0v ned\u011bli na zased\u00e1n\u00ed vl\u00e1dy.\u00a0<\/span><em><span>&#8222;Samoz\u0159ejm\u011b, je n\u00e1m to dovoleno a samoz\u0159ejm\u011b to d\u011bl\u00e1me&#8230; Nic n\u00e1m nezabr\u00e1n\u00ed chr\u00e1nit na\u0161i zemi a br\u00e1nit utla\u010dovatel\u016fm ve zni\u010den\u00ed \u017eidovsk\u00e9ho st\u00e1tu.&#8220;<\/span><\/em><\/p>\n<p><span>Netanjahuovo chv\u00e1st\u00e1n\u00ed p\u0159i\u0161lo den pot\u00e9, co se gener\u00e1ln\u00edho \u0159editele MAAE Rafaela Mariana Grossiho report\u00e9r zeptal na americk\u00e9 a izraelsk\u00e9 hrozby \u00fatoku na \u00cdr\u00e1n, pokud nebude souhlasit s omezen\u00edm sv\u00e9ho jadern\u00e9ho programu.<\/span><\/p>\n<p><span>\u201e\u00a0<\/span><em><span>Jak\u00fdkoli vojensk\u00fd \u00fatok na jadern\u00e9 za\u0159\u00edzen\u00ed je mimo z\u00e1kon, je mimo normativn\u00ed struktury, kter\u00e9 v\u0161ichni dodr\u017eujeme,\u201c\u00a0<\/span><\/em><a href=\"https:\/\/www.timesofisrael.com\/un-nuclear-chief-constructive-iran-meetings-could-produce-important-agreements\/\" target=\"_blank\" rel=\"noopener noreferrer\"><span>\u0159ekl<\/span><\/a><span>\u00a0Grossi\u00a0na tiskov\u00e9 konferenci v Teher\u00e1nu po setk\u00e1n\u00ed s \u00edr\u00e1nsk\u00fdmi v\u016fdci.\u00a0Tato z\u00e1sada plat\u00ed pro v\u0161echna jadern\u00e1 za\u0159\u00edzen\u00ed, v\u010detn\u011b nejv\u011bt\u0161\u00edho evropsk\u00e9ho atomov\u00e9ho za\u0159\u00edzen\u00ed v Z\u00e1poro\u017e\u00ed.<\/span><\/p>\n<p><span>Netanjahu \u0159ekl, \u017ee \u017e\u00e1dn\u00fd takov\u00fd z\u00e1kaz nem\u016f\u017ee platit pro Izrael.\u00a0<\/span><em><span>\u201eRafael Grossi je hodn\u00fd \u010dlov\u011bk, kter\u00fd ud\u011blal nehodnou pozn\u00e1mku,\u201c<\/span><\/em><span>\u00a0\u0159ekl.\u00a0<\/span><em><span>\u201eJak\u00fdm z\u00e1konem postaveno mimo z\u00e1kon?\u00a0M\u016f\u017ee \u00cdr\u00e1n, kter\u00fd ve\u0159ejn\u011b vol\u00e1 po na\u0161em vyhlazen\u00ed, chr\u00e1nit sv\u00e9 ni\u010div\u00e9 zbran\u011b, kter\u00e9 n\u00e1s zabij\u00ed?<\/span><\/em><\/p>\n<p><span>Grossiho cesta do Teher\u00e1nu se zjevn\u011b vyplatila, proto\u017ee \u00edr\u00e1n\u0161t\u00ed p\u0159edstavitel\u00e9 souhlasili s obnoven\u00edm p\u0159\u00edstupu dozor\u010d\u00edho org\u00e1nu OSN k n\u011bkter\u00fdm sledovac\u00edm n\u00e1stroj\u016fm v jadern\u00fdch za\u0159\u00edzen\u00edch zem\u011b.\u00a0MAAE tak\u00e9 z\u00edskala nav\u00fd\u0161en\u00ed inspekc\u00ed v jadern\u00e9 lokalit\u011b Fordo, jako\u017e i dal\u0161\u00ed ov\u011b\u0159ovac\u00ed a monitorovac\u00ed \u010dinnosti.<\/span><\/p>\n<p><em><span>&#8222;To nejsou slova,&#8220;<\/span><\/em><span>\u00a0\u0159ekl Grossi novin\u00e1\u0159\u016fm po sv\u00e9m sobotn\u00edm n\u00e1vratu do V\u00eddn\u011b.\u00a0<\/span><em><span>&#8222;Tohle je velmi konkr\u00e9tn\u00ed.&#8220;<\/span><\/em><\/p>\n<p><span>Teher\u00e1n pop\u0159el, \u017ee by m\u011bl jak\u00e9koli ambice z\u00edskat jadern\u00e9 zbran\u011b.\u00a0\u00cdr\u00e1n podepsal dohodu s USA a dal\u0161\u00edmi sv\u011btov\u00fdmi mocnostmi v roce 2015, v n\u00ed\u017e souhlasil s uvalen\u00edm omezen\u00ed na sv\u016fj jadern\u00fd pr\u016fmysl, v\u010detn\u011b obohacov\u00e1n\u00ed uranu, aby rozpt\u00fdlil obavy z jeho potenci\u00e1lu pro v\u00fdvoj hlavic.\u00a0Washington dohodu poru\u0161il v roce 2018, kdy\u017e tehdej\u0161\u00ed americk\u00fd prezident Donald Trump prohl\u00e1sil, \u017ee m\u00edsto toho vyvine \u201emaxim\u00e1ln\u00ed tlak\u201c prost\u0159ednictv\u00edm sankc\u00ed na \u00cdr\u00e1n, aby omezil jeho jadern\u00fd program.<\/span><\/p>\n<p><img decoding=\"async\" loading=\"lazy\" class=\"alignnone size-full wp-image-1185\" src=\"http:\/\/www.infokuryr.cz\/n\/wp-content\/uploads\/2021\/04\/kuryr-podpis.png\" alt=\"\" width=\"84\" height=\"24\" \/><\/p>\n<p>&nbsp;<\/p>\n<p>&nbsp;<\/p>\n<p><img decoding=\"async\" loading=\"lazy\" class=\"wp-image-19187 aligncenter\" src=\"http:\/\/www.infokuryr.cz\/n\/wp-content\/uploads\/2022\/12\/1-PRO-300x36.jpg\" alt=\"\" width=\"1125\" height=\"135\" srcset=\"https:\/\/www.infokuryr.cz\/n\/wp-content\/uploads\/2022\/12\/1-PRO-300x36.jpg 300w, https:\/\/www.infokuryr.cz\/n\/wp-content\/uploads\/2022\/12\/1-PRO.jpg 699w\" sizes=\"(max-width: 1125px) 100vw, 1125px\" \/><\/p>\n","protected":false},"excerpt":{"rendered":"<p>Izraelsk\u00fd premi\u00e9r zpochybnil prohl\u00e1\u0161en\u00ed dozor\u010d\u00edho org\u00e1nu OSN, \u017ee jak\u00e9koli \u00fatoky na jadern\u00e9 elektr\u00e1rny jsou \u201ezak\u00e1zan\u00e9\u201c&#8230;<\/p>\n","protected":false},"author":2,"featured_media":23987,"comment_status":"closed","ping_status":"closed","sticky":false,"template":"","format":"standard","meta":[],"categories":[7],"tags":[4537,107,4536,723],"_links":{"self":[{"href":"https:\/\/www.infokuryr.cz\/n\/wp-json\/wp\/v2\/posts\/23986"}],"collection":[{"href":"https:\/\/www.infokuryr.cz\/n\/wp-json\/wp\/v2\/posts"}],"about":[{"href":"https:\/\/www.infokuryr.cz\/n\/wp-json\/wp\/v2\/types\/post"}],"author":[{"embeddable":true,"href":"https:\/\/www.infokuryr.cz\/n\/wp-json\/wp\/v2\/users\/2"}],"replies":[{"embeddable":true,"href":"https:\/\/www.infokuryr.cz\/n\/wp-json\/wp\/v2\/comments?post=23986"}],"version-history":[{"count":0,"href":"https:\/\/www.infokuryr.cz\/n\/wp-json\/wp\/v2\/posts\/23986\/revisions"}],"wp:featuredmedia":[{"embeddable":true,"href":"https:\/\/www.infokuryr.cz\/n\/wp-json\/wp\/v2\/media\/23987"}],"wp:attachment":[{"href":"https:\/\/www.infokuryr.cz\/n\/wp-json\/wp\/v2\/media?parent=23986"}],"wp:term":[{"taxonomy":"category","embeddable":true,"href":"https:\/\/www.infokuryr.cz\/n\/wp-json\/wp\/v2\/categories?post=23986"},{"taxonomy":"post_tag","embeddable":true,"href":"https:\/\/www.infokuryr.cz\/n\/wp-json\/wp\/v2\/tags?post=23986"}],"curies":[{"name":"wp","href":"https:\/\/api.w.org\/{rel}","templated":true}]}}