{"id":23985,"date":"2023-03-06T06:28:10","date_gmt":"2023-03-06T05:28:10","guid":{"rendered":"http:\/\/www.infokuryr.cz\/n\/?p=23985"},"modified":"2023-03-06T06:28:10","modified_gmt":"2023-03-06T05:28:10","slug":"ruske-jednotky-zlikvidovaly-velitelske-stanoviste-praporu-azov-v-zaporozske-oblasti","status":"publish","type":"post","link":"https:\/\/www.infokuryr.cz\/n\/2023\/03\/06\/ruske-jednotky-zlikvidovaly-velitelske-stanoviste-praporu-azov-v-zaporozske-oblasti\/","title":{"rendered":"Rusk\u00e9 jednotky zlikvidovaly velitelsk\u00e9 stanovi\u0161t\u011b praporu Azov v Z\u00e1poro\u017esk\u00e9 oblasti"},"content":{"rendered":"<div id=\"fb-root\"><\/div>\n<p><strong>P\u0159in\u00e1\u0161\u00edme aktu\u00e1ln\u00ed informace o pr\u016fb\u011bhu speci\u00e1ln\u00ed vojensk\u00e9 operace Ruska v Donbasu. O posledn\u00edch ud\u00e1lostech informoval mluv\u010d\u00ed ministerstva obrany Igor Kona\u0161enkov.<\/strong><\/p>\n<p>Rusk\u00e9 ministerstvo obrany hl\u00e1s\u00ed, \u017ee pobl\u00ed\u017e Marjievky v Z\u00e1poro\u017esk\u00e9 oblasti bylo zlikvidov\u00e1no velitelsk\u00e9 stanovi\u0161t\u011b Azova.<\/p>\n<p>Samohybn\u00e9 d\u011blo Paladin americk\u00e9 v\u00fdroby bylo zni\u010deno b\u011bhem \u00fatoku rusk\u00fdch jednotek na ukrajinsk\u00e9 nacionalisty sm\u011brem na Don\u011bck.<\/p>\n<p>V oblasti Avd\u011bjevky v DLR a v Charkovsk\u00e9 oblasti byly zni\u010deny \u0159\u00edd\u00edc\u00ed body ukrajinsk\u00fdch dron\u016f a za\u0159\u00edzen\u00ed pro elektronick\u00fd boj.<\/p>\n<p>Rusk\u00e9 jednotky zni\u010dily muni\u010dn\u00ed sklady Ozbrojen\u00fdch sil Ukrajiny v oblasti obc\u00ed Ton\u011b\u0148koje a Avd\u011bjevka v DLR.<\/p>\n<p>Ozbrojen\u00e9 s\u00edly Rusk\u00e9 federace zni\u010dily sklad raketov\u00fdch a d\u011blost\u0159eleck\u00fdch zbran\u00ed 110. brig\u00e1dy \u00fazemn\u00ed obrany v Z\u00e1poro\u017esk\u00e9 oblasti.<\/p>\n<p>Rusk\u00e9 syst\u00e9my protivzdu\u0161n\u00e9 obrany sest\u0159elily 6 st\u0159el v\u00edcen\u00e1sobn\u00fdch raketov\u00fdch syst\u00e9m\u016f HIMARS a Smer\u010d a zlikvidovaly 12 ukrajinsk\u00fdch bezpilotn\u00edch letoun\u016f.<\/p>\n<p><img decoding=\"async\" loading=\"lazy\" class=\"alignnone size-full wp-image-1185\" src=\"http:\/\/www.infokuryr.cz\/n\/wp-content\/uploads\/2021\/04\/kuryr-podpis.png\" alt=\"\" width=\"84\" height=\"24\" \/><\/p>\n<p>&nbsp;<\/p>\n<p>&nbsp;<\/p>\n<p><img decoding=\"async\" loading=\"lazy\" class=\"wp-image-19187 aligncenter\" src=\"http:\/\/www.infokuryr.cz\/n\/wp-content\/uploads\/2022\/12\/1-PRO-300x36.jpg\" alt=\"\" width=\"1133\" height=\"136\" srcset=\"https:\/\/www.infokuryr.cz\/n\/wp-content\/uploads\/2022\/12\/1-PRO-300x36.jpg 300w, https:\/\/www.infokuryr.cz\/n\/wp-content\/uploads\/2022\/12\/1-PRO.jpg 699w\" sizes=\"(max-width: 1133px) 100vw, 1133px\" \/><\/p>\n<p>&nbsp;<\/p>\n","protected":false},"excerpt":{"rendered":"<p>P\u0159in\u00e1\u0161\u00edme aktu\u00e1ln\u00ed informace o pr\u016fb\u011bhu speci\u00e1ln\u00ed vojensk\u00e9 operace Ruska v Donbasu. O posledn\u00edch ud\u00e1lostech informoval&#8230;<\/p>\n","protected":false},"author":2,"featured_media":8911,"comment_status":"closed","ping_status":"closed","sticky":false,"template":"","format":"standard","meta":[],"categories":[7],"tags":[473,2161,22,26],"_links":{"self":[{"href":"https:\/\/www.infokuryr.cz\/n\/wp-json\/wp\/v2\/posts\/23985"}],"collection":[{"href":"https:\/\/www.infokuryr.cz\/n\/wp-json\/wp\/v2\/posts"}],"about":[{"href":"https:\/\/www.infokuryr.cz\/n\/wp-json\/wp\/v2\/types\/post"}],"author":[{"embeddable":true,"href":"https:\/\/www.infokuryr.cz\/n\/wp-json\/wp\/v2\/users\/2"}],"replies":[{"embeddable":true,"href":"https:\/\/www.infokuryr.cz\/n\/wp-json\/wp\/v2\/comments?post=23985"}],"version-history":[{"count":0,"href":"https:\/\/www.infokuryr.cz\/n\/wp-json\/wp\/v2\/posts\/23985\/revisions"}],"wp:featuredmedia":[{"embeddable":true,"href":"https:\/\/www.infokuryr.cz\/n\/wp-json\/wp\/v2\/media\/8911"}],"wp:attachment":[{"href":"https:\/\/www.infokuryr.cz\/n\/wp-json\/wp\/v2\/media?parent=23985"}],"wp:term":[{"taxonomy":"category","embeddable":true,"href":"https:\/\/www.infokuryr.cz\/n\/wp-json\/wp\/v2\/categories?post=23985"},{"taxonomy":"post_tag","embeddable":true,"href":"https:\/\/www.infokuryr.cz\/n\/wp-json\/wp\/v2\/tags?post=23985"}],"curies":[{"name":"wp","href":"https:\/\/api.w.org\/{rel}","templated":true}]}}