{"id":2398,"date":"2021-06-10T01:52:29","date_gmt":"2021-06-09T23:52:29","guid":{"rendered":"http:\/\/www.infokuryr.cz\/n\/?p=2398"},"modified":"2021-06-10T01:53:10","modified_gmt":"2021-06-09T23:53:10","slug":"polsko-je-zklamane-tim-ze-usa-odmitly-uvalit-sankce-na-nord-stream-2","status":"publish","type":"post","link":"https:\/\/www.infokuryr.cz\/n\/2021\/06\/10\/polsko-je-zklamane-tim-ze-usa-odmitly-uvalit-sankce-na-nord-stream-2\/","title":{"rendered":"Polsko je zklaman\u00e9 t\u00edm, \u017ee USA odm\u00edtly uvalit sankce na Nord Stream 2"},"content":{"rendered":"<div id=\"fb-root\"><\/div>\n<p><strong>Polsk\u00fd premi\u00e9r Mateusz Morawiecki ve st\u0159edu 9. \u010dervna prohl\u00e1sil, \u017ee zem\u011b je zklaman\u00e1, nebo\u0165 Spojen\u00e9 st\u00e1ty odm\u00edtly uvalit sankce na plynovod Nord Stream 2.<\/strong><\/p>\n<p>\u201eMy v Polsku jsme velmi zklaman\u00ed ned\u00e1vnou zm\u011bnou postoje USA, a to zejm\u00e9na proto, \u017ee jsme v posledn\u00edch n\u011bkolika letech ruku v ruce s administrativou USA pracovali na zastaven\u00ed nebo zpomalen\u00ed v\u00fdvoje\u00a0<strong>Nord Stream 2<\/strong>,\u201c \u0159ekl polsk\u00fd p\u0159edseda vl\u00e1dy v rozhovoru pro\u00a0Newsweek.<\/p>\n<p>Zd\u016fraznil, \u017ee americk\u00e1 administrativa se rozhodla zm\u011bnit sv\u016fj n\u00e1zor na tuto z\u00e1le\u017eitost \u201es fale\u0161nou nad\u011bj\u00ed, \u017ee to pom\u016f\u017ee zlep\u0161it vztahy mezi USA a Evropskou uni\u00ed\u201c. D\u00e1le uvedl, \u017ee N\u011bmecko m\u00e1 sv\u00e9 vlastn\u00ed z\u00e1jmy, a \u201estalo se, \u017ee se z\u00e1jmy zem\u011b shoduj\u00ed a uv\u00e1d\u011bj\u00ed do souladu se z\u00e1jmy Ruska\u201c.<\/p>\n<p>Podle slov polsk\u00e9ho p\u0159edsedy vl\u00e1dy je N\u011bmecko na cest\u011b ke \u201est\u0159etu s transatlantickou strategi\u00ed\u201c v ot\u00e1zce, kter\u00e1 se t\u00fdk\u00e1 z\u00e1jm\u016f zem\u011b v energetick\u00e9m sektoru.<\/p>\n<p>Morawiecki z\u00e1rove\u0148 zd\u016fraznil, \u017ee pokus zastavit Nord Stream 2 byl \u201edoned\u00e1vna docela \u00fasp\u011b\u0161n\u00fd\u201c. V tomto ohledu ozna\u010dil takovou zm\u011bnu za zklam\u00e1n\u00ed nejen pro Polsko, ale i pro mnoho evropsk\u00fdch zem\u00ed.<\/p>\n<p>Prezident USA Joe Biden\u00a026. kv\u011btna ozna\u010dil omezuj\u00edc\u00ed opat\u0159en\u00ed proti plynovodu v t\u00e9to f\u00e1zi za kontraproduktivn\u00ed krok pro vztahy s Evropou, nebo\u0165 projekt je t\u00e9m\u011b\u0159 dokon\u010den.<\/p>\n<ol start=\"4\">\n<li>\u010dervna ozn\u00e1mil\u00a0rusk\u00fd prezident Vladimir Putindokon\u010den\u00ed pokl\u00e1dky prvn\u00ed linky Nord Stream 2. Podle jeho slov k zah\u00e1jen\u00ed pln\u011bn\u00ed linky plynem bude t\u0159eba p\u0159ibli\u017en\u011b 10 dn\u00ed. Z\u00e1rove\u0148 prob\u00edhaj\u00ed pr\u00e1ce na druh\u00e9 lince.<\/li>\n<li>\u010dervna americk\u00fd ministr zahrani\u010dn\u00edch v\u011bc\u00ed Anthony Blinken zd\u016fraznil, \u017ee nejhor\u0161\u00edm v\u00fdsledkem v\u00fdstavby plynovodu bude pro\u00a0Spojen\u00e9 st\u00e1tyzhor\u0161en\u00ed vztah\u016f s N\u011bmeckem a nedostatek motivace pro Berl\u00edn posadit se k jednac\u00edmu stolu. Podle jeho slov se mus\u00ed Spojen\u00e9 st\u00e1ty p\u0159esv\u011bd\u010dit, \u017ee rusk\u00e1 strana nem\u016f\u017ee pou\u017e\u00edvat plyn a energii jako donucovac\u00ed prost\u0159edek v\u016f\u010di evropsk\u00fdm st\u00e1t\u016fm.<\/li>\n<\/ol>\n<p>T\u00e9ho\u017e dne n\u011bmeck\u00fd ministr zahrani\u010d\u00ed Heiko Maas uvedl, \u017ee N\u011bmecko a USA budou tento t\u00fdden pokra\u010dovat v jedn\u00e1n\u00edch o realizaci Nord Stream 2 a souvisej\u00edc\u00edch sporech mezi ob\u011bma zem\u011bmi.<\/p>\n<p>Nord Stream 2 je budov\u00e1n z Ruska do N\u011bmecka po dn\u011b Baltsk\u00e9ho mo\u0159e s c\u00edlem p\u0159\u00edm\u00fdch dod\u00e1vek plynu do Evropy. Zem\u011b EU projekt v podstat\u011b podporuj\u00ed a pod\u00edlej\u00ed se na jeho realizaci. Pobaltsk\u00e9 st\u00e1ty, Polsko, USA a Ukrajina jsou proti.<\/p>\n<p>Kdy u\u017e ty dut\u00e9 polsk\u00e9 hlavy pochop\u00ed, \u017ee je maj\u00ed Ameri\u010dan\u00e9 u zadele!<\/p>\n<p><a href=\"https:\/\/cz.sputniknews.com\/20210609\/polsko-je-zklamane-tim-ze-usa-odmitly-uvalit-sankce-na-nord-stream-2-14784034.html\">ZDROJ<\/a><\/p>\n<p>&nbsp;<\/p>\n","protected":false},"excerpt":{"rendered":"<p>Polsk\u00fd premi\u00e9r Mateusz Morawiecki ve st\u0159edu 9. \u010dervna prohl\u00e1sil, \u017ee zem\u011b je zklaman\u00e1, nebo\u0165 Spojen\u00e9&#8230;<\/p>\n","protected":false},"author":2,"featured_media":1861,"comment_status":"closed","ping_status":"closed","sticky":false,"template":"","format":"standard","meta":[],"categories":[7],"tags":[587,31,22,37],"_links":{"self":[{"href":"https:\/\/www.infokuryr.cz\/n\/wp-json\/wp\/v2\/posts\/2398"}],"collection":[{"href":"https:\/\/www.infokuryr.cz\/n\/wp-json\/wp\/v2\/posts"}],"about":[{"href":"https:\/\/www.infokuryr.cz\/n\/wp-json\/wp\/v2\/types\/post"}],"author":[{"embeddable":true,"href":"https:\/\/www.infokuryr.cz\/n\/wp-json\/wp\/v2\/users\/2"}],"replies":[{"embeddable":true,"href":"https:\/\/www.infokuryr.cz\/n\/wp-json\/wp\/v2\/comments?post=2398"}],"version-history":[{"count":0,"href":"https:\/\/www.infokuryr.cz\/n\/wp-json\/wp\/v2\/posts\/2398\/revisions"}],"wp:featuredmedia":[{"embeddable":true,"href":"https:\/\/www.infokuryr.cz\/n\/wp-json\/wp\/v2\/media\/1861"}],"wp:attachment":[{"href":"https:\/\/www.infokuryr.cz\/n\/wp-json\/wp\/v2\/media?parent=2398"}],"wp:term":[{"taxonomy":"category","embeddable":true,"href":"https:\/\/www.infokuryr.cz\/n\/wp-json\/wp\/v2\/categories?post=2398"},{"taxonomy":"post_tag","embeddable":true,"href":"https:\/\/www.infokuryr.cz\/n\/wp-json\/wp\/v2\/tags?post=2398"}],"curies":[{"name":"wp","href":"https:\/\/api.w.org\/{rel}","templated":true}]}}