{"id":23967,"date":"2023-03-06T05:30:21","date_gmt":"2023-03-06T04:30:21","guid":{"rendered":"http:\/\/www.infokuryr.cz\/n\/?p=23967"},"modified":"2023-03-06T05:30:21","modified_gmt":"2023-03-06T04:30:21","slug":"rusky-tanker-zastavi-kousek-od-evropskych-brehu-ropa-se-precerpa-a-uz-je-z-ni-americka-a-proda-se-za-vysokou-cenu","status":"publish","type":"post","link":"https:\/\/www.infokuryr.cz\/n\/2023\/03\/06\/rusky-tanker-zastavi-kousek-od-evropskych-brehu-ropa-se-precerpa-a-uz-je-z-ni-americka-a-proda-se-za-vysokou-cenu\/","title":{"rendered":"Rusk\u00fd tanker zastav\u00ed kousek od evropsk\u00fdch b\u0159eh\u016f, ropa se p\u0159e\u010derp\u00e1 a u\u017e je z n\u00ed \u201eamerick\u00e1\u201c a prod\u00e1 se za vysokou cenu"},"content":{"rendered":"<div id=\"fb-root\"><\/div>\n<h2 class=\"entry-title\">Fiala a jeho pomocn\u00edci to v\u00ed a cht\u011bj\u00ed nechat vyd\u011blat sv\u00e9 soukmenovce?<\/h2>\n<p>U\u017e i z\u00e1padn\u00ed ofici\u00e1ln\u00ed tisk otev\u0159en\u011b p\u0159izn\u00e1v\u00e1, \u017ee\u00a0<strong>v\u00fdk\u0159iky evropsk\u00fdch politik\u016f o konci dod\u00e1vek rusk\u00e9 ropy a plynu do Evropy, nemaj\u00ed s realitou nic spole\u010dn\u00e9ho. Agentura\u00a0<a href=\"https:\/\/www.bloomberg.com\/news\/articles\/2023-02-23\/a-bay-off-southern-greece-becomes-a-cog-in-russia-s-oil-supply-chain?leadSource=uverify%20wall#xj4y7vzkg\">Bloomberg p\u00ed\u0161e otev\u0159en\u011b<\/a>, \u017ee rusk\u00e1 ropa se na mo\u0159i p\u0159e\u010derp\u00e1 do jin\u00e9ho tankeru a s vysokou p\u0159ir\u00e1\u017ekou se prod\u00e1 jako \u201eamerick\u00e1\u201c ropa.\u00a0<\/strong>N\u011bkdy je to je\u0161t\u011b jednodu\u0161\u0161\u00ed, na mo\u0159i se jen vym\u011bn\u00ed lodn\u00ed doklady ke zbo\u017e\u00ed<\/p>\n<p>Ob\u011bt\u00ed t\u00e9hle hanebn\u00e9 hry jsou evrop\u0161t\u00ed spot\u0159ebitel\u00e9 a podnikatel\u00e9, kte\u0159\u00ed mus\u00ed platit enormn\u00ed n\u00e1klady na energie. Vyd\u011bl\u00e1v\u00e1 na tom p\u00e1r ochotn\u00edk\u016f a miliard\u00e1\u0159\u016f a p\u00e1r \u00faplatn\u00fdch liber\u00e1ln\u011b demokratick\u00fdch politik\u016f, kte\u0159\u00ed to kryj\u00ed.<\/p>\n<p><strong>Ob\u011bt\u00ed t\u00e9hle \u0161pinav\u00e9 hry je i \u010cesko a jeho obyvatel\u00e9.<\/strong>\u00a0Je tedy ot\u00e1zkou, zda o tom P. Fiala a jeho tlupa (vl\u00e1da a nejbli\u017e\u0161\u00ed spolupracovn\u00edci) v\u00ed a pokud ano,\u00a0<strong>pro\u010d to pom\u00e1haj\u00ed kr\u00fdt a v\u011bdom\u011b o tom l\u017eou ve\u0159ejnosti?<\/strong><\/p>\n<p>\u010c<strong>eskou energetickou politiku zast\u0159e\u0161uj\u00ed 2 \u201ezmocn\u011bnci\u201c. Jeden pro energetiku \u2013 jist\u00fd V. Bartu\u0161ka. Do funkce ho dosadil A. Vondra a on tam \u201ez\u00e1hadn\u011b\u201c z\u016fstal i za Babi\u0161e. Bartu\u0161ka nem\u00e1 \u017e\u00e1dn\u00e9 odborn\u00e9 p\u0159edpoklady takovou funkci vykon\u00e1vat a je tedy s podivem, pro\u010d je v tak d\u016fle\u017eit\u00e9 \u017eidli dr\u017een. Ve sv\u00e9 podstat\u011b je to komedi\u00e1ln\u00ed goj, kter\u00fd m\u00e1 ty spr\u00e1vn\u00e9 n\u00e1zory<\/strong>. Problematice energetiky rozum\u00ed asi \u201ejako koza petr\u017eeli\u201c. Dal\u0161\u00edm<strong>\u00a0zmocn\u011bncem vl\u00e1dy je T. Pojar, b\u00fdval\u00fd \u0159editel z globalistick\u00e9 neziskovky \u010clov\u011bk v t\u00edsni a velvyslanec v Izraeli, kter\u00fd byl najednou prohl\u00e1\u0161en za \u201eexperta na bezpe\u010dnost a zahrani\u010dn\u00ed politiku\u201c.<\/strong>\u00a0Pojar poch\u00e1z\u00ed z prominentn\u00ed \u017eidovsk\u00e9 rodiny a velvyslancem v Izraeli byl i jeho otec Milo\u0161 Pojar.\u00a0<strong>Minim\u00e1ln\u011b Pojar a Bartu\u0161ka mus\u00ed o skute\u010dn\u00e9m stavu v\u011bci v\u011bd\u011bt. mus\u00ed v\u011bd\u011bt, \u017ee se \u010cech\u016fm draze p\u0159edpokl\u00e1d\u00e1 rusk\u00fd plyn a ropa. P\u0159esto o v\u011bci l\u017eou a napom\u00e1haj\u00ed v\u011bdom\u00e9 likvidaci zem\u011b, kde \u017eij\u00ed. Je na m\u00edst\u011b ot\u00e1zka pro\u010d?<\/strong><\/p>\n<p><strong>Jde jim o podporu \u017eidovsk\u00e9ho veden\u00ed Ukrajiny, kter\u00e9 z v\u00fdznamn\u011b \u010d\u00e1sti financuje i Fialova vl\u00e1da pr\u00e1v\u011b na \u00fakor \u010desk\u00e9ho obyvatelstva? Divn\u00e9 by to nebylo, v\u017edy\u0165 i P. Fiala m\u00e1 s\u00e1m \u017eidovsk\u00e9 p\u0159edky a \u017eid\u00e9 v\u017edy preferuj\u00ed svoj\u00ed vlastn\u00ed komunitu na \u00fakor hostitelsk\u00e9 zem\u011b<\/strong>. \u010cesk\u00e1 ve\u0159ejnost by se asi divila, kdy zjistila, \u017ee p\u0159edra\u017een\u00fd \u201eamerick\u00fd\u201c plyn je vlastn\u011b rusk\u00fd a oni t\u00edm financuj\u00ed v\u00e1lku za \u017eidovsk\u00e9 z\u00e1jmy na Ukrajin\u011b. Ona by byla i zaj\u00edmav\u00e1 diskuze na t\u00e9ma, kdo jsou ti p\u0159ekupn\u00edci, kte\u0159\u00ed tu ruskou ropu p\u0159eprod\u00e1vaj\u00ed za vysok\u00e9 ceny do Evropy. To by se lid\u00e9 asi divili.<\/p>\n<p>N<strong>ebo jsou \u010desk\u00e9 politick\u00e9 \u201eelity\u201c jen loutky, kter\u00e9 rad\u011bji nemaj\u00ed vlastn\u00ed n\u00e1zor a jen vyslovuj\u00ed p\u0159edepsan\u00e9 formule, kter\u00e9 jim diktuj\u00ed zahrani\u010dn\u00ed p\u00e1ni?<\/strong><\/p>\n<p>Bohu\u017eel\u00a0<strong>nevid\u00edm \u017e\u00e1dnou ve\u0159ejnou diskuzi na tohle t\u00e9ma, kterou by \u010desk\u00e1 opozice doma ve star\u00e9 vlasti vedla. P\u0159itom jde o existenci \u010desk\u00e9ho n\u00e1rod<\/strong>a.<\/p>\n<p><a href=\"https:\/\/ceskavec.com\/2023\/03\/rusky-tanker-zastavi-kousek-od-evropskych-brehu-ropa-se-precerpa-a-uz-je-z-ni-americka-a-proda-se-za-vysokou-cenu-fiala-a-jeho-pomocnici-to-vi-a-chteji-nechat-vydelat-sve-soukmenovce\">Joe Nowak, Chicago, USA<\/a><\/p>\n<p>&nbsp;<\/p>\n<p>&nbsp;<\/p>\n<p><img decoding=\"async\" loading=\"lazy\" class=\"wp-image-19187 aligncenter\" src=\"http:\/\/www.infokuryr.cz\/n\/wp-content\/uploads\/2022\/12\/1-PRO-300x36.jpg\" alt=\"\" width=\"1150\" height=\"138\" srcset=\"https:\/\/www.infokuryr.cz\/n\/wp-content\/uploads\/2022\/12\/1-PRO-300x36.jpg 300w, https:\/\/www.infokuryr.cz\/n\/wp-content\/uploads\/2022\/12\/1-PRO.jpg 699w\" sizes=\"(max-width: 1150px) 100vw, 1150px\" \/><\/p>\n<p>&nbsp;<\/p>\n<p>&nbsp;<\/p>\n<p>&nbsp;<\/p>\n","protected":false},"excerpt":{"rendered":"<p>Fiala a jeho pomocn\u00edci to v\u00ed a cht\u011bj\u00ed nechat vyd\u011blat sv\u00e9 soukmenovce? U\u017e i z\u00e1padn\u00ed&#8230;<\/p>\n","protected":false},"author":2,"featured_media":23968,"comment_status":"closed","ping_status":"closed","sticky":false,"template":"","format":"standard","meta":[],"categories":[6],"tags":[371,497,310,22,37],"_links":{"self":[{"href":"https:\/\/www.infokuryr.cz\/n\/wp-json\/wp\/v2\/posts\/23967"}],"collection":[{"href":"https:\/\/www.infokuryr.cz\/n\/wp-json\/wp\/v2\/posts"}],"about":[{"href":"https:\/\/www.infokuryr.cz\/n\/wp-json\/wp\/v2\/types\/post"}],"author":[{"embeddable":true,"href":"https:\/\/www.infokuryr.cz\/n\/wp-json\/wp\/v2\/users\/2"}],"replies":[{"embeddable":true,"href":"https:\/\/www.infokuryr.cz\/n\/wp-json\/wp\/v2\/comments?post=23967"}],"version-history":[{"count":0,"href":"https:\/\/www.infokuryr.cz\/n\/wp-json\/wp\/v2\/posts\/23967\/revisions"}],"wp:featuredmedia":[{"embeddable":true,"href":"https:\/\/www.infokuryr.cz\/n\/wp-json\/wp\/v2\/media\/23968"}],"wp:attachment":[{"href":"https:\/\/www.infokuryr.cz\/n\/wp-json\/wp\/v2\/media?parent=23967"}],"wp:term":[{"taxonomy":"category","embeddable":true,"href":"https:\/\/www.infokuryr.cz\/n\/wp-json\/wp\/v2\/categories?post=23967"},{"taxonomy":"post_tag","embeddable":true,"href":"https:\/\/www.infokuryr.cz\/n\/wp-json\/wp\/v2\/tags?post=23967"}],"curies":[{"name":"wp","href":"https:\/\/api.w.org\/{rel}","templated":true}]}}