{"id":23963,"date":"2023-03-06T05:04:38","date_gmt":"2023-03-06T04:04:38","guid":{"rendered":"http:\/\/www.infokuryr.cz\/n\/?p=23963"},"modified":"2023-03-06T05:04:38","modified_gmt":"2023-03-06T04:04:38","slug":"vladimira-vitova-ceske-soudy-soudi-nezakonne","status":"publish","type":"post","link":"https:\/\/www.infokuryr.cz\/n\/2023\/03\/06\/vladimira-vitova-ceske-soudy-soudi-nezakonne\/","title":{"rendered":"Vladim\u00edra V\u00edtov\u00e1: \u010cesk\u00e9 soudy soud\u00ed nez\u00e1konn\u011b!"},"content":{"rendered":"<div id=\"fb-root\"><\/div>\n<p>Usnesen\u00ed 102. Valn\u00e9ho shrom\u00e1\u017ed\u011bn\u00ed OSN: <strong>&#8222;Ka\u017ed\u00fd m\u00e1 pr\u00e1vo posuzovat jak\u00e9koli historick\u00e9 ud\u00e1losti ze sv\u00e9ho pohledu a m\u00e1 pr\u00e1vo prezentovat i myln\u00e9 n\u00e1zory.&#8220;<\/strong><\/p>\n<p>Za pop\u00edr\u00e1n\u00ed katy\u0148sk\u00e9ho masakru v p\u00e1tek 3. 3. 2023 Obvodn\u00ed soud pro Prahu 7 potrestal pana Ji\u0159\u00edho \u0160ifr\u00edna, autora knihy o Stalinovi \u201eB\u016fh synergie\u201c a b\u00fdval\u00e9ho m\u00edstop\u0159edsedu KS\u010cM Jozefa Sk\u00e1lu osmim\u011bs\u00ed\u010dn\u00ed podm\u00ednkou se zku\u0161ebn\u00ed dobou na p\u011bt let.<\/p>\n<p>Ob\u017ealoba tvrd\u00ed, \u017ee mu\u017ei v diskusi zpochyb\u0148ovali to, \u017ee katy\u0148sk\u00fd masakr sp\u00e1chali Sov\u011bti. Oba mu\u017ei odm\u00edtli obvin\u011bn\u00ed, \u017ee pop\u00edrali v\u00e1le\u010dn\u00fd zlo\u010din.<\/p>\n<p>Nyn\u00ed se \u010dasto setk\u00e1v\u00e1me s obvi\u0148ov\u00e1n\u00edm, kriminalizac\u00ed a dokonce i st\u00edh\u00e1n\u00edm a trest\u00e1n\u00edm za projeven\u00e9 n\u00e1zory k historick\u00fdm ud\u00e1lostem nebo i k aktu\u00e1ln\u00edmu sv\u011btov\u00e9mu d\u011bn\u00ed \u010di prob\u00edhaj\u00edc\u00edmu v\u00e1le\u010dn\u00e9mu konfliktu. Je v\u0161ak zn\u00e1m\u00e9 usnesen\u00ed OSN, kter\u00e9 do sv\u011btla poru\u0161ov\u00e1n\u00ed lidsk\u00fdch pr\u00e1v dost\u00e1v\u00e1 pr\u00e1v\u011b uplat\u0148ov\u00e1n\u00ed z\u00e1kon\u016f, kter\u00e9 br\u00e1n\u00ed svobodn\u00e9mu \u0161\u00ed\u0159en\u00ed n\u00e1zor\u016f, by\u0165 i myln\u00fdch.<\/p>\n<p>V \u010dervenci 2011 toti\u017e prob\u00edhalo v \u017denev\u011b 102. zased\u00e1n\u00ed V\u00fdboru OSN pro lidsk\u00e1 pr\u00e1va, na n\u011bm\u017e bylo pro v\u0161echny st\u00e1ty, kter\u00e9 podepsaly Konvenci o lidsk\u00fdch pr\u00e1vech, p\u0159ijato n\u00e1sleduj\u00edc\u00ed z\u00e1vazn\u00e9 rozhodnut\u00ed: 49, \ud835\udc6a\ud835\udc6a\ud835\udc77\ud835\udc79 \/ \ud835\udc6a \/ \ud835\udc6e\ud835\udc6a \/ 34).<\/p>\n<p>Tedy nen\u00ed d\u016fle\u017eit\u00e9, \u017ee zda je \u010di nen\u00ed pravda to, co odsouzen\u00ed tvrdili o katy\u0148sk\u00e9m masakru, kter\u00e9 odsoudili za jejich v\u00fdroky, nebo\u0165 n\u00e1zor na historick\u00e9 ud\u00e1losti nem\u016f\u017ee b\u00fdt p\u0159edm\u011btem trestn\u00edho st\u00edh\u00e1n\u00ed. Zde jde o v\u00e1\u017en\u00fd \u00fatok na lidsk\u00e1 pr\u00e1va a svobodu slova ze strany justi\u010dn\u00edch org\u00e1n\u016f. Z textu Konvence toti\u017e jasn\u011b vypl\u00fdv\u00e1, \u017ee ka\u017ed\u00fd m\u00e1 pr\u00e1vo posuzovat jak\u00e9koli historick\u00e9 ud\u00e1losti ze sv\u00e9ho pohledu a m\u00e1 pr\u00e1vo prezentovat i myln\u00e9 n\u00e1zory.<\/p>\n<p>Dokument: <a href=\"https:\/\/www.refworld.org\/docid\/4ed34b562.htmlPolitick\u00e9\">ZDE<\/a><\/p>\n<p>Vladim\u00edra V\u00edtov\u00e1<\/p>\n<p><img decoding=\"async\" loading=\"lazy\" class=\"alignnone size-medium wp-image-9908\" src=\"http:\/\/www.infokuryr.cz\/n\/wp-content\/uploads\/2022\/04\/ANS-300x169.png\" alt=\"\" width=\"300\" height=\"169\" srcset=\"https:\/\/www.infokuryr.cz\/n\/wp-content\/uploads\/2022\/04\/ANS-300x169.png 300w, https:\/\/www.infokuryr.cz\/n\/wp-content\/uploads\/2022\/04\/ANS-1024x576.png 1024w, https:\/\/www.infokuryr.cz\/n\/wp-content\/uploads\/2022\/04\/ANS-768x432.png 768w, https:\/\/www.infokuryr.cz\/n\/wp-content\/uploads\/2022\/04\/ANS.png 1180w\" sizes=\"(max-width: 300px) 100vw, 300px\" \/><\/p>\n<p>_____________________________<\/p>\n<p>&nbsp;<\/p>\n<p><img decoding=\"async\" loading=\"lazy\" class=\"wp-image-19187 aligncenter\" src=\"http:\/\/www.infokuryr.cz\/n\/wp-content\/uploads\/2022\/12\/1-PRO-300x36.jpg\" alt=\"\" width=\"1133\" height=\"136\" srcset=\"https:\/\/www.infokuryr.cz\/n\/wp-content\/uploads\/2022\/12\/1-PRO-300x36.jpg 300w, https:\/\/www.infokuryr.cz\/n\/wp-content\/uploads\/2022\/12\/1-PRO.jpg 699w\" sizes=\"(max-width: 1133px) 100vw, 1133px\" \/><\/p>\n<p>&nbsp;<\/p>\n<p>&nbsp;<\/p>\n<p><img decoding=\"async\" loading=\"lazy\" class=\"wp-image-22607 aligncenter\" src=\"http:\/\/www.infokuryr.cz\/n\/wp-content\/uploads\/2023\/02\/cesko_proti_bide-239x300.png\" alt=\"\" width=\"691\" height=\"867\" srcset=\"https:\/\/www.infokuryr.cz\/n\/wp-content\/uploads\/2023\/02\/cesko_proti_bide-239x300.png 239w, https:\/\/www.infokuryr.cz\/n\/wp-content\/uploads\/2023\/02\/cesko_proti_bide-816x1024.png 816w, https:\/\/www.infokuryr.cz\/n\/wp-content\/uploads\/2023\/02\/cesko_proti_bide-768x964.png 768w, https:\/\/www.infokuryr.cz\/n\/wp-content\/uploads\/2023\/02\/cesko_proti_bide.png 846w\" sizes=\"(max-width: 691px) 100vw, 691px\" \/><\/p>\n<p>&nbsp;<\/p>\n<p>&nbsp;<\/p>\n<p>&nbsp;<\/p>\n","protected":false},"excerpt":{"rendered":"<p>Usnesen\u00ed 102. Valn\u00e9ho shrom\u00e1\u017ed\u011bn\u00ed OSN: &#8222;Ka\u017ed\u00fd m\u00e1 pr\u00e1vo posuzovat jak\u00e9koli historick\u00e9 ud\u00e1losti ze sv\u00e9ho pohledu&#8230;<\/p>\n","protected":false},"author":2,"featured_media":1596,"comment_status":"closed","ping_status":"closed","sticky":false,"template":"","format":"standard","meta":[],"categories":[6],"tags":[76,186,520,324],"_links":{"self":[{"href":"https:\/\/www.infokuryr.cz\/n\/wp-json\/wp\/v2\/posts\/23963"}],"collection":[{"href":"https:\/\/www.infokuryr.cz\/n\/wp-json\/wp\/v2\/posts"}],"about":[{"href":"https:\/\/www.infokuryr.cz\/n\/wp-json\/wp\/v2\/types\/post"}],"author":[{"embeddable":true,"href":"https:\/\/www.infokuryr.cz\/n\/wp-json\/wp\/v2\/users\/2"}],"replies":[{"embeddable":true,"href":"https:\/\/www.infokuryr.cz\/n\/wp-json\/wp\/v2\/comments?post=23963"}],"version-history":[{"count":0,"href":"https:\/\/www.infokuryr.cz\/n\/wp-json\/wp\/v2\/posts\/23963\/revisions"}],"wp:featuredmedia":[{"embeddable":true,"href":"https:\/\/www.infokuryr.cz\/n\/wp-json\/wp\/v2\/media\/1596"}],"wp:attachment":[{"href":"https:\/\/www.infokuryr.cz\/n\/wp-json\/wp\/v2\/media?parent=23963"}],"wp:term":[{"taxonomy":"category","embeddable":true,"href":"https:\/\/www.infokuryr.cz\/n\/wp-json\/wp\/v2\/categories?post=23963"},{"taxonomy":"post_tag","embeddable":true,"href":"https:\/\/www.infokuryr.cz\/n\/wp-json\/wp\/v2\/tags?post=23963"}],"curies":[{"name":"wp","href":"https:\/\/api.w.org\/{rel}","templated":true}]}}