{"id":23957,"date":"2023-03-06T01:08:21","date_gmt":"2023-03-06T00:08:21","guid":{"rendered":"http:\/\/www.infokuryr.cz\/n\/?p=23957"},"modified":"2023-03-05T15:22:38","modified_gmt":"2023-03-05T14:22:38","slug":"miroslav-petr-to-tu-jeste-nebylo","status":"publish","type":"post","link":"https:\/\/www.infokuryr.cz\/n\/2023\/03\/06\/miroslav-petr-to-tu-jeste-nebylo\/","title":{"rendered":"Miroslav Petr: To tu je\u0161t\u011b nebylo!"},"content":{"rendered":"<div id=\"fb-root\"><\/div>\n<p><strong>Doporu\u010duji shl\u00e9dnout unik\u00e1tn\u00ed a neuv\u011b\u0159iteln\u00e9 drama ze sn\u011bmovny dne 3. b\u0159ezna po 22. hodin\u011b.<\/strong><\/p>\n<p>Sn\u011bmovn\u011b p\u0159edsedal lidoveck\u00fd soudruh Barto\u0161ek, kter\u00fd se choval jako kovan\u00fd a totalitn\u00ed komunista pades\u00e1t\u00fdch let, a zak\u00e1zal mluvit Babi\u0161ovi na mikrofon, na co\u017e m\u011bl dle jednac\u00edho \u0159\u00e1du Andrej pln\u00e9 pr\u00e1vo.<\/p>\n<p>Na\u0161t\u011bst\u00ed ho ihned obestoupila cel\u00e1 opozice, aby ho nemohli n\u00e1sil\u00edm vyv\u00e9st. Jedn\u00e1n\u00ed p\u0159edsedaj\u00edc\u00edho bylo protiz\u00e1konn\u00e9 a proti\u00fastavn\u00ed.<\/p>\n<p>Toto drama trvalo p\u0159es \u010dtvrt hodiny. Lze shl\u00e9dnout i na Twitteru. Seznam rad\u011bji st\u00e1hnul zvuk.<\/p>\n<p>P\u0159esto byl vid\u011bt strach a bezradnost na star\u00e9 Peka\u0159ce a dal\u0161\u00edch poslanc\u00edch z vl\u00e1dy.<\/p>\n<p>V\u00e1\u017een\u00ed pr\u00e1vn\u00edci, skute\u010dn\u011b se tento lidovec nedopustil velmi z\u00e1va\u017en\u00e9ho trestn\u00e9ho \u010dinu, abyste na n\u011bj podali \u017ealobu?<\/p>\n<p>&nbsp;<\/p>\n<div class='videoWrapper'>\r\n\t            <iframe src='https:\/\/rumble.com\/embed\/pj.v296zio\/' frameborder='0' allowfullscreen><\/iframe>\r\n\t        <\/div>\n<p>&nbsp;<\/p>\n<p><a href=\"https:\/\/www.czechfreepress.cz\/dalsi-blogy\/to-tu-jeste-nebylo.html\">Miroslav Petr<\/a><\/p>\n<p>&nbsp;<\/p>\n<p><img decoding=\"async\" loading=\"lazy\" class=\"wp-image-19187 aligncenter\" src=\"http:\/\/www.infokuryr.cz\/n\/wp-content\/uploads\/2022\/12\/1-PRO-300x36.jpg\" alt=\"\" width=\"1133\" height=\"136\" srcset=\"https:\/\/www.infokuryr.cz\/n\/wp-content\/uploads\/2022\/12\/1-PRO-300x36.jpg 300w, https:\/\/www.infokuryr.cz\/n\/wp-content\/uploads\/2022\/12\/1-PRO.jpg 699w\" sizes=\"(max-width: 1133px) 100vw, 1133px\" \/><\/p>\n<p>&nbsp;<\/p>\n<p>&nbsp;<\/p>\n<p><img decoding=\"async\" loading=\"lazy\" class=\"wp-image-22607 aligncenter\" src=\"http:\/\/www.infokuryr.cz\/n\/wp-content\/uploads\/2023\/02\/cesko_proti_bide-239x300.png\" alt=\"\" width=\"683\" height=\"857\" srcset=\"https:\/\/www.infokuryr.cz\/n\/wp-content\/uploads\/2023\/02\/cesko_proti_bide-239x300.png 239w, https:\/\/www.infokuryr.cz\/n\/wp-content\/uploads\/2023\/02\/cesko_proti_bide-816x1024.png 816w, https:\/\/www.infokuryr.cz\/n\/wp-content\/uploads\/2023\/02\/cesko_proti_bide-768x964.png 768w, https:\/\/www.infokuryr.cz\/n\/wp-content\/uploads\/2023\/02\/cesko_proti_bide.png 846w\" sizes=\"(max-width: 683px) 100vw, 683px\" \/><\/p>\n<p>&nbsp;<\/p>\n<p>&nbsp;<\/p>\n","protected":false},"excerpt":{"rendered":"<p>Doporu\u010duji shl\u00e9dnout unik\u00e1tn\u00ed a neuv\u011b\u0159iteln\u00e9 drama ze sn\u011bmovny dne 3. b\u0159ezna po 22. hodin\u011b. Sn\u011bmovn\u011b&#8230;<\/p>\n","protected":false},"author":2,"featured_media":1097,"comment_status":"closed","ping_status":"closed","sticky":false,"template":"","format":"standard","meta":[],"categories":[6],"tags":[126,269,844,48],"_links":{"self":[{"href":"https:\/\/www.infokuryr.cz\/n\/wp-json\/wp\/v2\/posts\/23957"}],"collection":[{"href":"https:\/\/www.infokuryr.cz\/n\/wp-json\/wp\/v2\/posts"}],"about":[{"href":"https:\/\/www.infokuryr.cz\/n\/wp-json\/wp\/v2\/types\/post"}],"author":[{"embeddable":true,"href":"https:\/\/www.infokuryr.cz\/n\/wp-json\/wp\/v2\/users\/2"}],"replies":[{"embeddable":true,"href":"https:\/\/www.infokuryr.cz\/n\/wp-json\/wp\/v2\/comments?post=23957"}],"version-history":[{"count":1,"href":"https:\/\/www.infokuryr.cz\/n\/wp-json\/wp\/v2\/posts\/23957\/revisions"}],"predecessor-version":[{"id":23959,"href":"https:\/\/www.infokuryr.cz\/n\/wp-json\/wp\/v2\/posts\/23957\/revisions\/23959"}],"wp:featuredmedia":[{"embeddable":true,"href":"https:\/\/www.infokuryr.cz\/n\/wp-json\/wp\/v2\/media\/1097"}],"wp:attachment":[{"href":"https:\/\/www.infokuryr.cz\/n\/wp-json\/wp\/v2\/media?parent=23957"}],"wp:term":[{"taxonomy":"category","embeddable":true,"href":"https:\/\/www.infokuryr.cz\/n\/wp-json\/wp\/v2\/categories?post=23957"},{"taxonomy":"post_tag","embeddable":true,"href":"https:\/\/www.infokuryr.cz\/n\/wp-json\/wp\/v2\/tags?post=23957"}],"curies":[{"name":"wp","href":"https:\/\/api.w.org\/{rel}","templated":true}]}}