{"id":23929,"date":"2023-03-05T08:08:59","date_gmt":"2023-03-05T07:08:59","guid":{"rendered":"http:\/\/www.infokuryr.cz\/n\/?p=23929"},"modified":"2023-03-05T08:08:59","modified_gmt":"2023-03-05T07:08:59","slug":"disident-a-bojovnik-proti-komunismu-slavek-popelka-znova-odsouzen","status":"publish","type":"post","link":"https:\/\/www.infokuryr.cz\/n\/2023\/03\/05\/disident-a-bojovnik-proti-komunismu-slavek-popelka-znova-odsouzen\/","title":{"rendered":"Disident a bojovn\u00edk proti komunismu Sl\u00e1vek Popelka znova odsouzen"},"content":{"rendered":"<div id=\"fb-root\"><\/div>\n<p><span style=\"font-size: 18pt;\"><strong>Neskute\u010dn\u00e1 ostuda \u010desk\u00e9 justice! N\u00e1vrat totality se v\u0161\u00edm v\u0161udy&#8230;.<\/strong><\/span><\/p>\n<p>Zn\u00e1m\u00fd disident Sl\u00e1vek Popelka byl nepravomocn\u011b odsouzen Obvodn\u00edm soudem pro Prahu 1, za to \u017ee cht\u011bl z budovy N\u00e1rodn\u00edho muzea strhnout ukrajinskou vlajku. Za to dostal trest odn\u011bt\u00ed svobody na 6 m\u011bs\u00edc\u016f s podm\u00edn\u011bn\u00fdm odkladem na 18 m\u011bs\u00edc\u016f. Rozsudek s vymazan\u00fdmi osobn\u00edmi \u00fadaji pos\u00edl\u00e1m v p\u0159\u00edloze, se souhlasem Sl\u00e1vka Popelky.<\/p>\n<p>Cel\u00fd rozsudek je absurdn\u00ed proto\u017ee podobn\u00e9 jedn\u00e1n\u00ed nen\u00ed, podle koment\u00e1\u0159e k trestn\u00edmu z\u00e1kon\u00edku sepsan\u00e9mu p\u0159edsedou Nejvy\u0161\u0161\u00edho soudu JUDr. \u0160\u00e1malem, v\u016fbec trestn\u00fdm \u010dinem. V \u010cR neexistuje trestn\u00fd \u010din hanoben\u00ed vlajky nebo n\u011bco podobn\u00e9ho a \u0161\u00ed\u0159en\u00ed popla\u0161n\u00e9 zpr\u00e1vy je, kdy\u017e pachatel vyhro\u017euje n\u011b\u010d\u00edm skute\u010dn\u011b nebezpe\u010dn\u00fdm- nap\u0159. \u017ee v n\u011bjak\u00e9 budov\u011b je bomba, ne \u017ee z n\u00ed sund\u00e1 vlajku.<\/p>\n<p>Nejv\u00edce absurdn\u00ed je, \u017ee soudce pova\u017euje za p\u0159it\u011b\u017euj\u00edc\u00ed okolnost &#8222;krimin\u00e1ln\u00ed minulost&#8220; obvin\u011bn\u00e9ho. V od\u016fvodn\u011bn\u00ed je uvedeno \u017ee ob\u017ealovan\u00fd byl odsouzen k trestu odn\u011bt\u00ed svobody nepodm\u00edn\u011bn\u00e9 v trv\u00e1n\u00ed 4 m\u011bs\u00edc\u016f, a to rozhodnut\u00edm M\u011bstsk\u00e9ho soud v Brn\u011b ze dne 4. 4. 1989. Sl\u00e1vek Popelka byl v roce 1989 odsouzen ze \u0161\u00ed\u0159en\u00ed let\u00e1k\u016f, svol\u00e1v\u00e1n\u00ed demonstrac\u00ed, za v\u00fdzvu k demisi KS\u010c a v\u00fdzvu k zalo\u017een\u00ed strany Zelen\u00fdch.<\/p>\n<p>Myslel jsem, \u017ee podobn\u00e9 rozsudky vydan\u00e9 do roku 1989 ve zjevn\u011b politick\u00fdch procesech byly zru\u0161eny, a nelze k nim proto p\u0159ihl\u00ed\u017eet. Alespo\u0148 doned\u00e1vna tomu tak bylo a politi\u010dt\u00ed v\u011bzni odsouzen\u00ed za odpor proti komunistick\u00e9mu re\u017eimu p\u0159ed rokem 1989 byli rehabilitov\u00e1ni, od\u0161kod\u0148ov\u00e1ni, oce\u0148ov\u00e1ni st\u00e1tn\u00edm vyznamen\u00e1n\u00edm apod. Nyn\u00ed, 33 let od listopadu 1989, se situace z\u0159ejm\u011b zm\u011bnila a b\u00fdval\u00ed disidenti, jako byl Popelka, jsou op\u011bt odsuzov\u00e1ni za politick\u00e9 trestn\u00e9 \u010diny a jejich odsouzen\u00ed za odpor proti komunistick\u00e9mu re\u017eimu je op\u011bt p\u0159it\u011b\u017euj\u00edc\u00ed okolnost\u00ed, hled\u00ed se na n\u011b jako na recidivisty.<\/p>\n<p><strong>Sl\u00e1vek Popelka pochopiteln\u011b pod\u00e1 odvol\u00e1n\u00ed.<\/strong><\/p>\n<p><img decoding=\"async\" loading=\"lazy\" class=\"alignnone size-full wp-image-1185\" src=\"http:\/\/www.infokuryr.cz\/n\/wp-content\/uploads\/2021\/04\/kuryr-podpis.png\" alt=\"\" width=\"84\" height=\"24\" \/><\/p>\n<p>&nbsp;<\/p>\n<p><img decoding=\"async\" loading=\"lazy\" class=\"wp-image-19187 aligncenter\" src=\"http:\/\/www.infokuryr.cz\/n\/wp-content\/uploads\/2022\/12\/1-PRO-300x36.jpg\" alt=\"\" width=\"1150\" height=\"138\" srcset=\"https:\/\/www.infokuryr.cz\/n\/wp-content\/uploads\/2022\/12\/1-PRO-300x36.jpg 300w, https:\/\/www.infokuryr.cz\/n\/wp-content\/uploads\/2022\/12\/1-PRO.jpg 699w\" sizes=\"(max-width: 1150px) 100vw, 1150px\" \/><\/p>\n<p>&nbsp;<\/p>\n<p>&nbsp;<\/p>\n<p><img decoding=\"async\" loading=\"lazy\" class=\"wp-image-22607 aligncenter\" src=\"http:\/\/www.infokuryr.cz\/n\/wp-content\/uploads\/2023\/02\/cesko_proti_bide-239x300.png\" alt=\"\" width=\"811\" height=\"1018\" srcset=\"https:\/\/www.infokuryr.cz\/n\/wp-content\/uploads\/2023\/02\/cesko_proti_bide-239x300.png 239w, https:\/\/www.infokuryr.cz\/n\/wp-content\/uploads\/2023\/02\/cesko_proti_bide-816x1024.png 816w, https:\/\/www.infokuryr.cz\/n\/wp-content\/uploads\/2023\/02\/cesko_proti_bide-768x964.png 768w, https:\/\/www.infokuryr.cz\/n\/wp-content\/uploads\/2023\/02\/cesko_proti_bide.png 846w\" sizes=\"(max-width: 811px) 100vw, 811px\" \/><\/p>\n<p>&nbsp;<\/p>\n<p>&nbsp;<\/p>\n<p>&nbsp;<\/p>\n","protected":false},"excerpt":{"rendered":"<p>Neskute\u010dn\u00e1 ostuda \u010desk\u00e9 justice! N\u00e1vrat totality se v\u0161\u00edm v\u0161udy&#8230;. Zn\u00e1m\u00fd disident Sl\u00e1vek Popelka byl nepravomocn\u011b&#8230;<\/p>\n","protected":false},"author":2,"featured_media":22411,"comment_status":"closed","ping_status":"closed","sticky":false,"template":"","format":"standard","meta":[],"categories":[6],"tags":[33,520,48],"_links":{"self":[{"href":"https:\/\/www.infokuryr.cz\/n\/wp-json\/wp\/v2\/posts\/23929"}],"collection":[{"href":"https:\/\/www.infokuryr.cz\/n\/wp-json\/wp\/v2\/posts"}],"about":[{"href":"https:\/\/www.infokuryr.cz\/n\/wp-json\/wp\/v2\/types\/post"}],"author":[{"embeddable":true,"href":"https:\/\/www.infokuryr.cz\/n\/wp-json\/wp\/v2\/users\/2"}],"replies":[{"embeddable":true,"href":"https:\/\/www.infokuryr.cz\/n\/wp-json\/wp\/v2\/comments?post=23929"}],"version-history":[{"count":0,"href":"https:\/\/www.infokuryr.cz\/n\/wp-json\/wp\/v2\/posts\/23929\/revisions"}],"wp:featuredmedia":[{"embeddable":true,"href":"https:\/\/www.infokuryr.cz\/n\/wp-json\/wp\/v2\/media\/22411"}],"wp:attachment":[{"href":"https:\/\/www.infokuryr.cz\/n\/wp-json\/wp\/v2\/media?parent=23929"}],"wp:term":[{"taxonomy":"category","embeddable":true,"href":"https:\/\/www.infokuryr.cz\/n\/wp-json\/wp\/v2\/categories?post=23929"},{"taxonomy":"post_tag","embeddable":true,"href":"https:\/\/www.infokuryr.cz\/n\/wp-json\/wp\/v2\/tags?post=23929"}],"curies":[{"name":"wp","href":"https:\/\/api.w.org\/{rel}","templated":true}]}}