{"id":23902,"date":"2023-03-04T01:18:24","date_gmt":"2023-03-04T00:18:24","guid":{"rendered":"http:\/\/www.infokuryr.cz\/n\/?p=23902"},"modified":"2023-03-03T19:42:22","modified_gmt":"2023-03-03T18:42:22","slug":"kam-se-kral-chysta-uz-neni-tajemstvim-karel-iii-zahaji-statni-navstevy-z-francie","status":"publish","type":"post","link":"https:\/\/www.infokuryr.cz\/n\/2023\/03\/04\/kam-se-kral-chysta-uz-neni-tajemstvim-karel-iii-zahaji-statni-navstevy-z-francie\/","title":{"rendered":"Kam se kr\u00e1l chyst\u00e1, u\u017e nen\u00ed tajemstv\u00edm: Karel III. zah\u00e1j\u00ed st\u00e1tn\u00ed n\u00e1v\u0161t\u011bvy z Francie"},"content":{"rendered":"<div id=\"fb-root\"><\/div>\n<p class=\"lead\"><span>Kr\u00e1l Karel III. podnikne sv\u00e9 prvn\u00ed st\u00e1tn\u00ed n\u00e1v\u0161t\u011bvy jako britsk\u00fd panovn\u00edk ve Francii a N\u011bmecku koncem tohoto m\u011bs\u00edce, ozn\u00e1mil dnes 3. b\u0159ezna Buckinghamsk\u00fd pal\u00e1c podle France-Presse (AFP).<\/span><\/p>\n<p><span>Volba dvou evropsk\u00fdch zem\u00ed bl\u00edzk\u00fdch spojenc\u016f Lond\u00fdna je pova\u017eov\u00e1na za pokus postavit mosty pot\u00e9, co Spojen\u00e9 kr\u00e1lovstv\u00ed opustilo Evropskou unii, a za uzn\u00e1n\u00ed n\u00e1klonnosti zesnul\u00e9 kr\u00e1lovny Al\u017eb\u011bty\u00a0<\/span><strong><span>II<\/span><\/strong><span>\u00a0.<\/span><\/p>\n<p><span>N\u00e1v\u0161t\u011bvy se budou konat od 26. do 31. b\u0159ezna, p\u0159ed korunovac\u00ed 74let\u00e9ho Karla III. dne 6. kv\u011btna, \u201epotvrzuj\u00edc\u00ed vztah Brit\u00e1nie s Franci\u00ed a N\u011bmeckem, zd\u016fraz\u0148uj\u00edc\u00ed na\u0161i spole\u010dnou historii, kulturu a hodnoty,\u201c uvedl \u00fa\u0159ad britsk\u00e9ho panovn\u00edka. .<\/span><\/p>\n<p><span>Charles III a jeho man\u017eelka\u00a0<\/span><strong><span>Camilla<\/span><\/strong><span>\u00a0budou ve Francii od 26. do 29. b\u0159ezna, p\u0159ipoj\u00ed se k prezidentu\u00a0<\/span><strong><span>Emmanuelu Macronovi<\/span><\/strong><span>\u00a0na vzpom\u00ednkov\u00e9 akci a ob\u0159adu kladen\u00ed v\u011bnc\u016f u V\u00edt\u011bzn\u00e9ho oblouku v Pa\u0159\u00ed\u017ei.\u00a0Kr\u00e1l pronese projev ve francouzsk\u00e9m Sen\u00e1tu, zat\u00edmco Camille a francouzsk\u00e1 prvn\u00ed d\u00e1ma\u00a0<\/span><strong><span>Brigitte Macronov\u00e9<\/span><\/strong><span>\u00a0ofici\u00e1ln\u011b zah\u00e1j\u00ed novou v\u00fdstavu obraz\u016f\u00a0<\/span><strong><span>Maneta<\/span><\/strong><span>\u00a0a\u00a0<\/span><strong><span>Degase<\/span><\/strong><span> v Mus\u00e9e d&#8217;Orsay v Pa\u0159\u00ed\u017ei.<\/span><\/p>\n<p><span>Kr\u00e1lovsk\u00fd p\u00e1r pak bude \u010destn\u00fdmi hosty st\u00e1tn\u00edho banketu po\u0159\u00e1dan\u00e9ho man\u017eeli Macronov\u00fdmi ve Versaillesk\u00e9m pal\u00e1ci a nav\u0161t\u00edv\u00ed tak\u00e9 Bordeaux v jihoz\u00e1padn\u00ed Francii.\u00a0Zat\u00edmco tam, Jeho Veli\u010denstvo &#8222;na vlastn\u00ed o\u010di uvid\u00ed zk\u00e1zu zp\u016fsobenou lesn\u00edmi po\u017e\u00e1ry z lo\u0148sk\u00e9ho l\u00e9ta&#8220; na okraji Bordeaux a nav\u0161t\u00edv\u00ed ekologickou vinici, ozn\u00e1mil Buckinghamsk\u00fd pal\u00e1c.<\/span><\/p>\n<p><span>N\u00e1v\u0161t\u011bva p\u0159ich\u00e1z\u00ed kr\u00e1tce po prvn\u00ed cest\u011b britsk\u00e9ho premi\u00e9ra\u00a0<\/span><strong><span>Rishi Sunaka<\/span><\/strong><span>\u00a0do Francie 10. b\u0159ezna na bilater\u00e1ln\u00ed summit.<\/span><\/p>\n<p><span>Tato cesta bude 35. ofici\u00e1ln\u00ed n\u00e1v\u0161t\u011bvou kr\u00e1le ve Francii a 29. ofici\u00e1ln\u00ed n\u00e1v\u0161t\u011bvou N\u011bmecka.<\/span><\/p>\n<p><span>Matka Karla III., kr\u00e1lovna Al\u017eb\u011bta II., v doprovodu sv\u00e9ho man\u017eela prince\u00a0<\/span><strong><span>Philipa<\/span><\/strong><span>\u00a0, podnikla posledn\u00ed st\u00e1tn\u00ed n\u00e1v\u0161t\u011bvy Francie a N\u011bmecka v roce 2014 a 2015.<\/span><\/p>\n<p><span>Al\u017eb\u011bta, kter\u00e1 mluvila plynn\u011b francouzsky, podnikla b\u011bhem sv\u00e9 dlouh\u00e9 vl\u00e1dy p\u011bt st\u00e1tn\u00edch n\u00e1v\u0161t\u011bv Francie, krom\u011b \u010detn\u00fdch soukrom\u00fdch n\u00e1v\u0161t\u011bv.\u00a0Jej\u00ed prvn\u00ed n\u00e1v\u0161t\u011bva Francie byla v roce 1948, kdy byla 22letou princeznou Velk\u00e9 Brit\u00e1nie a kdy se narodil budouc\u00ed panovn\u00edk Karel III.<\/span><\/p>\n<p><img decoding=\"async\" loading=\"lazy\" class=\"alignnone size-full wp-image-1185\" src=\"http:\/\/www.infokuryr.cz\/n\/wp-content\/uploads\/2021\/04\/kuryr-podpis.png\" alt=\"\" width=\"84\" height=\"24\" \/><\/p>\n<p>&nbsp;<\/p>\n<p><img decoding=\"async\" loading=\"lazy\" class=\"wp-image-19187 aligncenter\" src=\"http:\/\/www.infokuryr.cz\/n\/wp-content\/uploads\/2022\/12\/1-PRO-300x36.jpg\" alt=\"\" width=\"1100\" height=\"132\" srcset=\"https:\/\/www.infokuryr.cz\/n\/wp-content\/uploads\/2022\/12\/1-PRO-300x36.jpg 300w, https:\/\/www.infokuryr.cz\/n\/wp-content\/uploads\/2022\/12\/1-PRO.jpg 699w\" sizes=\"(max-width: 1100px) 100vw, 1100px\" \/><\/p>\n<p>&nbsp;<\/p>\n<p>&nbsp;<\/p>\n<p><img decoding=\"async\" loading=\"lazy\" class=\"wp-image-22607 aligncenter\" src=\"http:\/\/www.infokuryr.cz\/n\/wp-content\/uploads\/2023\/02\/cesko_proti_bide-239x300.png\" alt=\"\" width=\"689\" height=\"865\" srcset=\"https:\/\/www.infokuryr.cz\/n\/wp-content\/uploads\/2023\/02\/cesko_proti_bide-239x300.png 239w, https:\/\/www.infokuryr.cz\/n\/wp-content\/uploads\/2023\/02\/cesko_proti_bide-816x1024.png 816w, https:\/\/www.infokuryr.cz\/n\/wp-content\/uploads\/2023\/02\/cesko_proti_bide-768x964.png 768w, https:\/\/www.infokuryr.cz\/n\/wp-content\/uploads\/2023\/02\/cesko_proti_bide.png 846w\" sizes=\"(max-width: 689px) 100vw, 689px\" \/><\/p>\n<p>&nbsp;<\/p>\n<p>&nbsp;<\/p>\n","protected":false},"excerpt":{"rendered":"<p>Kr\u00e1l Karel III. podnikne sv\u00e9 prvn\u00ed st\u00e1tn\u00ed n\u00e1v\u0161t\u011bvy jako britsk\u00fd panovn\u00edk ve Francii a N\u011bmecku&#8230;<\/p>\n","protected":false},"author":2,"featured_media":23903,"comment_status":"closed","ping_status":"closed","sticky":false,"template":"","format":"standard","meta":[],"categories":[7],"tags":[295,130,3291,4097],"_links":{"self":[{"href":"https:\/\/www.infokuryr.cz\/n\/wp-json\/wp\/v2\/posts\/23902"}],"collection":[{"href":"https:\/\/www.infokuryr.cz\/n\/wp-json\/wp\/v2\/posts"}],"about":[{"href":"https:\/\/www.infokuryr.cz\/n\/wp-json\/wp\/v2\/types\/post"}],"author":[{"embeddable":true,"href":"https:\/\/www.infokuryr.cz\/n\/wp-json\/wp\/v2\/users\/2"}],"replies":[{"embeddable":true,"href":"https:\/\/www.infokuryr.cz\/n\/wp-json\/wp\/v2\/comments?post=23902"}],"version-history":[{"count":0,"href":"https:\/\/www.infokuryr.cz\/n\/wp-json\/wp\/v2\/posts\/23902\/revisions"}],"wp:featuredmedia":[{"embeddable":true,"href":"https:\/\/www.infokuryr.cz\/n\/wp-json\/wp\/v2\/media\/23903"}],"wp:attachment":[{"href":"https:\/\/www.infokuryr.cz\/n\/wp-json\/wp\/v2\/media?parent=23902"}],"wp:term":[{"taxonomy":"category","embeddable":true,"href":"https:\/\/www.infokuryr.cz\/n\/wp-json\/wp\/v2\/categories?post=23902"},{"taxonomy":"post_tag","embeddable":true,"href":"https:\/\/www.infokuryr.cz\/n\/wp-json\/wp\/v2\/tags?post=23902"}],"curies":[{"name":"wp","href":"https:\/\/api.w.org\/{rel}","templated":true}]}}