{"id":23867,"date":"2023-03-04T01:01:51","date_gmt":"2023-03-04T00:01:51","guid":{"rendered":"http:\/\/www.infokuryr.cz\/n\/?p=23867"},"modified":"2023-03-03T17:51:52","modified_gmt":"2023-03-03T16:51:52","slug":"ukolem-sdelovacich-prostredku-je-potlacovat-protivalecna-hnuti","status":"publish","type":"post","link":"https:\/\/www.infokuryr.cz\/n\/2023\/03\/04\/ukolem-sdelovacich-prostredku-je-potlacovat-protivalecna-hnuti\/","title":{"rendered":"\u00dakolem sd\u011blovac\u00edch prost\u0159edk\u016f je potla\u010dovat protiv\u00e1le\u010dn\u00e1 hnut\u00ed"},"content":{"rendered":"<div id=\"fb-root\"><\/div>\n<div class=\"elementor-element elementor-element-1fb4c2c elementor-widget elementor-widget-theme-post-content\" data-id=\"1fb4c2c\" data-element_type=\"widget\" data-widget_type=\"theme-post-content.default\">\n<div class=\"elementor-widget-container\">\n<p><span>V nov\u00e9m \u010dl\u00e1nku nazvan\u00e9m \u201e\u00a0<\/span><a href=\"https:\/\/thegrayzone.com\/2023\/02\/27\/europeans-protest-natos-proxy-war\/\" target=\"_blank\" rel=\"noreferrer noopener\" data-type=\"URL\" data-id=\"https:\/\/thegrayzone.com\/2023\/02\/27\/europeans-protest-natos-proxy-war\/\"><span>Evropsk\u00e9 protiv\u00e1le\u010dn\u00e9 protesty nab\u00fdvaj\u00ed na s\u00edle, jak eskaluje z\u00e1stupn\u00e1 v\u00e1lka NATO na Ukrajin\u011b<\/span><\/a><span>\u00a0\u201c, Stavroula Pabst a Max Blumenthal z Grayzone dokumentuj\u00ed mnoho velk\u00fdch demonstrac\u00ed, kter\u00e9 se konaly ve Francii, Brit\u00e1nii, N\u011bmecku, \u0158ecku, \u0160pan\u011blsku a \u010cesk\u00e9 republice. , Rakousko, Belgie a jinde proti pohrani\u010dn\u00edmu postaven\u00ed Z\u00e1padn\u00edho imp\u00e9ria s Ruskem a z\u00e1stupn\u00e9 v\u00e1lce na Ukrajin\u011b.<\/span><\/p>\n<p><span>Pabst a Blumenthal uzav\u00edraj\u00ed svou zpr\u00e1vu odsuzov\u00e1n\u00edm zp\u016fsobu, jak\u00fdm z\u00e1padn\u00ed m\u00e9dia tyto protesty ignorovala nebo se jim vysm\u00edvala, zat\u00edmco aktivn\u011b povzbuzovala men\u0161\u00ed demonstrace na podporu vyzbrojov\u00e1n\u00ed Ukrajiny.<\/span><\/p>\n<p><span>\u201eKdy\u017e z\u00e1padn\u00ed m\u00e9dia zcela neignorovala evropsk\u00e9 protiv\u00e1le\u010dn\u00e9 protesty, jejich zpravodajstv\u00ed kol\u00edsalo mezi pohrd\u00e1n\u00edm a pohrd\u00e1n\u00edm,\u201c p\u00ed\u0161\u00ed.\u00a0\u201eN\u011bmeck\u00e1 st\u00e1tn\u00ed televize Deutsche Welle se vysm\u00edvala demonstraci 25. \u00fanora v Berl\u00edn\u011b jako \u201anaivn\u00ed\u2018, zat\u00edmco nad\u0161en\u011b hl\u00e1sila men\u0161\u00ed demonstrace ukrajinsk\u00e9 diaspory na podporu v\u00e1lky.\u00a0New York Times zase zm\u00ednil evropsk\u00e9 protesty v jedin\u00e9 obecn\u00e9 linii skryt\u00e9 v \u010dl\u00e1nku o drobn\u00fdch protiputinovsk\u00fdch protestech rusk\u00fdch emigrant\u016f.<\/span><\/p>\n<p><span>Tato zaujatost je samoz\u0159ejm\u011b nehor\u00e1zn\u011b propagandistick\u00e1, co\u017e nebude p\u0159ekvapen\u00edm pro ka\u017ed\u00e9ho, kdo v\u00ed, \u017ee mainstreamov\u00e1 z\u00e1padn\u00ed m\u00e9dia existuj\u00ed p\u0159edev\u0161\u00edm proto, aby prov\u00e1d\u011bla propagandu jm\u00e9nem centralizovan\u00e9ho imp\u00e9ria USA.\u00a0A jedn\u00edm z jejich nejd\u016fle\u017eit\u011bj\u0161\u00edch propagandistick\u00fdch \u00fakol\u016f je potla\u010dit vznik skute\u010dn\u00e9ho m\u00edrov\u00e9ho hnut\u00ed.<\/span><\/p>\n<div class=\"twitter-tweet twitter-tweet-rendered\"><iframe id=\"twitter-widget-0\" class=\"\" title=\"Twitter Tweet\" src=\"https:\/\/platform.twitter.com\/embed\/Tweet.html?creatorScreenName=uncutnewsCH&amp;dnt=false&amp;embedId=twitter-widget-0&amp;features=eyJ0ZndfdGltZWxpbmVfbGlzdCI6eyJidWNrZXQiOltdLCJ2ZXJzaW9uIjpudWxsfSwidGZ3X2ZvbGxvd2VyX2NvdW50X3N1bnNldCI6eyJidWNrZXQiOnRydWUsInZlcnNpb24iOm51bGx9LCJ0ZndfdHdlZXRfZWRpdF9iYWNrZW5kIjp7ImJ1Y2tldCI6Im9uIiwidmVyc2lvbiI6bnVsbH0sInRmd19yZWZzcmNfc2Vzc2lvbiI6eyJidWNrZXQiOiJvbiIsInZlcnNpb24iOm51bGx9LCJ0ZndfbWl4ZWRfbWVkaWFfMTU4OTciOnsiYnVja2V0IjoidHJlYXRtZW50IiwidmVyc2lvbiI6bnVsbH0sInRmd19leHBlcmltZW50c19jb29raWVfZXhwaXJhdGlvbiI6eyJidWNrZXQiOjEyMDk2MDAsInZlcnNpb24iOm51bGx9LCJ0ZndfZHVwbGljYXRlX3NjcmliZXNfdG9fc2V0dGluZ3MiOnsiYnVja2V0Ijoib24iLCJ2ZXJzaW9uIjpudWxsfSwidGZ3X3ZpZGVvX2hsc19keW5hbWljX21hbmlmZXN0c18xNTA4MiI6eyJidWNrZXQiOiJ0cnVlX2JpdHJhdGUiLCJ2ZXJzaW9uIjpudWxsfSwidGZ3X2xlZ2FjeV90aW1lbGluZV9zdW5zZXQiOnsiYnVja2V0Ijp0cnVlLCJ2ZXJzaW9uIjpudWxsfSwidGZ3X3R3ZWV0X2VkaXRfZnJvbnRlbmQiOnsiYnVja2V0Ijoib24iLCJ2ZXJzaW9uIjpudWxsfX0%3D&amp;frame=false&amp;hideCard=false&amp;hideThread=false&amp;id=1630356009871974401&amp;lang=cs&amp;origin=https%3A%2F%2Funcutnews.ch%2Fes-ist-die-aufgabe-der-massenmedien-anti-kriegs-bewegungen-zu-unterdruecken%2F&amp;sessionId=d5b504eb894021d2a34539bbbf809dba490f8fdb&amp;siteScreenName=Donuncutschweiz&amp;theme=light&amp;widgetsVersion=aaf4084522e3a%3A1674595607486&amp;width=550px\" frameborder=\"0\" scrolling=\"no\" allowfullscreen=\"allowfullscreen\" data-tweet-id=\"1630356009871974401\" data-mce-fragment=\"1\"><\/iframe><\/div>\n<p><span>Jak jsme ji\u017e diskutovali, nikdy v historii lidstva nebylo tak nal\u00e9hav\u00e9 m\u00edt masivn\u00ed, siln\u00e9 protestn\u00ed hnut\u00ed proti rychle se zrychluj\u00edc\u00edmu kurzu Imp\u00e9ria ke glob\u00e1ln\u00edmu konfliktu s Ruskem a \u010c\u00ednou.\u00a0Jin\u00e1 m\u00edrov\u00e1 hnut\u00ed se v minulosti objevila v reakci na hrozn\u00e9 v\u00e1lky, kter\u00e9 si pozd\u011bji vy\u017e\u00e1daly miliony \u017eivot\u016f, ale sv\u011btov\u00e1 v\u00e1lka v jadern\u00e9m v\u011bku by si snadno vy\u017e\u00e1dala miliardy \u017eivot\u016f a nikdy nesm\u00ed b\u00fdt dovoleno, aby k n\u00ed do\u0161lo.<\/span><\/p>\n<p><span>A p\u0159esto ve\u0159ejnost nep\u0159istupuje k t\u00e9to bezprecedentn\u00ed hrozb\u011b s takovou nal\u00e9havost\u00ed, jakou si zaslou\u017e\u00ed.\u00a0Ob\u010das je p\u00e1r protest\u016f skv\u011bl\u00fdch, ale zdaleka to nesta\u010d\u00ed.\u00a0D\u016fvod, pro\u010d lid\u00e9 na v\u00fdzvu nereaguj\u00ed, je ten, \u017ee je mainstreamov\u00e1 m\u00e9dia \u00fasp\u011b\u0161n\u011b p\u0159esv\u011bd\u010dila, aby p\u0159ijali pokra\u010duj\u00edc\u00ed eskalaci sm\u011brem ke sv\u011btov\u00e9 v\u00e1lce, kter\u00e9 jsme byli sv\u011bdky.<\/span><\/p>\n<p><span>Lid\u00e9 nebudou protestovat proti tomu, co jejich vl\u00e1da d\u011bl\u00e1, pokud budou v\u011b\u0159it, \u017ee to, co jejich vl\u00e1da d\u011bl\u00e1, je vhodn\u00e9, a jedin\u00fd d\u016fvod, pro\u010d tolik lid\u00ed v\u011b\u0159\u00ed tomu, co jejich vl\u00e1da d\u011bl\u00e1 ve vztahu k Rusku a \u010c\u00edn\u011b, je vhodn\u00e9, je to, \u017ee byli tak propagov\u00e1ni.<\/span><\/p>\n<p><span>Mainstreamov\u00e1 m\u00e9dia neinformuj\u00ed ve\u0159ejnost o mnoha dob\u0159e zdokumentovan\u00fdch z\u00e1padn\u00edch provokac\u00edch, kter\u00e9 vedly k v\u00e1lce na Ukrajin\u011b a sabotuj\u00ed m\u00edr na ka\u017ed\u00e9m kroku;\u00a0jen v\u0161em \u0159\u00edkaj\u00ed, \u017ee Putin napadl, proto\u017ee je zl\u00fdm Hitlerov\u00fdm stoupencem, kter\u00fd miluje zab\u00edjen\u00ed a nen\u00e1vid\u00ed svobodu.\u00a0Mainstreamov\u00e1 m\u00e9dia nedok\u00e1\u017eou informovat ve\u0159ejnost o zp\u016fsobu, jak\u00fdm americk\u00e9 imp\u00e9rium obkli\u010duje \u010c\u00ednu svou v\u00e1le\u010dnou ma\u0161in\u00e9ri\u00ed zp\u016fsobem, kter\u00fd by si nikdy nedovolila, a p\u0159itom na Tchaj-wanu z\u00e1m\u011brn\u011b organizuj\u00ed povstaleck\u00e9 provokace;\u00a0jen v\u0161em \u0159\u00edkaj\u00ed, \u017ee \u010c\u00edn\u011b vl\u00e1dnou zl\u00ed, v\u00e1le\u010dn\u00ed tyrani.\u00a0Masm\u00e9dia nedok\u00e1\u017eou ve\u0159ejnosti p\u0159ipomenout\u00a0\u017ee po rozpadu Sov\u011btsk\u00e9ho svazu americk\u00e9 imp\u00e9rium prosazovalo doktr\u00ednu, \u017ee vzestupu ciz\u00ed supervelmoci je t\u0159eba zabr\u00e1nit za ka\u017edou cenu;\u00a0nechali tuto agendu zmizet v zapomn\u011bn\u00ed.<\/span><\/p>\n<p><span>Proto\u017ee lid\u00e9 v\u011b\u0159\u00ed, \u017ee Rusko a \u010c\u00edna jsou jedin\u00fdmi agresory a \u017ee USA a jejich spojenci na tyto nevyprovokovan\u00e9 agrese reaguj\u00ed pouze defenzivn\u011b, nevid\u00ed pot\u0159ebu masov\u00e9ho protestn\u00edho hnut\u00ed proti vlastn\u00edm vl\u00e1d\u00e1m.\u00a0\u0158eknete-li pr\u016fm\u011brn\u00e9mu americk\u00e9mu pob\u0159e\u017en\u00edmu liber\u00e1lovi, \u017ee po\u0159\u00e1d\u00e1te protest proti v\u00e1lce na Ukrajin\u011b, bude p\u0159edpokl\u00e1dat, \u017ee protestujete proti Putinovi, a bude se na v\u00e1s divn\u011b d\u00edvat, kdy\u017e jim \u0159eknete, \u017ee jste ve skute\u010dnosti proti agres\u00edm sv\u00e9 vlastn\u00ed vl\u00e1dy. protest.<\/span><\/p>\n<p><em><span>Nikdy v historii nebyla v\u011bt\u0161\u00ed pot\u0159eba velk\u00e9ho protiv\u00e1le\u010dn\u00e9ho hnut\u00ed<\/span><\/em><br \/>\n<em><span>\u201eV\u00e1lky ve Vietnamu a Ir\u00e1ku si vy\u017e\u00e1daly \u017eivoty milion\u016f;\u00a0mluv\u00edme o konfliktu, kter\u00fd m\u016f\u017ee zab\u00edt miliardy lid\u00ed.<\/span><\/em><\/p>\n<div class=\"twitter-tweet twitter-tweet-rendered\"><iframe id=\"twitter-widget-1\" class=\"\" title=\"Twitter Tweet\" src=\"https:\/\/platform.twitter.com\/embed\/Tweet.html?creatorScreenName=uncutnewsCH&amp;dnt=false&amp;embedId=twitter-widget-1&amp;features=eyJ0ZndfdGltZWxpbmVfbGlzdCI6eyJidWNrZXQiOltdLCJ2ZXJzaW9uIjpudWxsfSwidGZ3X2ZvbGxvd2VyX2NvdW50X3N1bnNldCI6eyJidWNrZXQiOnRydWUsInZlcnNpb24iOm51bGx9LCJ0ZndfdHdlZXRfZWRpdF9iYWNrZW5kIjp7ImJ1Y2tldCI6Im9uIiwidmVyc2lvbiI6bnVsbH0sInRmd19yZWZzcmNfc2Vzc2lvbiI6eyJidWNrZXQiOiJvbiIsInZlcnNpb24iOm51bGx9LCJ0ZndfbWl4ZWRfbWVkaWFfMTU4OTciOnsiYnVja2V0IjoidHJlYXRtZW50IiwidmVyc2lvbiI6bnVsbH0sInRmd19leHBlcmltZW50c19jb29raWVfZXhwaXJhdGlvbiI6eyJidWNrZXQiOjEyMDk2MDAsInZlcnNpb24iOm51bGx9LCJ0ZndfZHVwbGljYXRlX3NjcmliZXNfdG9fc2V0dGluZ3MiOnsiYnVja2V0Ijoib24iLCJ2ZXJzaW9uIjpudWxsfSwidGZ3X3ZpZGVvX2hsc19keW5hbWljX21hbmlmZXN0c18xNTA4MiI6eyJidWNrZXQiOiJ0cnVlX2JpdHJhdGUiLCJ2ZXJzaW9uIjpudWxsfSwidGZ3X2xlZ2FjeV90aW1lbGluZV9zdW5zZXQiOnsiYnVja2V0Ijp0cnVlLCJ2ZXJzaW9uIjpudWxsfSwidGZ3X3R3ZWV0X2VkaXRfZnJvbnRlbmQiOnsiYnVja2V0Ijoib24iLCJ2ZXJzaW9uIjpudWxsfX0%3D&amp;frame=false&amp;hideCard=false&amp;hideThread=false&amp;id=1630047209289809920&amp;lang=cs&amp;origin=https%3A%2F%2Funcutnews.ch%2Fes-ist-die-aufgabe-der-massenmedien-anti-kriegs-bewegungen-zu-unterdruecken%2F&amp;sessionId=d5b504eb894021d2a34539bbbf809dba490f8fdb&amp;siteScreenName=Donuncutschweiz&amp;theme=light&amp;widgetsVersion=aaf4084522e3a%3A1674595607486&amp;width=550px\" frameborder=\"0\" scrolling=\"no\" allowfullscreen=\"allowfullscreen\" data-tweet-id=\"1630047209289809920\" data-mce-fragment=\"1\"><\/iframe><\/div>\n<p><span>Narativ, \u017ee Rusko a \u010c\u00edna jednaj\u00ed s nevyprovokovanou agres\u00ed, ve skute\u010dnosti br\u00e1n\u00ed m\u00edru, proto\u017ee pokud jejich vlastn\u00ed vl\u00e1da ned\u011bl\u00e1 nic, aby v\u011bci zhor\u0161ila, pak nemohou ud\u011blat nic, aby zm\u011bnili sv\u00e9 vlastn\u00ed chov\u00e1n\u00ed, aby se v\u011bci zlep\u0161ily.\u00a0Z\u00e1padn\u00ed mocensk\u00e1 aliance se ale samoz\u0159ejm\u011b m\u016f\u017ee velmi, velmi zm\u011bnit ve sv\u00e9m chov\u00e1n\u00ed v\u016f\u010di Rusku a \u010c\u00edn\u011b, co\u017e by situaci zna\u010dn\u011b zlep\u0161ilo.\u00a0M\u00edsto toho, aby pracovali na pod\u0159\u00edzen\u00ed cel\u00e9 planety v\u016fli Washingtonu a jeho v\u016fdc\u016f, mohou pracovat na deeskalaci, diplomacii a uvoln\u011bn\u00ed nap\u011bt\u00ed.<\/span><\/p>\n<p><span>Nedos\u00e1hneme deeskalace, diplomacie a uvoln\u011bn\u00ed, pokud lid\u00e9 nevyu\u017eij\u00ed s\u00edlu sv\u00fdch \u010d\u00edsel k tomu, aby tyto v\u011bci po\u017eadovali, a lid\u00e9 nebudou vyu\u017e\u00edvat s\u00edlu sv\u00fdch \u010d\u00edsel k tomu, aby tyto v\u011bci po\u017eadovali, dokud budou proti tomu \u00fasp\u011b\u0161n\u011b propagov\u00e1ny.\u00a0To znamen\u00e1, \u017ee propaganda je skute\u010dn\u00fd probl\u00e9m, kter\u00fd je t\u0159eba \u0159e\u0161it.\u00a0Jedin\u00fd zp\u016fsob, jak se s t\u00edm oby\u010dejn\u00ed lid\u00e9 mohou vypo\u0159\u00e1dat, je upozornit ve\u0159ejnost na to, \u017ee jim politick\u00e1 a medi\u00e1ln\u00ed t\u0159\u00edda l\u017ee o tom, co se d\u011bje v Rusku a \u010c\u00edn\u011b, a to v\u0161emi prost\u0159edky, ke kter\u00fdm m\u00e1me p\u0159\u00edstup.<\/span><\/p>\n<p><span>Tak\u017ee to mus\u00edme ud\u011blat.\u00a0Mus\u00edme bojovat proti imperi\u00e1ln\u00ed dezinforma\u010dn\u00ed kampani pomoc\u00ed informac\u00ed.\u00a0Mus\u00edme lidem \u0159\u00edct pravdu a pou\u017e\u00edt ka\u017ed\u00e9 m\u00e9dium, kter\u00e9 m\u00e1me k dispozici, abychom zaseli ned\u016fv\u011bru v imperi\u00e1ln\u00ed propagandistickou ma\u0161in\u00e9rii, proto\u017ee propaganda funguje pouze tehdy, kdy\u017e nev\u00edte, \u017ee se to d\u011bje v\u00e1m.<\/span><\/p>\n<p><span>Na\u0161i vl\u00e1dci v\u017edy \u017evan\u00ed o veden\u00ed \u201einforma\u010dn\u00ed v\u00e1lky\u201c proti nep\u0159\u00e1telsk\u00fdm n\u00e1rod\u016fm, ale ve skute\u010dnosti vedou informa\u010dn\u00ed v\u00e1lku proti oby\u010dejn\u00fdm obyvatel\u016fm Z\u00e1padu, jako jsme my.\u00a0Tak\u017ee se mus\u00edme br\u00e1nit.\u00a0Mus\u00edme ot\u0159\u00e1st v\u00edrou ve\u0159ejnosti v propagandistickou ma\u0161in\u00e9rii a vz\u00e1jemn\u011b se probudit z propagandistick\u00e9ho sp\u00e1nku, abychom se mohli za\u010d\u00edt organizovat proti stra\u0161liv\u00e9mu konci, ke kter\u00e9mu n\u00e1s \u017eenou.<\/span><\/p>\n<p><em><span>Caitlin Johnstoneov\u00e1<\/span><\/em><\/p>\n<\/div>\n<\/div>\n<div class=\"elementor-element elementor-element-8c57238 quelle dc-has-condition dc-condition-empty elementor-widget elementor-widget-heading\" data-id=\"8c57238\" data-element_type=\"widget\" data-widget_type=\"heading.default\">\n<div class=\"elementor-widget-container\">\n<h3 class=\"elementor-heading-title elementor-size-default\"><span style=\"font-size: 8pt;\"><a href=\"https:\/\/caitlinjohnstone.com\/2023\/03\/01\/it-is-the-mass-medias-job-to-help-suppress-anti-war-movements\/\" target=\"_blank\" rel=\"nofollow noopener\">ZDROJ<\/a><\/span><\/h3>\n<\/div>\n<p><img decoding=\"async\" loading=\"lazy\" class=\"wp-image-19187 aligncenter\" src=\"http:\/\/www.infokuryr.cz\/n\/wp-content\/uploads\/2022\/12\/1-PRO-300x36.jpg\" alt=\"\" width=\"1117\" height=\"134\" srcset=\"https:\/\/www.infokuryr.cz\/n\/wp-content\/uploads\/2022\/12\/1-PRO-300x36.jpg 300w, https:\/\/www.infokuryr.cz\/n\/wp-content\/uploads\/2022\/12\/1-PRO.jpg 699w\" sizes=\"(max-width: 1117px) 100vw, 1117px\" \/><\/p>\n<\/div>\n<p>&nbsp;<\/p>\n","protected":false},"excerpt":{"rendered":"<p>V nov\u00e9m \u010dl\u00e1nku nazvan\u00e9m \u201e\u00a0Evropsk\u00e9 protiv\u00e1le\u010dn\u00e9 protesty nab\u00fdvaj\u00ed na s\u00edle, jak eskaluje z\u00e1stupn\u00e1 v\u00e1lka NATO&#8230;<\/p>\n","protected":false},"author":2,"featured_media":22966,"comment_status":"closed","ping_status":"closed","sticky":false,"template":"","format":"standard","meta":[],"categories":[7],"tags":[1042,158,1051,40],"_links":{"self":[{"href":"https:\/\/www.infokuryr.cz\/n\/wp-json\/wp\/v2\/posts\/23867"}],"collection":[{"href":"https:\/\/www.infokuryr.cz\/n\/wp-json\/wp\/v2\/posts"}],"about":[{"href":"https:\/\/www.infokuryr.cz\/n\/wp-json\/wp\/v2\/types\/post"}],"author":[{"embeddable":true,"href":"https:\/\/www.infokuryr.cz\/n\/wp-json\/wp\/v2\/users\/2"}],"replies":[{"embeddable":true,"href":"https:\/\/www.infokuryr.cz\/n\/wp-json\/wp\/v2\/comments?post=23867"}],"version-history":[{"count":0,"href":"https:\/\/www.infokuryr.cz\/n\/wp-json\/wp\/v2\/posts\/23867\/revisions"}],"wp:featuredmedia":[{"embeddable":true,"href":"https:\/\/www.infokuryr.cz\/n\/wp-json\/wp\/v2\/media\/22966"}],"wp:attachment":[{"href":"https:\/\/www.infokuryr.cz\/n\/wp-json\/wp\/v2\/media?parent=23867"}],"wp:term":[{"taxonomy":"category","embeddable":true,"href":"https:\/\/www.infokuryr.cz\/n\/wp-json\/wp\/v2\/categories?post=23867"},{"taxonomy":"post_tag","embeddable":true,"href":"https:\/\/www.infokuryr.cz\/n\/wp-json\/wp\/v2\/tags?post=23867"}],"curies":[{"name":"wp","href":"https:\/\/api.w.org\/{rel}","templated":true}]}}