{"id":23865,"date":"2023-03-03T10:25:08","date_gmt":"2023-03-03T09:25:08","guid":{"rendered":"http:\/\/www.infokuryr.cz\/n\/?p=23865"},"modified":"2023-03-03T10:25:08","modified_gmt":"2023-03-03T09:25:08","slug":"cast-ukrajinskych-vojsk-dostala-rozkaz-okamzite-opustit-bachmut","status":"publish","type":"post","link":"https:\/\/www.infokuryr.cz\/n\/2023\/03\/03\/cast-ukrajinskych-vojsk-dostala-rozkaz-okamzite-opustit-bachmut\/","title":{"rendered":"\u010c\u00e1st ukrajinsk\u00fdch vojsk dostala rozkaz okam\u017eit\u011b opustit Bachmut"},"content":{"rendered":"<div id=\"fb-root\"><\/div>\n<p><strong>Velitel ukrajinsk\u00fdch vojsk se zn\u011blkou Ma\u010far ozn\u00e1mil, \u017ee jeho jednotka dostala rozkaz okam\u017eit\u011b opustit Ar\u0165omovsk (Bachmut).<\/strong><\/p>\n<p>\u201eV noci 2 b\u0159ezna dostala jednotka Pt\u00e1ci Ma\u010fara rozkaz okam\u017eit\u011b odej\u00edt z Bachmutu na jin\u00e9 m\u00edsto. Jak\u00e9 jsou p\u0159\u00ed\u010diny p\u0159esunu v kritick\u00e9m pro Bachmut okam\u017eiku, pot\u00e9, co jsme tu str\u00e1vili 110 dn\u00ed v pohotovosti? Jsem v prvn\u00ed \u0159ad\u011b voj\u00e1k, a proto nebudu komentovat rozkazy velen\u00ed obrany Bachmutu. Pln\u00edme rozkaz,\u201c prohl\u00e1sil na videu na sv\u00e9m Telegramu.<\/p>\n<p>\u010clen v\u00fdboru Nejvy\u0161\u0161\u00ed rady pro n\u00e1rodn\u00ed bezpe\u010dnost, obranu a rozv\u011bdku Sergej Rachmanin v\u010dera prohl\u00e1sil, \u017ee je situace v Bachmutu kritick\u00e1. Podle jeho slov z hlediska vojensk\u00e9ho nem\u00e1 smysl br\u00e1nit m\u011bsto za ka\u017edou cenu. Ten hlavn\u00ed probl\u00e9m spo\u010d\u00edv\u00e1 v tom, \u017ee rusk\u00e9 jednotky prakticky od\u0159\u00edzly v\u0161echny cesty z\u00e1sobov\u00e1n\u00ed ukrajinsk\u00e9 skupiny.<\/p>\n<p>Z\u00e1rove\u0148 o den d\u0159\u00edve n\u00e1m\u011bstkyn\u011b ministra obrany Ukrajiny Anna Maljarov\u00e1 ozn\u00e1mila rozhodnut\u00ed p\u0159esunout do Bachmutu dodate\u010dn\u00e9 jednotky ukrajinsk\u00fdch vojsk.<\/p>\n<p>V \u00fater\u00fd bylo na americk\u00e9 CNN zve\u0159ejn\u011bno interview ukrajinsk\u00e9ho vojensk\u00e9ho p\u0159\u00edslu\u0161n\u00edka, kter\u00fd uznal, \u017ee je situace v Bachmutu pro Kyjev po v\u0161ech str\u00e1nk\u00e1ch mnohem hor\u0161\u00ed, ne\u017e se o tom mluv\u00ed ofici\u00e1ln\u011b. Agentura Bloomberg tak\u00e9 ozn\u00e1mila, \u017ee z\u00edsk\u00e1n\u00ed rusk\u00fdmi voj\u00e1ky kontroly nad Bachmutem bude krokem na cest\u011b k osvobozen\u00ed cel\u00e9 Don\u011bck\u00e9 lidov\u00e9 republiky.<\/p>\n<p><img decoding=\"async\" loading=\"lazy\" class=\"alignnone size-full wp-image-1185\" src=\"http:\/\/www.infokuryr.cz\/n\/wp-content\/uploads\/2021\/04\/kuryr-podpis.png\" alt=\"\" width=\"84\" height=\"24\" \/><\/p>\n<p>&nbsp;<\/p>\n<p><img decoding=\"async\" loading=\"lazy\" class=\"wp-image-19187 aligncenter\" src=\"http:\/\/www.infokuryr.cz\/n\/wp-content\/uploads\/2022\/12\/1-PRO-300x36.jpg\" alt=\"\" width=\"1125\" height=\"135\" srcset=\"https:\/\/www.infokuryr.cz\/n\/wp-content\/uploads\/2022\/12\/1-PRO-300x36.jpg 300w, https:\/\/www.infokuryr.cz\/n\/wp-content\/uploads\/2022\/12\/1-PRO.jpg 699w\" sizes=\"(max-width: 1125px) 100vw, 1125px\" \/><\/p>\n<p>&nbsp;<\/p>\n<p>&nbsp;<\/p>\n","protected":false},"excerpt":{"rendered":"<p>Velitel ukrajinsk\u00fdch vojsk se zn\u011blkou Ma\u010far ozn\u00e1mil, \u017ee jeho jednotka dostala rozkaz okam\u017eit\u011b opustit Ar\u0165omovsk&#8230;<\/p>\n","protected":false},"author":2,"featured_media":21629,"comment_status":"closed","ping_status":"closed","sticky":false,"template":"","format":"standard","meta":[],"categories":[7],"tags":[80,4512,26,3295],"_links":{"self":[{"href":"https:\/\/www.infokuryr.cz\/n\/wp-json\/wp\/v2\/posts\/23865"}],"collection":[{"href":"https:\/\/www.infokuryr.cz\/n\/wp-json\/wp\/v2\/posts"}],"about":[{"href":"https:\/\/www.infokuryr.cz\/n\/wp-json\/wp\/v2\/types\/post"}],"author":[{"embeddable":true,"href":"https:\/\/www.infokuryr.cz\/n\/wp-json\/wp\/v2\/users\/2"}],"replies":[{"embeddable":true,"href":"https:\/\/www.infokuryr.cz\/n\/wp-json\/wp\/v2\/comments?post=23865"}],"version-history":[{"count":0,"href":"https:\/\/www.infokuryr.cz\/n\/wp-json\/wp\/v2\/posts\/23865\/revisions"}],"wp:featuredmedia":[{"embeddable":true,"href":"https:\/\/www.infokuryr.cz\/n\/wp-json\/wp\/v2\/media\/21629"}],"wp:attachment":[{"href":"https:\/\/www.infokuryr.cz\/n\/wp-json\/wp\/v2\/media?parent=23865"}],"wp:term":[{"taxonomy":"category","embeddable":true,"href":"https:\/\/www.infokuryr.cz\/n\/wp-json\/wp\/v2\/categories?post=23865"},{"taxonomy":"post_tag","embeddable":true,"href":"https:\/\/www.infokuryr.cz\/n\/wp-json\/wp\/v2\/tags?post=23865"}],"curies":[{"name":"wp","href":"https:\/\/api.w.org\/{rel}","templated":true}]}}