{"id":23747,"date":"2023-03-01T09:05:58","date_gmt":"2023-03-01T08:05:58","guid":{"rendered":"http:\/\/www.infokuryr.cz\/n\/?p=23747"},"modified":"2023-03-01T09:05:59","modified_gmt":"2023-03-01T08:05:59","slug":"mrtve-duse-vybiraji-dustojnici-platy-pohresovanych-ukrajinskych-vojaku","status":"publish","type":"post","link":"https:\/\/www.infokuryr.cz\/n\/2023\/03\/01\/mrtve-duse-vybiraji-dustojnici-platy-pohresovanych-ukrajinskych-vojaku\/","title":{"rendered":"&#8222;Mrtv\u00e9 du\u0161e&#8220; &#8211; Vyb\u00edraj\u00ed d\u016fstojn\u00edci platy poh\u0159e\u0161ovan\u00fdch ukrajinsk\u00fdch voj\u00e1k\u016f?"},"content":{"rendered":"<div id=\"fb-root\"><\/div>\n<div class=\"ArticleView-summary\">\n<div class=\"Text-root Text-type_1 \"><strong>Skupina ukrajinsk\u00fdch aktivist\u016f z vojensk\u00e9ho veden\u00ed vznesla nehor\u00e1zn\u00e9 obvin\u011bn\u00ed: d\u016fstojn\u00edci pr\u00fd vyb\u00edraj\u00ed platy zabit\u00fdm voj\u00e1k\u016fm.\u00a0Systematicky jsou pr\u00fd zpronev\u011b\u0159ov\u00e1ny i prost\u0159edky na n\u00e1kup zbran\u00ed ze Z\u00e1padu.<\/strong><\/div>\n<\/div>\n<div class=\"Text-root Text-type_5 ArticleView-text ViewText-root \">\n<p><em><span>Americk\u00fd list Wall Street Journal<\/span><\/em><span>\u00a0\u00a0(\u00a0<\/span><em><span>WSJ<\/span><\/em><span>\u00a0)\u00a0\u00a0v den v\u00fdro\u010d\u00ed zah\u00e1jen\u00ed rusk\u00e9 vojensk\u00e9 operace\u00a0\u00a0<\/span><a href=\"https:\/\/www.wsj.com\/articles\/graves-without-names-messages-unanswered-ukraines-missing-soldiers-hint-at-wars-bloody-toll-fd4be493\" target=\"_blank\" rel=\"noopener noreferrer\"><span>informoval<\/span><\/a><span>\u00a0\u00a0o n\u00e1kladech v\u00e1lky pro Ukrajinu v p\u0159epo\u010dtu na \u017eivoty voj\u00e1k\u016f.\u00a0Zabito a zran\u011bno bylo 100 000, co\u017e je podle WSJ\u00a0\u00a0<\/span><em><span>dvojn\u00e1sobek<\/span><\/em><span> \u00a0po\u010dtu americk\u00fdch ob\u011bt\u00ed v Ir\u00e1ku a Afgh\u00e1nist\u00e1nu.<\/span><\/p>\n<p><span>Toto \u010d\u00edslo v\u0161ak m\u016f\u017ee b\u00fdt hrub\u011b podhodnocen\u00e9.\u00a0O po\u010dtu ob\u011bt\u00ed obou v\u00e1l\u010d\u00edc\u00edch stran\u00a0<\/span><a href=\"https:\/\/hurseda.net\/search.php?q=NATO+birlikleri+%28Ukrayna%27da+gayri+resmi+olarak+sava%C5%9Fan%29+ve+yabanc%C4%B1+paral%C4%B1+askerler+de+dahil+olmak+%C3%BCzere+734%2C000+askerdir+\" target=\"_blank\" rel=\"noopener noreferrer\"><span>informoval<\/span><\/a><span>\u00a0na konci ledna\u00a0tureck\u00fd internetov\u00fd list\u00a0<\/span><em><span>H\u00fcrseda Haber s odvol\u00e1n\u00edm na izraelskou tajnou slu\u017ebu Mossad.\u00a0<\/span><\/em><span>Podle Mossadu ke 14. lednu ztratila ukrajinsk\u00e1 strana ji\u017e 157 000 voj\u00e1k\u016f.<\/span><\/p>\n<p><span>Poh\u0159e\u0161ovan\u00e9 osoby se v\u0161ak staly hlavn\u00edm t\u00e9matem\u00a0<\/span><em><span>\u010dl\u00e1nku WSJ<\/span><\/em><span>\u00a0.\u00a0\u201eN\u011bkolik tis\u00edc ukrajinsk\u00fdch voj\u00e1k\u016f zmizelo v krvav\u00e9m chaosu,\u201c p\u00ed\u0161e se v n\u011bm.\u00a0Podle ukrajinsk\u00e9ho \u00fa\u0159edn\u00edka by jich mohlo b\u00fdt a\u017e 10 tis\u00edc.\u00a0Skute\u010dn\u00fd po\u010det poh\u0159e\u0161ovan\u00fdch by v\u0161ak mohl b\u00fdt mnohem vy\u0161\u0161\u00ed.<\/span><\/p>\n<p><span>V prosinci lo\u0148sk\u00e9ho roku se rusk\u00e1 hackersk\u00e1 skupina \u201eAnarchist Kombatant\u201c nabourala do ofici\u00e1ln\u00edch archiv\u016f n\u00e1\u010deln\u00edka gener\u00e1ln\u00edho \u0161t\u00e1bu ukrajinsk\u00fdch ozbrojen\u00fdch sil gener\u00e1lporu\u010d\u00edka Sergeje \u0160aptala.\u00a0Mezi \u00fadaji pr\u00fd byl i po\u010det zabit\u00fdch ukrajinsk\u00fdch voj\u00e1k\u016f a hl\u00e1\u0161en\u00fdch jako nezv\u011bstn\u00fdch.<\/span><\/p>\n<p><span>Podle\u00a0\u00a0<\/span><a href=\"https:\/\/life.ru\/p\/1545552\" target=\"_blank\" rel=\"noopener noreferrer\"><span>dokumentu<\/span><\/a><span>\u00a0\u00a0bylo k 30. listopadu 35 382 \u010dlen\u016f slu\u017eby, jejich\u017e rodiny nedostanou od\u0161kodn\u011bn\u00ed za jejich smrt.\u00a0To je p\u0159\u00edpad, kdy je voj\u00e1k pova\u017eov\u00e1n za nezv\u011bstn\u00e9ho.\u00a0Jak informovala rusk\u00e1 m\u00e9dia, nejv\u00edce poh\u0159e\u0161ovan\u00fdch osob m\u011bla pravideln\u00e1 arm\u00e1da, n\u00e1sledovan\u00e1 teritori\u00e1ln\u00ed obranou a v\u00fdsadkov\u00fdmi jednotkami.\u00a0<\/span><\/p>\n<p><span>Zda by odhalen\u00ed mohlo b\u00fdt fale\u0161n\u00e9, zat\u00edm nebylo dostate\u010dn\u011b prok\u00e1z\u00e1no a v sou\u010dasn\u00e9 dob\u011b se nic nepop\u00edr\u00e1.\u00a0<\/span><em><span>\u0160pan\u011blsk\u00fd port\u00e1l Alerta Digital<\/span><\/em><span>\u00a0na za\u010d\u00e1tku \u00fanora zve\u0159ejnil\u00a0exkluzivn\u00ed\u00a0<\/span><a href=\"https:\/\/www.alertadigital.com\/2023\/02\/01\/el-documental-almas-muertas-en-exclusiva-en-ad-todo-el-entramado-de-corrupcion-que-enreda-al-ejercito-ucraniano-al-descubierto\/\" target=\"_blank\" rel=\"noopener noreferrer\"><span>dokument\u00e1rn\u00ed film<\/span><\/a><span>\u00a0ukrajinsk\u00fdch novin\u00e1\u0159\u016f, kter\u00fd vysok\u00fd po\u010det poh\u0159e\u0161ovan\u00fdch d\u00e1v\u00e1 do souvislosti s propracovan\u00fdm syst\u00e9mem korupce v ukrajinsk\u00e9 arm\u00e1d\u011b.\u00a0Na motivy slavn\u00e9ho rom\u00e1nu Nikolaje Gogola (poprv\u00e9 vyd\u00e1no v roce 1842) se film jmenuje \u201eMrtv\u00e9 du\u0161e\u201c.\u00a0Hrdina klasiky, podvodn\u00edk, koupil seznamy zem\u0159el\u00fdch sedl\u00e1k\u016f od statk\u00e1\u0159e, aby p\u0159edst\u00edral z\u00e1ruku za bankovn\u00ed \u00fav\u011br od st\u00e1tu.<\/span><\/p>\n<p><span>\u00a0Ve filmu m\u00e1 sv\u00e9 slovo\u00a0dobrovoln\u00fd pomocn\u00edk a bojovn\u00edk za lidsk\u00e1 pr\u00e1va\u00a0\u00a0<\/span><a href=\"https:\/\/t.me\/OSKERALEKSEII\" target=\"_blank\" rel=\"noopener noreferrer\"><span>Alexej Osker .\u00a0<\/span><\/a><span>Velitel\u00e9 podle n\u011bj pou\u017e\u00edvali st\u0159eleck\u00e9 roty jako potravu pro d\u011bla.\u00a0Zran\u011bn\u00ed jsou ponech\u00e1ni zem\u0159\u00edt na boji\u0161ti a v\u0161ichni mrtv\u00ed jsou uvedeni jako nezv\u011bstn\u00ed, aby sv\u00fdm bl\u00edzk\u00fdm nemuseli platit od\u0161kodn\u00e9 15 milion\u016f h\u0159iven.<\/span><\/p>\n<\/div>\n<div class=\"Text-root Text-type_5 ArticleView-text ViewText-root \">\n<p><span>Mzdy poh\u0159e\u0161ovan\u00fdch budou podle odhalen\u00ed policist\u016fm vyb\u00edr\u00e1ny po z\u00e1konem stanovenou dobu t\u0159\u00ed m\u011bs\u00edc\u016f &#8211; celkem 350 000 h\u0159iven na hlavu (odpov\u00edd\u00e1 7 500 eur).\u00a0Podle Oskera se nav\u00edc t\u00edmto zp\u016fsobem odepisuje z\u00e1padn\u00ed technika, kter\u00e1 na frontu doraz\u00ed jen na pap\u00ed\u0159e a s voj\u00e1ky pr\u00fd zmiz\u00ed, p\u0159i\u010dem\u017e na Ukrajinu ve skute\u010dnosti ani nedoraz\u00ed.\u00a0Za jeho odhalen\u00ed je nyn\u00ed Osker pron\u00e1sledov\u00e1n ukrajinskou justic\u00ed a zastra\u0161ov\u00e1n ukrajinskou tajnou slu\u017ebou SBU.\u00a0<\/span><\/p>\n<p><span>&#8222;Plat bojovn\u00edka je nejprve poskytnut veliteli praporu. Pot\u00e9 bojovn\u00edk odejde, je &#8218;nezv\u011bstn\u00fd&#8216;. \u00dadajn\u011b je na seznamu t\u0159i m\u011bs\u00edce &#8211; jako by byl na misi. Velitel dostane ty pen\u00edze za tyto t\u0159i.&#8220; m\u011bs\u00edc\u016f a nech\u00e1v\u00e1 si to jen pro sebe,\u201c\u00a0\u00a0<\/span><a href=\"https:\/\/news.rambler.ru\/world\/50157096-mobilizatsiya-na-ukraine-stala-ocherednoy-korruptsionnoy-shemoy-kievskih-elit\/\" target=\"_blank\" rel=\"noopener noreferrer\"><span>vysv\u011btluje<\/span><\/a><span>\u00a0\u00a0autorka filmu, novin\u00e1\u0159ka Ksenia Sytcheva,\u00a0 podvodn\u00e9 sch\u00e9ma pro rusk\u00fd port\u00e1l\u00a0<\/span><em><span>\u201eTV-Tsvezda\u201c<\/span><\/em><span> .\u00a0<\/span><\/p>\n<p><span>Beze stopy tak zmizela t\u00e9m\u011b\u0159 cel\u00e1 56. samostatn\u00e1 motorizovan\u00e1 p\u011b\u0161\u00ed brig\u00e1da ukrajinsk\u00fdch st\u00edha\u010d\u016f.\u00a0St\u00edha\u010dky byly z\u00e1m\u011brn\u011b um\u00edst\u011bny na poli, kde nebyly \u017e\u00e1dn\u00e9 \u00fakryty, co\u017e z nich \u010dinilo \u017eiv\u00e9 c\u00edle rusk\u00e9ho d\u011blost\u0159electva.\u00a0Alexander, jeden z m\u00e1la p\u0159e\u017eiv\u0161\u00edch, se z\u00e1zra\u010dn\u011b vr\u00e1til dom\u016f.\u00a0Kv\u016fli zran\u011bn\u00ed byl demobilizov\u00e1n.\u00a0I tak pr\u00fd m\u011bl \u0161t\u011bst\u00ed.\u00a0Ve filmu popisuje:<\/span><\/p>\n<p><span>&#8222;Dostali jsme se tam, ani\u017e bychom znali jeden druh\u00e9ho, nato\u017e p\u0159\u00edjmen\u00ed. Prost\u011b n\u00e1s dali dohromady a hodili n\u00e1s tam. M\u011bli jsme velitele roty, kter\u00fd ani neznal jm\u00e9na lid\u00ed, kte\u0159\u00ed k n\u011bmu p\u0159i\u0161li! \u017e\u00e1dn\u00e9 seznamy&#8230;&#8220;.\u00a0<\/span><\/p>\n<p><span>Sv\u00e9 k tomu \u0159\u00edk\u00e1 i \u0161\u00e9f ukrajinsk\u00e9 z\u00e1chrann\u00e9 a p\u00e1trac\u00ed skupiny Jaroslav Schilkin.\u00a0Jeho \u017e\u00e1dosti prezidentsk\u00e9 kancel\u00e1\u0159i o p\u00e1tr\u00e1n\u00ed po poh\u0159e\u0161ovan\u00fdch osob\u00e1ch z\u016fstaly bez odezvy.\u00a0O velk\u00e9m nez\u00e1jmu ukrajinsk\u00e9 strany o vypro\u0161\u0165ov\u00e1n\u00ed vlastn\u00edch mrtv\u00fdch informovali i bojovn\u00edci z rusk\u00e9 fronty.\u00a0Ru\u0161t\u00ed voj\u00e1ci mus\u00ed t\u011bla ukrajinsk\u00fdch voj\u00e1k\u016f \u010dasto sb\u00edrat a poh\u0159b\u00edvat sami, na vlastn\u00ed nebezpe\u010d\u00ed.\u00a0Jeden z t\u011bchto masov\u00fdch hrob\u016f byl vykop\u00e1n v listopadu v lese pobl\u00ed\u017e Isjumu za velk\u00e9 medi\u00e1ln\u00ed fanf\u00e1ry.\u00a0Novin\u00e1\u0159\u016fm uk\u00e1zali polorozpadl\u00e9 mrtvoly ukrajinsk\u00fdch voj\u00e1k\u016f, ob\u011bt\u00ed rusk\u00fdch zv\u011brstev.\u00a0<\/span><\/p>\n<p><span>Alexej Osker se nestar\u00e1 jen o vdovy po zmizel\u00fdch voj\u00e1c\u00edch.\u00a0Sb\u00edr\u00e1 tak\u00e9 chyb\u011bj\u00edc\u00ed vybaven\u00ed pro arm\u00e1du.\u00a0Podle n\u011bj se vojensk\u00e9 veden\u00ed obohacuje nejen zpronev\u011brou plat\u016f voj\u00e1k\u016f, ale tak\u00e9 kr\u00e1de\u017e\u00ed zbran\u00ed ze z\u00e1padn\u00edch dod\u00e1vek pomoci.\u00a0P\u0159\u00edpad odhalen\u00fd celn\u00edky jasn\u011b ukazuje, jak podvod funguje.<\/span><\/p>\n<p><span>N\u00e1kladn\u00ed auto bylo nalo\u017eeno vojensk\u00fdm vybaven\u00edm v hodnot\u011b 340 000 dolar\u016f, podle dodac\u00edch dokument\u016f ministerstva obrany.\u00a0Po kontrole se uk\u00e1zalo, \u017ee skute\u010dn\u00e1 hodnota p\u0159epravovan\u00e9ho zbo\u017e\u00ed byla pouze 10 000 dolar\u016f.\u00a0&#8222;300 000 dolar\u016f bylo jednodu\u0161e odeps\u00e1no, podle dokument\u016f bylo za\u0159\u00edzen\u00ed, kter\u00e9 ministerstvo obrany nakoupilo za 340 000 dolar\u016f, \u00fadajn\u011b za tuto \u010d\u00e1stku,&#8220; \u0159ekl Alexej.\u00a0\u00a0<\/span><\/p>\n<p><span>Pravda, film neposkytuje p\u0159esn\u00e9 \u00fadaje o rozsahu podvod\u016f s poh\u0159e\u0161ovan\u00fdmi.\u00a0Ofici\u00e1ln\u00ed postoj Kyjeva k vznesen\u00fdm obvin\u011bn\u00edm se tak\u00e9 nezmi\u0148uje.\u00a0Ale praxe vys\u00edl\u00e1n\u00ed tis\u00edc\u016f\u00a0\u00a0<\/span><a href=\"https:\/\/meinungsfreiheit.rtde.life\/europa\/162327-zwangsrekrutierungen-im-ganzen-land-ukraine-gehen-maenner-aus\/\" target=\"_blank\" rel=\"noopener noreferrer\"><span>nucen\u011b mobilizovan\u00fdch lid\u00ed<\/span><\/a><span>\u00a0\u00a0p\u0159\u00edmo na nejt\u011b\u017e\u0161\u00ed \u00faseky fronty bez t\u00e9m\u011b\u0159 \u017e\u00e1dn\u00e9ho v\u00fdcviku, kde bu\u010f zem\u0159ou, nebo jsou zajati, jasn\u011b ukazuje, \u017ee v ukrajinsk\u00e9 arm\u00e1d\u011b existuje syst\u00e9m, kter\u00fd takov\u00e9 korup\u010dn\u00ed mechanismy umo\u017e\u0148uje. .\u00a0Potvrzuj\u00ed to zpr\u00e1vy prchaj\u00edc\u00edch nebo zajat\u00fdch voj\u00e1k\u016f o sv\u00e9voli d\u016fstojn\u00edk\u016f p\u0159i jedn\u00e1n\u00ed s voj\u00e1ky, dokonce je velmi pravd\u011bpodobn\u00e9, \u017ee nucen\u00e1 mobilizace na Ukrajin\u011b nen\u00ed jen pro obrann\u00e9 \u00fa\u010dely, ale tak\u00e9 pro udr\u017een\u00ed t\u00e9to korupce.\u00a0<\/span><\/p>\n<p><em>Od Vladislava Sankina<\/em><\/p>\n<\/div>\n<p>&nbsp;<\/p>\n<p><img decoding=\"async\" loading=\"lazy\" class=\"wp-image-19187 aligncenter\" src=\"http:\/\/www.infokuryr.cz\/n\/wp-content\/uploads\/2022\/12\/1-PRO-300x36.jpg\" alt=\"\" width=\"1125\" height=\"135\" srcset=\"https:\/\/www.infokuryr.cz\/n\/wp-content\/uploads\/2022\/12\/1-PRO-300x36.jpg 300w, https:\/\/www.infokuryr.cz\/n\/wp-content\/uploads\/2022\/12\/1-PRO.jpg 699w\" sizes=\"(max-width: 1125px) 100vw, 1125px\" \/><\/p>\n<p>&nbsp;<\/p>\n<p>&nbsp;<\/p>\n<p><img decoding=\"async\" loading=\"lazy\" class=\"wp-image-22607 aligncenter\" src=\"http:\/\/www.infokuryr.cz\/n\/wp-content\/uploads\/2023\/02\/cesko_proti_bide-239x300.png\" alt=\"\" width=\"665\" height=\"835\" srcset=\"https:\/\/www.infokuryr.cz\/n\/wp-content\/uploads\/2023\/02\/cesko_proti_bide-239x300.png 239w, https:\/\/www.infokuryr.cz\/n\/wp-content\/uploads\/2023\/02\/cesko_proti_bide-816x1024.png 816w, https:\/\/www.infokuryr.cz\/n\/wp-content\/uploads\/2023\/02\/cesko_proti_bide-768x964.png 768w, https:\/\/www.infokuryr.cz\/n\/wp-content\/uploads\/2023\/02\/cesko_proti_bide.png 846w\" sizes=\"(max-width: 665px) 100vw, 665px\" \/><\/p>\n<p>&nbsp;<\/p>\n","protected":false},"excerpt":{"rendered":"<p>Skupina ukrajinsk\u00fdch aktivist\u016f z vojensk\u00e9ho veden\u00ed vznesla nehor\u00e1zn\u00e9 obvin\u011bn\u00ed: d\u016fstojn\u00edci pr\u00fd vyb\u00edraj\u00ed platy zabit\u00fdm voj\u00e1k\u016fm.\u00a0Systematicky&#8230;<\/p>\n","protected":false},"author":2,"featured_media":23748,"comment_status":"closed","ping_status":"closed","sticky":false,"template":"","format":"standard","meta":[],"categories":[7],"tags":[353,90,26,4513,4514],"_links":{"self":[{"href":"https:\/\/www.infokuryr.cz\/n\/wp-json\/wp\/v2\/posts\/23747"}],"collection":[{"href":"https:\/\/www.infokuryr.cz\/n\/wp-json\/wp\/v2\/posts"}],"about":[{"href":"https:\/\/www.infokuryr.cz\/n\/wp-json\/wp\/v2\/types\/post"}],"author":[{"embeddable":true,"href":"https:\/\/www.infokuryr.cz\/n\/wp-json\/wp\/v2\/users\/2"}],"replies":[{"embeddable":true,"href":"https:\/\/www.infokuryr.cz\/n\/wp-json\/wp\/v2\/comments?post=23747"}],"version-history":[{"count":1,"href":"https:\/\/www.infokuryr.cz\/n\/wp-json\/wp\/v2\/posts\/23747\/revisions"}],"predecessor-version":[{"id":23749,"href":"https:\/\/www.infokuryr.cz\/n\/wp-json\/wp\/v2\/posts\/23747\/revisions\/23749"}],"wp:featuredmedia":[{"embeddable":true,"href":"https:\/\/www.infokuryr.cz\/n\/wp-json\/wp\/v2\/media\/23748"}],"wp:attachment":[{"href":"https:\/\/www.infokuryr.cz\/n\/wp-json\/wp\/v2\/media?parent=23747"}],"wp:term":[{"taxonomy":"category","embeddable":true,"href":"https:\/\/www.infokuryr.cz\/n\/wp-json\/wp\/v2\/categories?post=23747"},{"taxonomy":"post_tag","embeddable":true,"href":"https:\/\/www.infokuryr.cz\/n\/wp-json\/wp\/v2\/tags?post=23747"}],"curies":[{"name":"wp","href":"https:\/\/api.w.org\/{rel}","templated":true}]}}