{"id":23745,"date":"2023-03-01T08:17:37","date_gmt":"2023-03-01T07:17:37","guid":{"rendered":"http:\/\/www.infokuryr.cz\/n\/?p=23745"},"modified":"2023-03-01T08:17:37","modified_gmt":"2023-03-01T07:17:37","slug":"ukrajina-posila-dalsi-posily-do-artomovskeho-mlynku-na-maso","status":"publish","type":"post","link":"https:\/\/www.infokuryr.cz\/n\/2023\/03\/01\/ukrajina-posila-dalsi-posily-do-artomovskeho-mlynku-na-maso\/","title":{"rendered":"Ukrajina pos\u00edl\u00e1 dal\u0161\u00ed posily do Ar\u0165omovsk\u00e9ho ml\u00fdnku na maso"},"content":{"rendered":"<div id=\"fb-root\"><\/div>\n<p><span style=\"font-size: 18pt;\"><strong>Vzhledem k tomu, \u017ee m\u011bsto je t\u00e9m\u011b\u0159 zcela obkl\u00ed\u010deno, z\u00e1padn\u00ed p\u0159edstavitel\u00e9 \u00fadajn\u011b nal\u00e9hali na Kyjev, aby se st\u00e1hl<\/strong><\/span><\/p>\n<p><span>Kyjev vyslal posily do strategicky d\u016fle\u017eit\u00e9ho m\u011bsta Ar\u0165omovsk\/Bachmut, uvedla v \u00fater\u00fd n\u00e1m\u011bstkyn\u011b ukrajinsk\u00e9ho ministra obrany Hanna Malyarov\u00e1.\u00a0M\u011bsto bylo bombardov\u00e1no rusk\u00fdm d\u011blost\u0159electvem a\u017e do t\u00e9 m\u00edry, \u017ee z\u00e1padn\u00ed podporovatel\u00e9 Kyjeva \u00fadajn\u011b vyzvali prezidenta Vladimira Zelensk\u00e9ho, aby sn\u00ed\u017eil sv\u00e9 ztr\u00e1ty a st\u00e1hl se.<\/span><\/p>\n<p><span>Malyarov\u00e1 ozn\u00e1mila nasazen\u00ed posil v celost\u00e1tn\u00ed televizi, jej\u00ed koment\u00e1\u0159e p\u0159inesla r\u016fzn\u00e1 ukrajinsk\u00e1 m\u00e9dia.\u00a0Podle n\u00e1m\u011bstka ministra bylo rozhodnut\u00ed pos\u00edlit Ar\u0165omovsk (na Ukrajin\u011b naz\u00fdvan\u00fd Bakhmut)\u00a0<\/span><em><span>\u201eu\u010dineno arm\u00e1dou, kter\u00e1 se ne\u0159\u00edd\u00ed politick\u00fdmi motivy\u201c.<\/span><\/em><\/p>\n<p><span>Artyomovsk je hlavn\u00ed ukrajinsk\u00e1 pevnost a logistick\u00e9 centrum v Don\u011bck\u00e9 lidov\u00e9 republice (DPR).\u00a0Rusk\u00e9 s\u00edly, p\u0159edev\u0161\u00edm \u010dlenov\u00e9 soukrom\u00e9 vojensk\u00e9 korporace Wagner, systematicky zab\u00edraly odlehl\u00e9 osady v okol\u00ed m\u011bsta b\u011bhem m\u011bs\u00edce dlouh\u00e9ho ta\u017een\u00ed a nyn\u00ed Ar\u0165omovsk obkl\u00ed\u010dily ze severu, jihu a v\u00fdchodu.<\/span><\/p>\n<p><span>Zat\u00edmco Zelenskij p\u0159ed m\u011bs\u00edcem prohl\u00e1sil, \u017ee\u00a0<\/span><em><span>\u201enikdo se Bakhmut nevzd\u00e1\u201c,<\/span><\/em><span>\u00a0od t\u00e9 doby prohl\u00e1sil, \u017ee m\u011bsto bude dr\u017eeno pouze\u00a0<\/span><em><span>\u201edokud to bude rozumn\u00e9\u201c<\/span><\/em><span>\u00a0.\u00a0To se v\u0161ak uk\u00e1zalo jako n\u00e1kladn\u00e9.\u00a0Zat\u00edmco Ukrajina nezve\u0159ejnila po\u010det voj\u00e1k\u016f, kter\u00e9 ztratila v Ar\u0165omovsku, Zelenskij p\u0159ipustil, \u017ee boj tam je\u00a0<\/span><em><span>\u201epeklo\u201c,<\/span><\/em><span>\u00a0zat\u00edmco v\u00fdznamn\u00fd ukrajinsk\u00fd report\u00e9r\u00a0<\/span><a href=\"https:\/\/www.rt.com\/russia\/560107-zelensky-ukraine-donbass-hell\/\" target=\"_blank\" rel=\"noopener noreferrer\"><span>popsal<\/span><\/a><span>\u00a0situaci na cel\u00e9 front\u011b Donbasu v lo\u0148sk\u00e9m roce jako\u00a0<\/span><em><span>\u201enesmysln\u00fd ml\u00fdnek na maso\u201c.<\/span><\/em><\/p>\n<p><span>Sou\u010dasn\u00fd stav atri\u010dn\u00edho v\u00e1l\u010den\u00ed p\u0159isp\u00edv\u00e1 k siln\u00fdm str\u00e1nk\u00e1m Ruska a umo\u017e\u0148uje rusk\u00fdm sil\u00e1m vyu\u017e\u00edt sv\u00e9 d\u011blost\u0159eleck\u00e9 p\u0159evahy.\u00a0Zakladatel Wagnera Jevgenij Prigo\u017ein minul\u00fd m\u011bs\u00edc prohl\u00e1sil, \u017ee obsazen\u00ed osady, jako je Ar\u0165omovsk, bylo druhotn\u00fdm c\u00edlem ve srovn\u00e1n\u00ed se\u00a0<\/span><em><span>\u201ezni\u010den\u00edm ukrajinsk\u00e9 arm\u00e1dy a sn\u00ed\u017een\u00edm jej\u00edho bojov\u00e9ho potenci\u00e1lu\u201c.<\/span><\/em><\/p>\n<p><span>Podle ned\u00e1vn\u00e9\u00a0<\/span><a href=\"https:\/\/www.washingtonpost.com\/politics\/2023\/02\/13\/us-ukraine-war-critical-moment\/\" target=\"_blank\" rel=\"noopener noreferrer\"><span>zpr\u00e1vy<\/span><\/a><span>\u00a0Washington Post se vysoc\u00ed ameri\u010dt\u00ed p\u0159edstavitel\u00e9 domn\u00edvaj\u00ed, \u017ee Zelenskyj\u00a0m\u011bstu\u00a0<\/span><em><span>\u201ep\u0159ikl\u00e1d\u00e1 symbolickou d\u016fle\u017eitost\u201c a ob\u00e1vaj\u00ed se zhroucen\u00ed mor\u00e1lky, pokud se vzd\u00e1.\u00a0<\/span><\/em><span>Podle listu Post a dal\u0161\u00edch americk\u00fdch m\u00e9di\u00ed B\u00edl\u00fd d\u016fm od ledna tla\u010d\u00ed na Ukrajinu, aby se vzdala Ar\u0165omovska a hledala p\u0159\u00edle\u017eitosti k \u00fatoku jinde.<\/span><\/p>\n<p><img decoding=\"async\" loading=\"lazy\" class=\"alignnone size-full wp-image-1185\" src=\"http:\/\/www.infokuryr.cz\/n\/wp-content\/uploads\/2021\/04\/kuryr-podpis.png\" alt=\"\" width=\"84\" height=\"24\" \/><\/p>\n<p>&nbsp;<\/p>\n<p><img decoding=\"async\" loading=\"lazy\" class=\"wp-image-19187 aligncenter\" src=\"http:\/\/www.infokuryr.cz\/n\/wp-content\/uploads\/2022\/12\/1-PRO-300x36.jpg\" alt=\"\" width=\"1142\" height=\"137\" srcset=\"https:\/\/www.infokuryr.cz\/n\/wp-content\/uploads\/2022\/12\/1-PRO-300x36.jpg 300w, https:\/\/www.infokuryr.cz\/n\/wp-content\/uploads\/2022\/12\/1-PRO.jpg 699w\" sizes=\"(max-width: 1142px) 100vw, 1142px\" \/><\/p>\n<p>&nbsp;<\/p>\n<p>&nbsp;<\/p>\n<p><img decoding=\"async\" loading=\"lazy\" class=\"wp-image-22607 aligncenter\" src=\"http:\/\/www.infokuryr.cz\/n\/wp-content\/uploads\/2023\/02\/cesko_proti_bide-239x300.png\" alt=\"\" width=\"677\" height=\"850\" srcset=\"https:\/\/www.infokuryr.cz\/n\/wp-content\/uploads\/2023\/02\/cesko_proti_bide-239x300.png 239w, https:\/\/www.infokuryr.cz\/n\/wp-content\/uploads\/2023\/02\/cesko_proti_bide-816x1024.png 816w, https:\/\/www.infokuryr.cz\/n\/wp-content\/uploads\/2023\/02\/cesko_proti_bide-768x964.png 768w, https:\/\/www.infokuryr.cz\/n\/wp-content\/uploads\/2023\/02\/cesko_proti_bide.png 846w\" sizes=\"(max-width: 677px) 100vw, 677px\" \/><\/p>\n<p>&nbsp;<\/p>\n","protected":false},"excerpt":{"rendered":"<p>Vzhledem k tomu, \u017ee m\u011bsto je t\u00e9m\u011b\u0159 zcela obkl\u00ed\u010deno, z\u00e1padn\u00ed p\u0159edstavitel\u00e9 \u00fadajn\u011b nal\u00e9hali na Kyjev,&#8230;<\/p>\n","protected":false},"author":2,"featured_media":23746,"comment_status":"closed","ping_status":"closed","sticky":false,"template":"","format":"standard","meta":[],"categories":[7],"tags":[80,4512,220,26],"_links":{"self":[{"href":"https:\/\/www.infokuryr.cz\/n\/wp-json\/wp\/v2\/posts\/23745"}],"collection":[{"href":"https:\/\/www.infokuryr.cz\/n\/wp-json\/wp\/v2\/posts"}],"about":[{"href":"https:\/\/www.infokuryr.cz\/n\/wp-json\/wp\/v2\/types\/post"}],"author":[{"embeddable":true,"href":"https:\/\/www.infokuryr.cz\/n\/wp-json\/wp\/v2\/users\/2"}],"replies":[{"embeddable":true,"href":"https:\/\/www.infokuryr.cz\/n\/wp-json\/wp\/v2\/comments?post=23745"}],"version-history":[{"count":0,"href":"https:\/\/www.infokuryr.cz\/n\/wp-json\/wp\/v2\/posts\/23745\/revisions"}],"wp:featuredmedia":[{"embeddable":true,"href":"https:\/\/www.infokuryr.cz\/n\/wp-json\/wp\/v2\/media\/23746"}],"wp:attachment":[{"href":"https:\/\/www.infokuryr.cz\/n\/wp-json\/wp\/v2\/media?parent=23745"}],"wp:term":[{"taxonomy":"category","embeddable":true,"href":"https:\/\/www.infokuryr.cz\/n\/wp-json\/wp\/v2\/categories?post=23745"},{"taxonomy":"post_tag","embeddable":true,"href":"https:\/\/www.infokuryr.cz\/n\/wp-json\/wp\/v2\/tags?post=23745"}],"curies":[{"name":"wp","href":"https:\/\/api.w.org\/{rel}","templated":true}]}}