{"id":23744,"date":"2023-03-01T08:11:59","date_gmt":"2023-03-01T07:11:59","guid":{"rendered":"http:\/\/www.infokuryr.cz\/n\/?p=23744"},"modified":"2023-03-01T08:11:59","modified_gmt":"2023-03-01T07:11:59","slug":"berlin-zustal-bez-ochrany-protoze-systemy-protivzdusne-obrany-byly-odeslany-na-ukrajinu","status":"publish","type":"post","link":"https:\/\/www.infokuryr.cz\/n\/2023\/03\/01\/berlin-zustal-bez-ochrany-protoze-systemy-protivzdusne-obrany-byly-odeslany-na-ukrajinu\/","title":{"rendered":"Berl\u00edn z\u016fstal bez ochrany, proto\u017ee syst\u00e9my protivzdu\u0161n\u00e9 obrany byly odesl\u00e1ny na Ukrajinu"},"content":{"rendered":"<div id=\"fb-root\"><\/div>\n<p><span style=\"font-size: 18pt;\"><strong>Syst\u00e9my protivzdu\u0161n\u00e9 obrany Skynex a Skyranger byly ur\u010deny k obran\u011b n\u011bmeck\u00e9 metropole<\/strong><\/span><\/p>\n<p><span>N\u011bmecko pos\u00edl\u00e1 do Kyjeva dva syst\u00e9my protivzdu\u0161n\u00e9 obrany, co\u017e m\u016f\u017ee nechat Berl\u00edn bez ochrany, \u0159ekl Armin Papperger, gener\u00e1ln\u00ed \u0159editel p\u0159edn\u00edho n\u011bmeck\u00e9ho vojensk\u00e9ho dodavatele Rheinmetall, v \u00fatern\u00edm rozhovoru pro podcast Pioneer.<\/span><\/p>\n<p><span>Tyto dva syst\u00e9my, Skynex a Skyranger, byly pov\u011b\u0159eny n\u011bmeckou vl\u00e1dou k ochran\u011b vzdu\u0161n\u00e9ho prostoru nad Berl\u00ednem, prozradil v\u00fdrobce zbran\u00ed.\u00a0Dv\u011b jednotky stoj\u00ed kolem 200 milion\u016f EUR (212 milion\u016f USD) a b\u011bhem roku budou odesl\u00e1ny do Kyjeva.<\/span><\/p>\n<p><em><span>&#8222;M\u011bli jsme dva cel\u00e9 syst\u00e9my, kter\u00e9 by jist\u011b mohly br\u00e1nit Berl\u00edn,&#8220;<\/span><\/em><span> \u0159ekl Papperger. Podle gener\u00e1ln\u00edho \u0159editele by k ochran\u011b Berl\u00edna sta\u010dily \u010dty\u0159i ze syst\u00e9m\u016f, nyn\u00ed v\u0161ak bude jejich po\u010det nedostate\u010dn\u00fd.<\/span><\/p>\n<p><span>V sobotu se v n\u011bmeck\u00e9 metropoli shrom\u00e1\u017edily tis\u00edce demonstrant\u016f, kte\u0159\u00ed vyzvali kancl\u00e9\u0159e Olafa Scholze, aby\u00a0<\/span><em><span>\u201ezastavil eskalaci dod\u00e1vek zbran\u00ed\u201c.<\/span><\/em><\/p>\n<p><span>N\u011bmecko tak\u00e9 koncem ledna p\u0159isl\u00edbilo Ukrajin\u011b tanky z\u00e1padn\u00ed v\u00fdroby, p\u0159isl\u00edbilo 14 sv\u00fdch tank\u016f Leopard 2 a zav\u00e1zalo se spolupracovat s partnery na vytvo\u0159en\u00ed dvou obrn\u011bn\u00fdch prapor\u016f, ka\u017ed\u00fd po 30 tanc\u00edch.\u00a0N\u011bme\u010dt\u00ed spojenci z EU a NATO se v\u0161ak zdr\u00e1hali splnit.<\/span><\/p>\n<p><span>Podobn\u011b jako N\u011bmecko, kter\u00e9 podkopalo svou vlastn\u00ed ochranu v z\u00e1jmu solidarity s Ukrajinou, se D\u00e1nsko v lednu rozhodlo poslat sv\u00fdch 19 francouzsk\u00fdch houfnicov\u00fdch d\u011blost\u0159eleck\u00fdch syst\u00e9m\u016f Caesar do Kyjeva, \u010d\u00edm\u017e ohrozilo sv\u00e9 vlastn\u00ed obrann\u00e9 schopnosti.\u00a0D\u011blost\u0159eleck\u00e9 syst\u00e9my byly kl\u00ed\u010dovou sou\u010d\u00e1st\u00ed d\u00e1nsk\u00e9ho pl\u00e1nu postavit t\u011b\u017ekou p\u011bchotn\u00ed brig\u00e1du.<\/span><\/p>\n<p><span>P\u0159edstavitel\u00e9 n\u011bkter\u00fdch zem\u00ed NATO varovali, \u017ee neust\u00e1l\u00e9 dod\u00e1vky zbran\u00ed a munice na Ukrajinu v tak masivn\u00edm m\u011b\u0159\u00edtku by nakonec mohly p\u0159ij\u00edt na \u00fakor jejich vlastn\u00edch obrann\u00fdch schopnost\u00ed.<\/span><\/p>\n<p><span>Mluv\u010d\u00ed Kremlu Dmitrij Peskov p\u0159i mnoha p\u0159\u00edle\u017eitostech varoval, \u017ee poskytnut\u00ed vojensk\u00e9 pomoci Kyjevu nezm\u011bn\u00ed pr\u016fb\u011bh konfliktu a m\u00edsto toho\u00a0<\/span><em><span>\u201eprodlou\u017e\u00ed utrpen\u00ed ukrajinsk\u00e9ho lidu\u201c.<\/span><\/em><\/p>\n<p><img decoding=\"async\" loading=\"lazy\" class=\"alignnone size-full wp-image-1185\" src=\"http:\/\/www.infokuryr.cz\/n\/wp-content\/uploads\/2021\/04\/kuryr-podpis.png\" alt=\"\" width=\"84\" height=\"24\" \/><\/p>\n<p>&nbsp;<\/p>\n<p><img decoding=\"async\" loading=\"lazy\" class=\"wp-image-19187 aligncenter\" src=\"http:\/\/www.infokuryr.cz\/n\/wp-content\/uploads\/2022\/12\/1-PRO-300x36.jpg\" alt=\"\" width=\"1142\" height=\"137\" srcset=\"https:\/\/www.infokuryr.cz\/n\/wp-content\/uploads\/2022\/12\/1-PRO-300x36.jpg 300w, https:\/\/www.infokuryr.cz\/n\/wp-content\/uploads\/2022\/12\/1-PRO.jpg 699w\" sizes=\"(max-width: 1142px) 100vw, 1142px\" \/><\/p>\n<p>&nbsp;<\/p>\n<p>&nbsp;<\/p>\n<p><img decoding=\"async\" loading=\"lazy\" class=\"wp-image-22607 aligncenter\" src=\"http:\/\/www.infokuryr.cz\/n\/wp-content\/uploads\/2023\/02\/cesko_proti_bide-239x300.png\" alt=\"\" width=\"681\" height=\"855\" srcset=\"https:\/\/www.infokuryr.cz\/n\/wp-content\/uploads\/2023\/02\/cesko_proti_bide-239x300.png 239w, https:\/\/www.infokuryr.cz\/n\/wp-content\/uploads\/2023\/02\/cesko_proti_bide-816x1024.png 816w, https:\/\/www.infokuryr.cz\/n\/wp-content\/uploads\/2023\/02\/cesko_proti_bide-768x964.png 768w, https:\/\/www.infokuryr.cz\/n\/wp-content\/uploads\/2023\/02\/cesko_proti_bide.png 846w\" sizes=\"(max-width: 681px) 100vw, 681px\" \/><\/p>\n<p>&nbsp;<\/p>\n<p>&nbsp;<\/p>\n","protected":false},"excerpt":{"rendered":"<p>Syst\u00e9my protivzdu\u0161n\u00e9 obrany Skynex a Skyranger byly ur\u010deny k obran\u011b n\u011bmeck\u00e9 metropole N\u011bmecko pos\u00edl\u00e1 do&#8230;<\/p>\n","protected":false},"author":2,"featured_media":5594,"comment_status":"closed","ping_status":"closed","sticky":false,"template":"","format":"standard","meta":[],"categories":[7],"tags":[233,1165,26,73],"_links":{"self":[{"href":"https:\/\/www.infokuryr.cz\/n\/wp-json\/wp\/v2\/posts\/23744"}],"collection":[{"href":"https:\/\/www.infokuryr.cz\/n\/wp-json\/wp\/v2\/posts"}],"about":[{"href":"https:\/\/www.infokuryr.cz\/n\/wp-json\/wp\/v2\/types\/post"}],"author":[{"embeddable":true,"href":"https:\/\/www.infokuryr.cz\/n\/wp-json\/wp\/v2\/users\/2"}],"replies":[{"embeddable":true,"href":"https:\/\/www.infokuryr.cz\/n\/wp-json\/wp\/v2\/comments?post=23744"}],"version-history":[{"count":0,"href":"https:\/\/www.infokuryr.cz\/n\/wp-json\/wp\/v2\/posts\/23744\/revisions"}],"wp:featuredmedia":[{"embeddable":true,"href":"https:\/\/www.infokuryr.cz\/n\/wp-json\/wp\/v2\/media\/5594"}],"wp:attachment":[{"href":"https:\/\/www.infokuryr.cz\/n\/wp-json\/wp\/v2\/media?parent=23744"}],"wp:term":[{"taxonomy":"category","embeddable":true,"href":"https:\/\/www.infokuryr.cz\/n\/wp-json\/wp\/v2\/categories?post=23744"},{"taxonomy":"post_tag","embeddable":true,"href":"https:\/\/www.infokuryr.cz\/n\/wp-json\/wp\/v2\/tags?post=23744"}],"curies":[{"name":"wp","href":"https:\/\/api.w.org\/{rel}","templated":true}]}}