{"id":23729,"date":"2023-03-01T06:36:47","date_gmt":"2023-03-01T05:36:47","guid":{"rendered":"http:\/\/www.infokuryr.cz\/n\/?p=23729"},"modified":"2023-03-01T06:36:47","modified_gmt":"2023-03-01T05:36:47","slug":"jindrich-kulhavy-politika-ve-spacaku-nebo-plne-namesti","status":"publish","type":"post","link":"https:\/\/www.infokuryr.cz\/n\/2023\/03\/01\/jindrich-kulhavy-politika-ve-spacaku-nebo-plne-namesti\/","title":{"rendered":"Jind\u0159ich Kulhav\u00fd: Politika ve spac\u00e1ku nebo pln\u00e9 n\u00e1m\u011bst\u00ed?"},"content":{"rendered":"<div id=\"fb-root\"><\/div>\n<p><span class=\"anotation\">Ve sn\u011bmovn\u011b tr\u00e1vila dne\u0161n\u00ed noc \u010d\u00e1st poslanc\u016f. Za\u010dalo toti\u017e projedn\u00e1v\u00e1n\u00ed z\u00e1kona sni\u017euj\u00edc\u00edho valorizaci d\u016fchod\u016f. Milion\u00e1\u0159i sed\u00edc\u00ed v\u00a0poslaneck\u00fdch lavic\u00edch, kte\u0159\u00ed si nejen ned\u00e1vno razantn\u011b polep\u0161ili, ale z\u00e1rove\u0148 neschv\u00e1lili zmrazen\u00ed sv\u00fdch plat\u016f na nejbli\u017e\u0161\u00edch 5 let, rozhoduj\u00ed o osudu na\u0161ich senior\u016f. U\u017e nyn\u00ed nen\u00ed ni\u010d\u00edm v\u00fdjime\u010dn\u00fdm, potk\u00e1te li v\u00a0obchodu star\u00e9ho \u010dlov\u011bka po\u010d\u00edtaj\u00edc\u00edho p\u00e1r drobn\u00fdch a p\u0159em\u00fd\u0161lej\u00edc\u00edho, jestli si d\u00e1t k ve\u010de\u0159i jeden such\u00fd rohl\u00edk \u010di jen p\u016flku.<\/span><\/p>\n<div id=\"pagetext\">\n<p>\u00a0 Zaplatit n\u00e1jem, energii a teplo, vodu \u010di n\u011bjak\u00e9 dal\u0161\u00ed poplatky je pro mnoho senior\u016f ka\u017edom\u011bs\u00ed\u010dn\u00ed nadlidsk\u00fd \u00fakol. Situace, kdy mlad\u00ed dost\u00e1vali od babi\u010dky a d\u011bdy n\u011bjakou korunu na p\u0159ilep\u0161enou, je minulost\u00ed a v\u00a0\u0159ad\u011b rodin se v\u0161ichni skl\u00e1daj\u00ed na to, aby sta\u0159e\u010dci n\u011bjak vy\u0161li. A pokud snad bydl\u00ed ve sv\u00e9m domu \u010di bytu, p\u0159ijde brzy dal\u0161\u00ed r\u00e1na. Arogantn\u00ed vl\u00e1da neschopn\u00e1 z\u00edskat z\u00a0Evropsk\u00e9 unie v\u0161e, co z\u00edskat lze, proto\u017ee jej\u00ed ministr financ\u00ed opomenul po\u017e\u00e1dat o des\u00edtky miliard, kter\u00e9 k\u00a0n\u00e1m m\u011bli jinak doputovat, jim zvedne i da\u0148 z nemovitosti. Ne o infla\u010dn\u00ed procenta, ale rovnou n\u011bkolikan\u00e1sobn\u011b. Co\u017e se nedotkne jen star\u0161\u00edch majitel\u016f byt\u016f, dom\u016f, zahrad a gar\u00e1\u017e\u00ed, ale z\u00e1rove\u0148 i rodin s\u00a0moment\u00e1ln\u011b napnut\u00fdmi rozpo\u010dty, p\u0159edra\u017een\u00fdmi spl\u00e1tkami hypot\u00e9k, podnikatelsk\u00fdch subjekt\u016f, tedy v\u0161ech v\u010detn\u011b n\u00e1jemn\u00edk\u016f. Sn\u00ed\u017een\u00ed valorizace d\u016fchod\u016f je tak jen \u010d\u00e1st\u00ed tot\u00e1ln\u00ed likvidace \u010desk\u00e9ho n\u00e1roda.<\/p>\n<p>Mezit\u00edm let\u00ed nahoru ceny potravin. Politik jdouc\u00ed do obchodu se podivuje, kolik stoj\u00ed zelenina a ovoce. Skokov\u00e9 zdra\u017eov\u00e1n\u00ed je \u0161\u00edlen\u00e9 a takov\u00e1 paprika kg za 160,- korun, kdy\u017e p\u0159ed rokem st\u00e1la k\u00a060,- korun\u00e1m a nad\u00e1vali jsme nad drahotou, je uk\u00e1zkou toho, jak se projevuje existence regulac\u00ed p\u011bstov\u00e1n\u00ed a obchodov\u00e1n\u00ed t\u00fdkaj\u00edc\u00ed se zem\u011bd\u011blsk\u00fdch produkt\u016f Evropskou uni\u00ed. Tuny paprik jsou zaor\u00e1v\u00e1ny na Ji\u017en\u00ed Morav\u011b do zem\u011b, dovezen\u00e9 z\u00a0ji\u017en\u011bj\u0161\u00edch kraj\u016f stoj\u00ed nesmysl. Podobn\u00e9 je to s\u00a0dal\u0161\u00edmi druhy potravin. Likvidace chov\u016f zdra\u017euj\u00ed maso, vaj\u00ed\u010dka a dal\u0161\u00ed produkty, nav\u00edc obchodn\u00ed \u0159et\u011bzce si z\u00a0n\u00e1s ud\u011blaly dojnou kr\u00e1vu. M\u00e1me stejn\u011b drah\u00e9 \u010di nepatrn\u011b dra\u017e\u0161\u00ed potraviny, ne\u017e najdeme v\u00a0reg\u00e1lech v\u00a0Rakousku, N\u011bmecku \u010di Francii, ale platov\u011b jsme na tom minim\u00e1ln\u011b 3x h\u016f\u0159e. To u\u017e nehovo\u0159\u00edme o jin\u00fdch zem\u00edch, kde jsou pr\u016fm\u011brn\u00e9 platy je\u0161t\u011b vy\u0161\u0161\u00ed. A u d\u016fchod\u016f plat\u00ed to sam\u00e9, nav\u00edc posouv\u00e1n\u00ed hranice odchodu do nich je v\u00a0\u010cesk\u00e9 republice stra\u0161ideln\u00e9. Operovat se zvy\u0161uj\u00edc\u00edm se do\u017e\u00edvan\u00fdm v\u011bkem je v\u00fdsm\u011bch. Zvl\u00e1\u0161t\u011b kdy\u017e si uv\u011bdom\u00edme, jak devasta\u010dn\u00ed dopad m\u00e1 pocovidov\u00e1 doba na lid\u00ed podlehnuv\u0161\u00ed o\u010dkovac\u00ed diktatu\u0159e. O \u00farovni cen a slu\u017eeb v\u00a0domech pro seniory mluvit rad\u0161i nebudeme.<\/p>\n<p>Je li \u00fakolem sn\u00ed\u017een\u00ed valorizace a zdra\u017eov\u00e1n\u00ed \u017eivota vyhladov\u011bt d\u016fchodce a ostatn\u00ed p\u0159inutit p\u0159edat majetky nejprve st\u00e1tu a n\u00e1sledn\u011b nadn\u00e1rodn\u00edm fond\u016fm vlastn\u011bn\u00fdch miliard\u00e1\u0159i, v\u0161e se da\u0159\u00ed. Divadlo ve Sn\u011bmovn\u011b je d\u00edky podvodem z\u00edskan\u00e9 stoosmi\u010dkov\u00e9 v\u011bt\u0161in\u011b P\u011btikoalice uk\u00e1zkou toho, jak politika funguje. Pokud by Fiala dodr\u017eel v\u0161echny p\u0159edvolebn\u00ed sliby, byla by \u010dty\u0159let\u00e1 doba, kdy by vedl vl\u00e1du, omluviteln\u00e1. Vzhledem k\u00a0tomu, \u017ee koali\u010dn\u00ed l\u00edd\u0159i systematicky lhali a oto\u010dili o 180\u00b0, je nemo\u017en\u00e9, aby z\u00edskali tak dlouh\u00fd prostor k\u00a0devastaci \u010cesk\u00e9 republiky. Jen\u017ee oni mraven\u010d\u00ed prac\u00ed a s podporou zkorumpovan\u00fdch m\u00e9di\u00ed dr\u017e\u00ed v\u011bt\u0161inu i v\u00a0jinak nepot\u0159ebn\u00e9m Sen\u00e1tu, na Hrad dosadili dal\u0161\u00edho sv\u00e9ho ,,kon\u011b\u201c p\u0159izvukuj\u00edc\u00edho \u00fapln\u011b ve v\u0161em a v\u00a0brzk\u00e9 dob\u011b nastr\u010d\u00ed i vlastn\u00edho p\u0159edsedu \u00dastavn\u00edho soudu.<\/p>\n<p>D\u00edlo bude dokon\u00e1no a cesta zp\u011bt uzav\u0159ena. Opozice mo\u017en\u00e1 ob\u010das trochu ,,zaprsk\u00e1\u201c, ale postavit se do \u010dela demonstrant\u016f ochotn\u00fdch j\u00edt proti lidem placen\u00fdm t\u011b\u017ekood\u011bnc\u016fm nedok\u00e1\u017ee. Tak\u017ee policie postupn\u011b eliminuje v\u0161echny drz\u00e9 autory podobn\u00fdch \u010dl\u00e1nk\u016f, jako je tento, nejhlasit\u011bj\u0161\u00ed nespokojen\u00e9 restrikcemi typu domovn\u00edch prohl\u00eddek maj\u00edc\u00edch smy\u0161len\u00e9 d\u016fvody vytrest\u00e1 a ,,nepou\u010diteln\u00e9\u201c prost\u011b pozav\u00edr\u00e1. Jako d\u016fvody si vymysl\u00ed podporu Ruska a speci\u00e1ln\u00ed vojensk\u00e9 operace, kterou nazve nacismem (p\u0159esto\u017ee pr\u00e1v\u011b ta m\u00ed\u0159\u00ed proti n\u00ed a jedn\u00e1 se o denacifikaci Ukrajiny), naru\u0161en\u00ed demokratick\u00fdch proces\u016f (i kdy\u017e je poru\u0161ov\u00e1na svoboda slova pr\u00e1v\u011b vl\u00e1dou), nakonec si vymysl\u00ed cokoliv, jen aby se takov\u00fdch jedinc\u016f zbavila. Kotelny u\u017e jsou pas\u00e9, tam se odboj neschov\u00e1, je tedy ot\u00e1zkou, jak bude existence novodob\u00e9ho disidentu pokra\u010dovat. V\u00edtejte v\u00a0nov\u00e9 dob\u011b.<\/p>\n<p>Pokud tedy n\u011bkte\u0159\u00ed \u0161karohl\u00eddi tvrd\u00ed, \u017ee se v\u00a0b\u0159eznu nem\u00e1 cenu na V\u00e1clav\u00e1ku sch\u00e1zet, \u017ee to k\u00a0ni\u010demu nevede, pak je t\u0159eba p\u0159ipomenout, \u017ee jedin\u011b dav m\u016f\u017ee tu vl\u00e1dn\u00ed l\u016fzu zastavit. U\u017e ale nesta\u010d\u00ed jen mluvit, je t\u0159eba jednat. Fiala, \u010cernochov\u00e1, Raku\u0161an, Pekarov\u00e1 Adamov\u00e1, Jure\u010dka, Stanjura, Barto\u0161, Lipavsk\u00fd, Rychetsk\u00fd a plno dal\u0161\u00edch jsou skute\u010dn\u00fdm nebezpe\u010d\u00edm pro na\u0161i zemi a z\u00edskali dojem, \u017ee p\u0159evzali absolutn\u00ed moc nad n\u00e1mi. Muziku tvrd\u00ed m\u00e9dia. Opravdu n\u00e1s p\u00e1r tis\u00edc zaprodanc\u016f ovliv\u0148uj\u00edc\u00edch \u017eivoty milion\u016f \u010cech\u016f, Moravan\u016f a Slezan\u016f bude ovl\u00e1dat a d\u011blat si z\u00a0n\u00e1s otroky? Ne, nesta\u010d\u00ed se jen sej\u00edt. U\u017e ne. Je t\u0159eba j\u00edt do rizika. A kdy\u017e to l\u00edd\u0159i demonstrace nepochop\u00ed, nejsou to l\u00edd\u0159i. Jen se cht\u011bj\u00ed p\u0159edv\u00e9st. To p\u0159estalo sta\u010dit. Nesu\u010fme v\u0161ak dop\u0159edu. Bez n\u00e1s to zm\u011bnit nep\u016fjde a je t\u0159eba v\u011bd\u011bt, kolik n\u00e1s skute\u010dn\u011b je.<\/p>\n<p><a href=\"https:\/\/www.inadhled.live\/uvaha-dne\/politika-ve-spacaku-nebo-plne-namesti-\/\">Jind\u0159ich Kulhav\u00fd<\/a><\/p>\n<p><img decoding=\"async\" loading=\"lazy\" class=\"alignnone size-medium wp-image-22653\" src=\"http:\/\/www.infokuryr.cz\/n\/wp-content\/uploads\/2023\/02\/jindra-kulhavy-221x300.jpg\" alt=\"\" width=\"221\" height=\"300\" srcset=\"https:\/\/www.infokuryr.cz\/n\/wp-content\/uploads\/2023\/02\/jindra-kulhavy-221x300.jpg 221w, https:\/\/www.infokuryr.cz\/n\/wp-content\/uploads\/2023\/02\/jindra-kulhavy.jpg 311w\" sizes=\"(max-width: 221px) 100vw, 221px\" \/><\/p>\n<p>_______________________<\/p>\n<\/div>\n<p>&nbsp;<\/p>\n<p><img decoding=\"async\" loading=\"lazy\" class=\"wp-image-19187 aligncenter\" src=\"http:\/\/www.infokuryr.cz\/n\/wp-content\/uploads\/2022\/12\/1-PRO-300x36.jpg\" alt=\"\" width=\"1125\" height=\"135\" srcset=\"https:\/\/www.infokuryr.cz\/n\/wp-content\/uploads\/2022\/12\/1-PRO-300x36.jpg 300w, https:\/\/www.infokuryr.cz\/n\/wp-content\/uploads\/2022\/12\/1-PRO.jpg 699w\" sizes=\"(max-width: 1125px) 100vw, 1125px\" \/><\/p>\n<p>&nbsp;<\/p>\n<p><img decoding=\"async\" loading=\"lazy\" class=\"wp-image-22607 aligncenter\" src=\"http:\/\/www.infokuryr.cz\/n\/wp-content\/uploads\/2023\/02\/cesko_proti_bide-239x300.png\" alt=\"\" width=\"744\" height=\"934\" srcset=\"https:\/\/www.infokuryr.cz\/n\/wp-content\/uploads\/2023\/02\/cesko_proti_bide-239x300.png 239w, https:\/\/www.infokuryr.cz\/n\/wp-content\/uploads\/2023\/02\/cesko_proti_bide-816x1024.png 816w, https:\/\/www.infokuryr.cz\/n\/wp-content\/uploads\/2023\/02\/cesko_proti_bide-768x964.png 768w, https:\/\/www.infokuryr.cz\/n\/wp-content\/uploads\/2023\/02\/cesko_proti_bide.png 846w\" sizes=\"(max-width: 744px) 100vw, 744px\" \/><\/p>\n<p>&nbsp;<\/p>\n<p>&nbsp;<\/p>\n","protected":false},"excerpt":{"rendered":"<p>Ve sn\u011bmovn\u011b tr\u00e1vila dne\u0161n\u00ed noc \u010d\u00e1st poslanc\u016f. Za\u010dalo toti\u017e projedn\u00e1v\u00e1n\u00ed z\u00e1kona sni\u017euj\u00edc\u00edho valorizaci d\u016fchod\u016f. Milion\u00e1\u0159i&#8230;<\/p>\n","protected":false},"author":2,"featured_media":23730,"comment_status":"closed","ping_status":"closed","sticky":false,"template":"","format":"standard","meta":[],"categories":[6],"tags":[29,940,122,844],"_links":{"self":[{"href":"https:\/\/www.infokuryr.cz\/n\/wp-json\/wp\/v2\/posts\/23729"}],"collection":[{"href":"https:\/\/www.infokuryr.cz\/n\/wp-json\/wp\/v2\/posts"}],"about":[{"href":"https:\/\/www.infokuryr.cz\/n\/wp-json\/wp\/v2\/types\/post"}],"author":[{"embeddable":true,"href":"https:\/\/www.infokuryr.cz\/n\/wp-json\/wp\/v2\/users\/2"}],"replies":[{"embeddable":true,"href":"https:\/\/www.infokuryr.cz\/n\/wp-json\/wp\/v2\/comments?post=23729"}],"version-history":[{"count":0,"href":"https:\/\/www.infokuryr.cz\/n\/wp-json\/wp\/v2\/posts\/23729\/revisions"}],"wp:featuredmedia":[{"embeddable":true,"href":"https:\/\/www.infokuryr.cz\/n\/wp-json\/wp\/v2\/media\/23730"}],"wp:attachment":[{"href":"https:\/\/www.infokuryr.cz\/n\/wp-json\/wp\/v2\/media?parent=23729"}],"wp:term":[{"taxonomy":"category","embeddable":true,"href":"https:\/\/www.infokuryr.cz\/n\/wp-json\/wp\/v2\/categories?post=23729"},{"taxonomy":"post_tag","embeddable":true,"href":"https:\/\/www.infokuryr.cz\/n\/wp-json\/wp\/v2\/tags?post=23729"}],"curies":[{"name":"wp","href":"https:\/\/api.w.org\/{rel}","templated":true}]}}