{"id":23724,"date":"2023-03-01T06:11:04","date_gmt":"2023-03-01T05:11:04","guid":{"rendered":"http:\/\/www.infokuryr.cz\/n\/?p=23724"},"modified":"2023-03-01T06:11:04","modified_gmt":"2023-03-01T05:11:04","slug":"jindrich-rajchl-vazne-pane-rakusane","status":"publish","type":"post","link":"https:\/\/www.infokuryr.cz\/n\/2023\/03\/01\/jindrich-rajchl-vazne-pane-rakusane\/","title":{"rendered":"Jind\u0159ich Rajchl: V\u00e1\u017en\u011b, pane Raku\u0161ane?"},"content":{"rendered":"<div id=\"fb-root\"><\/div>\n<section class=\"perex\">Na n\u00ed\u017ee p\u0159ilo\u017een\u00e9 fotografii z FB profilu ministra vnitra V\u00edta Raku\u0161ana vid\u00edte \u010derven\u00fdm obd\u00e9ln\u00edkem ozna\u010denou vlajku ukrajinsk\u00e9 nacionalistick\u00e9 strany Prav\u00fd sektor navazuj\u00edc\u00ed a barvami odkazuj\u00edc\u00ed na Ukrajinskou povstaleckou arm\u00e1du (UPA).<\/p>\n<\/section>\n<section class=\"clanek-obsah\">\n<div class=\"karta\">\n<figure><a href=\"https:\/\/zvedavec.news\/images\/23\/vazne-pane-rakusane-1.jpg\" target=\"_blank\" rel=\"external noopener\"><img decoding=\"async\" loading=\"lazy\" class=\"aligncenter\" src=\"https:\/\/zvedavec.news\/images\/23\/vazne-pane-rakusane-1.jpg\" alt=\"[Klikn\u011bte p...]\" width=\"857\" height=\"416\" \/><\/a><figcaption><strong><em>Klikn\u011bte pro zv\u011bt\u0161en\u00ed<\/em><\/strong><\/figcaption><\/figure>\n<\/div>\n<p>Pokud byste nev\u011bd\u011bli, co je tato organizace za\u010d, dovol\u00edm si odcitovat n\u011bkolik \u0159\u00e1dk\u016f z Wikipedie:<\/p>\n<p>V \u00fanoru 1943 zah\u00e1jily jednotky UPA etnick\u00e9 \u010di\u0161t\u011bn\u00ed Volyn\u011b (dne\u0161n\u00ed severoz\u00e1padn\u00ed Ukrajina) besti\u00e1ln\u00edm vra\u017ed\u011bn\u00edm tamn\u00edch Pol\u00e1k\u016f. Pol\u0161t\u00ed historici odhaduj\u00ed, \u017ee na ukrajinsk\u00e9 Volyni a Hali\u010di bylo povra\u017ed\u011bno (1943-1945) jednotkami UPA p\u0159es 100 000 polsk\u00fdch civilist\u016f (v\u010detn\u011b \u017een, d\u011bt\u00ed a nemluv\u0148at), dal\u0161\u00edho p\u016fl milionu Pol\u00e1k\u016f z oblasti uprchlo. Velitel UPA, Dmytro Klja\u010dkivskij, zde na\u0159\u00eddil likvidaci cel\u00e9 mu\u017esk\u00e9 polsk\u00e9 populace mezi 16 a 60 let. P\u0159esto v\u011bt\u0161ina z ob\u011bt\u00ed byly \u017eeny a d\u011bti.<\/p>\n<p>Jin\u00fdmi slovy n\u00e1\u0161 ministr vnitra si na sv\u016fj profil um\u00edstil fotografii, na n\u00ed\u017e je zobrazena vlajka nacistick\u00fdch zr\u016fd, je\u017e maj\u00ed na sv\u011bdom\u00ed jednu z nejstra\u0161n\u011bj\u0161\u00edch genocid druh\u00e9 sv\u011btov\u00e9 v\u00e1lky.<\/p>\n<p>Pokud si j\u00ed pan ministr nev\u0161iml (co\u017e je samoz\u0159ejm\u011b mo\u017en\u00e9), pak jej vyz\u00fdv\u00e1m, aby fotografii ze sv\u00e9ho profilu st\u00e1hl a ve\u0159ejn\u011b se za sv\u016fj omyl omluvil.<\/p>\n<p>Pokud si j\u00ed v\u0161iml, pak jej vyz\u00fdv\u00e1m, aby okam\u017eit\u011b na sv\u016fj post rezignoval.<\/p>\n<p>Pevn\u011b douf\u00e1m, \u017ee m\u00e9dia budou tomuto z\u00e1sadn\u00edmu proh\u0159e\u0161ku v\u011bnovat maxim\u00e1ln\u00ed pozornost a nep\u0159ejdou jej jako obvykle naprost\u00fdm ml\u010den\u00edm.<\/p>\n<p>V jak\u00e9koliv demokratick\u00e9 zemi by toti\u017e tenhle p\u0159e\u0161lap byl naprosto prvot\u0159\u00eddn\u00edm skand\u00e1lem.<\/p>\n<p>Pros\u00edm o sd\u00edlen\u00ed p\u0159\u00edsp\u011bvku, aby se dostal k maxim\u00e1ln\u00edmu okruhu u\u017eivatel\u016f a nebylo jej mo\u017en\u00e9 ututlat.<\/p>\n<p>Tak\u017ee draz\u00ed \u017eurnalist\u00e9 \u2013 um\u00edte jen sprost\u011b kopat do alternativn\u00ed sc\u00e9ny, nebo si troufnete i na ministra vnitra a o\u017eehav\u00e9 t\u00e9ma p\u0159ehl\u00ed\u017een\u00e9 propagace ukrajinsk\u00e9 nacistick\u00e9 historie v na\u0161\u00ed zemi?<\/p>\n<h2><a href=\"https:\/\/www.facebook.com\/ata.cukrous\" target=\"_blank\" rel=\"external noopener\">Anna \u0160ugar<\/a><\/h2>\n<p>K fotografii z V\u00e1clav\u00e1ku ( t\u00e9\u017e Azov ) \u2026..Fotografie kter\u00e1 doslova oblet\u011bla cel\u00fd sv\u011bt. Zn\u00e1te j\u00ed. V \u010cesk\u00fdch m\u00e9di\u00edch se o ni\u010dem nezmi\u0148uj\u00ed, ale v zahrani\u010dn\u00edch ano a z Pra\u017esk\u00e9 Ukrajinsk\u00e9 akce je mezin\u00e1rodn\u00ed ostuda. Ne Ukrajinsk\u00e1, ale \u010cesk\u00e1 ostuda.<\/p>\n<p>Die Welt p\u00ed\u0161e: \u201cBanderaparty uprost\u0159ed Prahy, co na to \u010ce\u0161i?\u201d. The Sun: \u201cTo nen\u00ed majdan, ale centrum Prahy!!!\u201d. Le Mond to komentuje pouze otazn\u00edkem s dov\u011btkem: \u201cCo to m\u00e1 jako b\u00fdt?\u201d.<\/p>\n<p>A pak samoz\u0159ejm\u011b Rusk\u00fd tisk. Tak ti si smlsli. Moskovskije novosti: \u201cA n\u00e1s maj\u00ed za fa\u0161isty\u2026\u201d. Izvestia: \u201cJe vid\u011bt, \u017ee speci\u00e1ln\u00ed operace p\u0159in\u00e1\u0161\u00ed sv\u00e9 ovoce, denacifikace Ukrajiny prob\u00edh\u00e1 dle pl\u00e1nu, ARF vyhnala n\u00e1cky a\u017e do Prahy\u201d.<\/p>\n<p>Cel\u00e9mu sv\u011btu jsme pro sm\u00edch (op\u011bt). Kop\u00edruji je\u0161t\u011b jeden velice trefn\u00fd koment\u00e1\u0159 z va\u0161ich p\u0159\u00edsp\u011bvk\u016f: Pokud se budou chovat takhle a mysl\u00edm \u017ee oni nep\u0159estanou, lid\u00e9 se nem\u011bn\u00ed a Ukrajinci se nep\u0159izp\u016fsobuj\u00ed, m\u016f\u017ee se st\u00e1t, \u017ee u\u017e se nebude tvrdit, \u017ee se cel\u00fd sv\u011bt spojil proti Rusku (co\u017e je stejn\u011b blbost), ale on se sv\u011bt spoj\u00ed proti Ukrajinc\u016fm, proto\u017ee tohle u\u017e je moc. Co by se stalo \u010cechovi, kdyby n\u011bco podobn\u00e9ho p\u0159edv\u00e1d\u011bl v jin\u00e9 zemi\u2026..<\/p>\n<div class=\"karta\">\n<figure><img decoding=\"async\" loading=\"lazy\" class=\"aligncenter\" src=\"https:\/\/zvedavec.news\/images\/23\/vazne-pane-rakusane-2.jpg\" alt=\"[...]\" width=\"449\" height=\"496\" \/><\/figure>\n<\/div>\n<div class=\"podcarou\">\n<p>&nbsp;<\/p>\n<p>&nbsp;<\/p>\n<p><img decoding=\"async\" loading=\"lazy\" class=\"wp-image-19187 aligncenter\" src=\"http:\/\/www.infokuryr.cz\/n\/wp-content\/uploads\/2022\/12\/1-PRO-300x36.jpg\" alt=\"\" width=\"1117\" height=\"134\" srcset=\"https:\/\/www.infokuryr.cz\/n\/wp-content\/uploads\/2022\/12\/1-PRO-300x36.jpg 300w, https:\/\/www.infokuryr.cz\/n\/wp-content\/uploads\/2022\/12\/1-PRO.jpg 699w\" sizes=\"(max-width: 1117px) 100vw, 1117px\" \/><\/p>\n<\/div>\n<\/section>\n<p>&nbsp;<\/p>\n<p><img decoding=\"async\" loading=\"lazy\" class=\"wp-image-22607 aligncenter\" src=\"http:\/\/www.infokuryr.cz\/n\/wp-content\/uploads\/2023\/02\/cesko_proti_bide-239x300.png\" alt=\"\" width=\"740\" height=\"929\" srcset=\"https:\/\/www.infokuryr.cz\/n\/wp-content\/uploads\/2023\/02\/cesko_proti_bide-239x300.png 239w, https:\/\/www.infokuryr.cz\/n\/wp-content\/uploads\/2023\/02\/cesko_proti_bide-816x1024.png 816w, https:\/\/www.infokuryr.cz\/n\/wp-content\/uploads\/2023\/02\/cesko_proti_bide-768x964.png 768w, https:\/\/www.infokuryr.cz\/n\/wp-content\/uploads\/2023\/02\/cesko_proti_bide.png 846w\" sizes=\"(max-width: 740px) 100vw, 740px\" \/><\/p>\n<p>&nbsp;<\/p>\n<p>&nbsp;<\/p>\n","protected":false},"excerpt":{"rendered":"<p>Na n\u00ed\u017ee p\u0159ilo\u017een\u00e9 fotografii z FB profilu ministra vnitra V\u00edta Raku\u0161ana vid\u00edte \u010derven\u00fdm obd\u00e9ln\u00edkem ozna\u010denou&#8230;<\/p>\n","protected":false},"author":2,"featured_media":14709,"comment_status":"closed","ping_status":"closed","sticky":false,"template":"","format":"standard","meta":[],"categories":[6],"tags":[458,155,395,1032],"_links":{"self":[{"href":"https:\/\/www.infokuryr.cz\/n\/wp-json\/wp\/v2\/posts\/23724"}],"collection":[{"href":"https:\/\/www.infokuryr.cz\/n\/wp-json\/wp\/v2\/posts"}],"about":[{"href":"https:\/\/www.infokuryr.cz\/n\/wp-json\/wp\/v2\/types\/post"}],"author":[{"embeddable":true,"href":"https:\/\/www.infokuryr.cz\/n\/wp-json\/wp\/v2\/users\/2"}],"replies":[{"embeddable":true,"href":"https:\/\/www.infokuryr.cz\/n\/wp-json\/wp\/v2\/comments?post=23724"}],"version-history":[{"count":0,"href":"https:\/\/www.infokuryr.cz\/n\/wp-json\/wp\/v2\/posts\/23724\/revisions"}],"wp:featuredmedia":[{"embeddable":true,"href":"https:\/\/www.infokuryr.cz\/n\/wp-json\/wp\/v2\/media\/14709"}],"wp:attachment":[{"href":"https:\/\/www.infokuryr.cz\/n\/wp-json\/wp\/v2\/media?parent=23724"}],"wp:term":[{"taxonomy":"category","embeddable":true,"href":"https:\/\/www.infokuryr.cz\/n\/wp-json\/wp\/v2\/categories?post=23724"},{"taxonomy":"post_tag","embeddable":true,"href":"https:\/\/www.infokuryr.cz\/n\/wp-json\/wp\/v2\/tags?post=23724"}],"curies":[{"name":"wp","href":"https:\/\/api.w.org\/{rel}","templated":true}]}}