{"id":23721,"date":"2023-03-01T06:00:42","date_gmt":"2023-03-01T05:00:42","guid":{"rendered":"http:\/\/www.infokuryr.cz\/n\/?p=23721"},"modified":"2023-03-01T06:00:42","modified_gmt":"2023-03-01T05:00:42","slug":"vladimir-putin-priznal-na-ruske-televizi-ze-kreml-vedel-o-realizaci-planu-kolektivniho-zapadu","status":"publish","type":"post","link":"https:\/\/www.infokuryr.cz\/n\/2023\/03\/01\/vladimir-putin-priznal-na-ruske-televizi-ze-kreml-vedel-o-realizaci-planu-kolektivniho-zapadu\/","title":{"rendered":"Vladimir Putin p\u0159iznal na rusk\u00e9 televizi, \u017ee Kreml v\u011bd\u011bl o realizaci pl\u00e1n\u016f Kolektivn\u00edho z\u00e1padu"},"content":{"rendered":"<div id=\"fb-root\"><\/div>\n<h4>Vladimir Putin p\u0159iznal na rusk\u00e9 televizi, \u017ee Kreml v\u011bd\u011bl o realizaci pl\u00e1n\u016f Kolektivn\u00edho z\u00e1padu na rozbit\u00ed a n\u00e1sledn\u00e9 rozporcov\u00e1n\u00ed Ruska na mnoho men\u0161\u00edch a z\u00e1padu podl\u00e9haj\u00edc\u00edch st\u00e1t\u016f, ale v z\u00e1jmu udr\u017een\u00ed partnerstv\u00ed se z\u00e1padem se o tom v Kremlu nemluvilo! Hlavn\u00ed ukrajinsk\u00fd propagandista v posledn\u00edm po\u0159adu vyl\u00ed\u010dil, jak si r\u016fzn\u00e9 zem\u011b rozporcuj\u00ed Rusko po v\u00edt\u011bzstv\u00ed Ukrajiny! Ministerstvo obrany za\u010dalo nahl\u00ed\u017eet do evidence obyvatel \u010cR za \u00fa\u010delem brann\u00e9 povinnosti, odhaluj\u00ed ro\u010dn\u00ed v\u00fdpisy z datov\u00fdch schr\u00e1nek! No to je ale p\u0159ekvapen\u00ed!<\/h4>\n<p>Prezident Vladimir Putin na rusk\u00e9 televizi v po\u0159adu s n\u00e1zvem\u00a0<em>Moskva Kreml Putin<\/em>\u00a0vysv\u011btlil redaktorovi rusk\u00e9 st\u00e1tn\u00ed televize, co je hlavn\u00edm c\u00edlem a \u0159\u00edd\u00edc\u00edm procesem Z\u00e1padu na Ukrajin\u011b a ve vztahu k Rusku. Pro\u010d se Z\u00e1pad rozhodl \u00fapln\u011b zni\u010dit ukrajinsk\u00fd n\u00e1rod ve zdrcuj\u00edc\u00ed v\u00e1lce, kdy\u017e je naprosto jasn\u00e9, \u017ee \u017e\u00e1dn\u00e1 zem\u011b na sv\u011bt\u011b, kter\u00e1 nedisponuje jadern\u00fdmi zbran\u011bmi, nem\u016f\u017ee vyhr\u00e1t \u017e\u00e1dnou v\u00e1lku proti jadern\u00e9 velmoci, pokud jde o v\u00e1lku, ve kter\u00e9 tato velmoc chr\u00e1n\u00ed vlastn\u00ed obyvatelstvo, vlastn\u00ed etnikum. Nejde toti\u017e o \u201camerickou\u201d v\u00e1lku, co\u017e je ozna\u010den\u00ed pro americk\u00e9 expedi\u010dn\u00ed v\u00e1lky ve sv\u011bt\u011b.<\/p>\n<p>&nbsp;<\/p>\n<div id=\"rumble_v28p9la\">\n<div id=\"vid_v28p9la\" class=\"rumble_v28p9la-Rumble-cls\" tabindex=\"-1\">\n<div class=\"bigPlayUI ctp\">\n<div class=\"bigPlayUIInner ctp\"><div class='videoWrapper'>\r\n\t            <iframe src='https:\/\/rumble.com\/embed\/pj.v28p9la\/' frameborder='0' allowfullscreen><\/iframe>\r\n\t        <\/div><\/div>\n<\/div>\n<\/div>\n<\/div>\n<p>&nbsp;<\/p>\n<p>C\u00edlem nen\u00ed ochrana americk\u00fdch ob\u010dan\u016f, americk\u00e9ho \u00fazem\u00ed nebo suverenity USA, ale c\u00edlem je vypr\u00e1zdn\u011bn\u00ed sklad\u016f americk\u00e9ho vojensko-pr\u016fmyslov\u00e9ho komplexu na stran\u011b jedn\u00e9, a napln\u011bn\u00ed kas t\u011bchto zbrojn\u00edch firem obrovsk\u00fdmi zisky z takov\u00e9 v\u00e1lky na stran\u011b druh\u00e9. V takov\u00e9 v\u00e1lce je por\u00e1\u017eka jadern\u00e9 velmoci, jakou jsou USA, zcela norm\u00e1ln\u00ed a b\u011b\u017en\u00e1, proto\u017ee nikdy v t\u00e9 v\u00e1lce ne\u0161lo o obranu americk\u00e9ho \u00fazem\u00ed, americk\u00e9ho lidu nebo suverenity. A proto Ameri\u010dan\u00e9 prohr\u00e1li v\u00e1lku ve Vietnamu a p\u0159ed 2 lety prohr\u00e1li v\u00e1lku v Afgh\u00e1nist\u00e1nu po 20 letech, ale nic to neznamenalo pro USA. Americk\u00e9 zbrojn\u00ed z\u00e1vody se na t\u00e9 afgh\u00e1nsk\u00e9 v\u00e1lce zahojily finan\u010dn\u011b doslova kr\u00e1lovsky, zejm\u00e9na po huben\u00fdch 90. letech po konci Studen\u00e9 v\u00e1lky.<\/p>\n<h6><span style=\"font-size: 18pt;\">Rozd\u011blen\u00ed Ruska se ji\u017e pl\u00e1nuje zp\u016fsobem, jako by bylo po v\u00e1lce a Rusko prohr\u00e1lo<\/span><\/h6>\n<p>Vladimir Putin vysv\u011btlil report\u00e9rovi, o co vlastn\u011b z\u00e1padu na Ukrajin\u011b jde. T\u00edm hlavn\u00edm c\u00edlem je revival dvou nacistick\u00fdch program\u016f ze 40. let minul\u00e9ho stolet\u00ed. Ten prvn\u00ed se jmenoval\u00a0<em>Drang nach Osten<\/em>\u00a0a popisoval politiku v\u00e1le\u010dn\u00e9ho ta\u017een\u00ed na Sov\u011btsk\u00fd svaz.\u00a0<strong>Ten druh\u00fd se naz\u00fdval\u00a0<em>Generalplan Ost<\/em>\u00a0a m\u011bl plynule navazovat na ten prvn\u00ed program hned z\u00e1hy po por\u00e1\u017ece SSSR.<\/strong>\u00a0A pr\u00e1v\u011b te\u010f se ukazuje, \u017ee kolektivn\u00ed Z\u00e1pad u\u017e prvn\u00ed program p\u0159esko\u010dil, ne\u010dek\u00e1 na jeho dokon\u010den\u00ed a na por\u00e1\u017eku Rusk\u00e9 federace ve v\u00e1lce, proto\u017ee u\u017e rovnou te\u010f doch\u00e1z\u00ed k parcelov\u00e1n\u00ed a k rozd\u011blov\u00e1n\u00ed Ruska, mluv\u00ed a p\u00ed\u0161e se o tom ve v\u0161ech m\u00e9di\u00edch na Z\u00e1pad\u011b a dokonce se o tom po\u0159\u00e1daj\u00ed konference na p\u016fd\u011b Evropsk\u00e9ho parlamentu\u00a0<strong>[<a href=\"https:\/\/href.li\/?https:\/\/ecrgroup.eu\/event\/the_imperial_russia_conquer_genocide_colonisation\" target=\"_blank\" rel=\"nofollow noopener\">1<\/a>]<\/strong>.<\/p>\n<figure id=\"attachment_54891\" class=\"wp-caption aligncenter\" style=\"width: 697px;\"><a href=\"https:\/\/aeronet.news\/wp-content\/uploads\/USSR_CollapseMap.jpg\"><img decoding=\"async\" loading=\"lazy\" class=\"wp-image-54891 \" src=\"https:\/\/aeronet.news\/wp-content\/uploads\/USSR_CollapseMap-1024x674.jpg\" sizes=\"(max-width: 700px) 100vw, 700px\" srcset=\"https:\/\/aeronet.news\/wp-content\/uploads\/USSR_CollapseMap-1024x674.jpg 1024w, https:\/\/aeronet.news\/wp-content\/uploads\/USSR_CollapseMap-300x197.jpg 300w, https:\/\/aeronet.news\/wp-content\/uploads\/USSR_CollapseMap-768x505.jpg 768w, https:\/\/aeronet.news\/wp-content\/uploads\/USSR_CollapseMap-700x460.jpg 700w, https:\/\/aeronet.news\/wp-content\/uploads\/USSR_CollapseMap-100x65.jpg 100w, https:\/\/aeronet.news\/wp-content\/uploads\/USSR_CollapseMap-543x357.jpg 543w, https:\/\/aeronet.news\/wp-content\/uploads\/USSR_CollapseMap-734x483.jpg 734w, https:\/\/aeronet.news\/wp-content\/uploads\/USSR_CollapseMap.jpg 1280w\" alt=\"\" width=\"697\" height=\"458\" \/><\/a><figcaption class=\"wp-caption-text\">Rozpad Sov\u011btsk\u00e9ho svazu v roce 1991<\/figcaption><\/figure>\n<p>Nacist\u00e9 v EU u\u017e ani ne\u010dekaj\u00ed na faktick\u00fd v\u00fdsledek na front\u011b na Ukrajin\u011b a rovnou ji\u017e pl\u00e1nuj\u00ed, jak budou rozd\u011blovat rusk\u00e1 teritoria a p\u0159ipojovat je k jin\u00fdm st\u00e1t\u016fm anebo jak budou vznikat mal\u00e9 nov\u00e9 republiky, kter\u00e9 ale budou pln\u011b podl\u00e9hat Z\u00e1padu podle hesla \u201c<em>Rozd\u011bluj a panuj<\/em>\u201d stejn\u011b, jako to vid\u00edme po rozpadu Jugosl\u00e1vie na Balk\u00e1nu, kde si kolektivn\u00ed Z\u00e1pad vod\u00ed v\u0161echny zem\u011b b\u00fdval\u00e9 Jugosl\u00e1vie jako loutky, jako vazaly a dokonce ani Srbsko nem\u00e1 odvahu pro skute\u010dn\u011b suver\u00e9nn\u00ed politiku.\u00a0<strong>V rozhovoru s report\u00e9rem rusk\u00e9 televize tak do\u0161lo na odhalen\u00ed toho, \u017ee Kreml v\u011bd\u011bl o pl\u00e1nu na rozbit\u00ed Ruska u\u017e dlouho, ale v z\u00e1jmu budov\u00e1n\u00ed partnerstv\u00ed se z\u00e1padem se o tom v Kremlu nikdy nemluvilo.<\/strong><\/p>\n<h6><span style=\"font-size: 18pt;\">Minsk\u00fd protokol byl podrazem na Rusko, proto\u017ee c\u00edlem je rozbit\u00ed Ruska na men\u0161\u00ed st\u00e1tn\u00ed \u00fatvary podle modelu Jugosl\u00e1vie<\/span><\/h6>\n<p>Za\u010dalo se o tom mluvit a\u017e po vypuknut\u00ed SVO na Ukrajin\u011b, kdy\u017e se Z\u00e1pad zcela odkopal a prohl\u00e1sil, \u017ee Rusko mus\u00ed b\u00fdt zni\u010deno a rozbito na men\u0161\u00ed \u010d\u00e1sti. V takov\u00e9 situaci u\u017e ne\u0161lo partnerstv\u00ed d\u00e1l udr\u017eovat. P\u0159izn\u00e1n\u00ed Angely Merkel vloni v prosinci o tom, \u017ee Kyjev a Berl\u00edn nikdy nemyslely Minsk\u00e9 protokoly a m\u00edrov\u00e9 urovn\u00e1n\u00ed konfliktu na Donbasu v\u00e1\u017en\u011b, proto\u017ee \u0161lo o trik na Moskvu, jak z\u00edskat \u010das pro Ukrajinu, aby se vyzbrojila a mohla konflikt vy\u0159e\u0161it vojensky, toti\u017e pln\u011b odhalilo skute\u010dn\u00fd rozm\u011br podrazu na Rusko.<\/p>\n<p>A p\u0159ed p\u00e1r t\u00fddny to potvrdil i Volodymyr Zelensk\u00fd, \u017ee Kyjev nikdy nem\u011bl v \u00famyslu Minsk\u00e9 protokoly naplnit, proto\u017ee byly nep\u0159ijateln\u00e9. Cel\u00fd Minsk\u00fd protokol se tak uk\u00e1zal jako nehor\u00e1zn\u00fd podvod Kyjeva a Kolektivn\u00edho z\u00e1padu proti Rusku a zejm\u00e9na proti lidem na Donbasu. Celou dobu bylo jedin\u00fdm c\u00edlem to, aby Kyjev z\u00edskal \u010das na vyzbrojen\u00ed, aby mohl konflikt na Donbasu a odtr\u017een\u00ed Krymu vy\u0159e\u0161it vojensky.<\/p>\n<figure id=\"attachment_54283\" class=\"wp-caption aligncenter\" style=\"width: 693px;\"><a href=\"https:\/\/aeronet.news\/wp-content\/uploads\/ValerijZaluznyjNATO.jpg\"><img decoding=\"async\" loading=\"lazy\" class=\"wp-image-54283 \" src=\"https:\/\/aeronet.news\/wp-content\/uploads\/ValerijZaluznyjNATO-1024x683.jpg\" sizes=\"(max-width: 700px) 100vw, 700px\" srcset=\"https:\/\/aeronet.news\/wp-content\/uploads\/ValerijZaluznyjNATO-1024x683.jpg 1024w, https:\/\/aeronet.news\/wp-content\/uploads\/ValerijZaluznyjNATO-300x200.jpg 300w, https:\/\/aeronet.news\/wp-content\/uploads\/ValerijZaluznyjNATO-768x512.jpg 768w, https:\/\/aeronet.news\/wp-content\/uploads\/ValerijZaluznyjNATO-700x467.jpg 700w, https:\/\/aeronet.news\/wp-content\/uploads\/ValerijZaluznyjNATO-535x357.jpg 535w, https:\/\/aeronet.news\/wp-content\/uploads\/ValerijZaluznyjNATO-724x483.jpg 724w, https:\/\/aeronet.news\/wp-content\/uploads\/ValerijZaluznyjNATO.jpg 1280w\" alt=\"\" width=\"693\" height=\"462\" \/><\/a><figcaption class=\"wp-caption-text\">N\u00e1\u010deln\u00edk gener\u00e1ln\u00edho \u0161t\u00e1bu AFU Valerij Zalu\u017en\u00fd<\/figcaption><\/figure>\n<p>Nen\u00ed proto divu, \u017ee \u010desk\u00e1 vl\u00e1da ji\u017e 23 dn\u00ed p\u0159ed za\u010d\u00e1tkem rusk\u00e9 invaze na Ukrajinu vloni v \u00fanoru lo\u0148sk\u00e9ho roku s vysokou pravd\u011bpodobnost\u00ed v\u011bd\u011bla\u00a0<strong>[<a href=\"https:\/\/aeronet.news\/ceska-vlada-petra-fialy-vedela-o-chystanem-utoku-ukrajinske-armady-na-krym-a-donbas-mesic-dopredu-ale-moskva-ten-plan-prekazila-spustenim-vlastni-invaze-dukazem-je-mezistatni-smlouva\/\">2<\/a>]<\/strong>\u00a0o chystan\u00e9 ukrajinsk\u00e9 invazi proti Krymu a Donbasu, kdy\u017e\u00a0<strong>\u010desk\u00e9 ministerstvo obrany podepsalo s n\u00e1\u010deln\u00edkem gener\u00e1ln\u00edho \u0161t\u00e1bu ukrajinsk\u00e9 arm\u00e1dy Valerijem Zalu\u017en\u00fdm smlouvu o o\u0161et\u0159ov\u00e1n\u00ed zran\u011bn\u00fdch ukrajinsk\u00fdch voj\u00e1k\u016f v \u010cR, kte\u0159\u00ed utrp\u00ed zran\u011bn\u00ed na Ukrajin\u011b v d\u016fsledku p\u0159\u00edm\u00fdch nep\u0159\u00e1telsk\u00fdch akc\u00ed.<\/strong><\/p>\n<p>Ve smlouv\u011b si Ukrajina domluvila i odvoz mrtv\u00fdch ukrajinsk\u00fdch voj\u00e1k\u016f, kte\u0159\u00ed nep\u0159e\u017eij\u00ed a v \u010desk\u00fdch nemocnic\u00edch zem\u0159ou.\u00a0 Rusko p\u0159itom argumentuje pr\u00e1v\u011b t\u00edm, \u017ee zah\u00e1jen\u00ed speci\u00e1ln\u00ed operace na Ukrajin\u011b p\u0159ipadlo na 24. \u00fanora 2022 proto, \u017ee Kreml dostal od rusk\u00e9 civiln\u00ed (SVR) a vojensk\u00e9 (GRU) rozv\u011bdky nezpochybniteln\u00e9 d\u016fkazy.<\/p>\n<h6><span style=\"font-size: 18pt;\">VIDEO: Dmitrij Gordon b\u00e1snil o tom, jak se bude porcovat Rusko<\/span><\/h6>\n<p>Rozv\u011bdky varovaly Kreml, \u017ee ukrajinsk\u00e1 arm\u00e1da byla p\u0159ipravena \u201cukon\u010dit\u201d konflikt na Donbasu silou, a \u017ee Ukrajina je domluvena se zem\u011bmi NATO na tomto \u00fatoku, p\u0159i\u010dem\u017e ukrajinsk\u00e1 arm\u00e1da m\u00e1 dop\u0159edu podepsan\u00e9 smlouvy se zem\u011bmi NATO nejen o dod\u00e1vk\u00e1ch zbran\u00ed, ale i o o\u0161et\u0159ov\u00e1n\u00ed sv\u00fdch voj\u00e1k\u016f. A pr\u00e1v\u011b tato smlouva o o\u0161et\u0159ov\u00e1n\u00ed voj\u00e1k\u016f AFU v \u010desk\u00fdch nemocnic\u00edch je on\u00edm\u00a0<em>smoking gun<\/em>\u00a0d\u016fkazem o tom, \u017ee Fialenkova vl\u00e1da velmi pravd\u011bpodobn\u011b v\u011bd\u011bla dop\u0159edu o pl\u00e1nu ukrajinsk\u00e9 arm\u00e1dy na vy\u0159e\u0161en\u00ed konfliktu na Donbasu vojenskou silou Kyjeva.<\/p>\n<p><strong>Ta smlouva byla objevena mezi podepsan\u00fdmi smlouvami \u010desk\u00e9ho ministerstva obrany a Sergej Nary\u0161kin tak nelhal, opravdu ty smlouvy m\u011bla Ukrajina dop\u0159edu podepsan\u00e9.<\/strong>\u00a0V\u0161imn\u011bte si, \u017ee Fialova vl\u00e1da m\u011bla dop\u0159edu nachystan\u00e9 i zablokov\u00e1n\u00ed opozi\u010dn\u00edch web\u016f v \u010cR, a to pouh\u00fdch 24 hodin po invazi vloni, a to 25. \u00fanora na v\u00fdro\u010d\u00ed V\u00edt\u011bzn\u00e9ho \u00fanora. V\u0161echno bylo dohodnut\u00e9 dop\u0159edu, p\u0159ipraven\u00e9 na ukrajinsk\u00fd \u00fatok na Donbas, uml\u010den\u00ed web\u016f, jen\u017ee Rusov\u00e9 do toho vhodili vidle a na ukrajinsk\u00fd \u00fatok, kter\u00fd m\u011bl p\u0159ij\u00edt podle Nary\u0161kina v noci ze 14. na 15. b\u0159ezna, prost\u011b u\u017e ne\u010dekali.<\/p>\n<p>&nbsp;<\/p>\n<div id=\"rumble_v28oyvk\">\n<div id=\"vid_v28oyvk\" class=\"rumble_v28oyvk-Rumble-cls\" tabindex=\"-1\">\n<div class=\"bigPlayUI ctp\">\n<div class=\"bigPlayUIInner ctp\"><div class='videoWrapper'>\r\n\t            <iframe src='https:\/\/rumble.com\/embed\/pj.v28oyvk\/' frameborder='0' allowfullscreen><\/iframe>\r\n\t        <\/div><\/div>\n<\/div>\n<\/div>\n<\/div>\n<p>&nbsp;<\/p>\n<p>Jakmile do\u0161lo k rusk\u00e9 invazi, ihned za\u010dal Kolektivn\u00ed z\u00e1pad p\u0159ij\u00edmat sankce, proto\u017ee byly nachyst\u00e1ny dop\u0159edu a v\u0161imn\u011bte si, jak Kokainsk\u00fd ihned od za\u010d\u00e1tku k\u0159i\u010del do sv\u011bta, \u017ee je pot\u0159eba uvalit na Rusko dal\u0161\u00ed a dal\u0161\u00ed sankce. K\u0159i\u010del a \u017e\u00e1dal sankce na Rusko mnohem v\u00edce, ne\u017e \u017e\u00e1dal o zbran\u011b pro Ukrajinu. To mohlo n\u011bkomu p\u0159ipadat zvl\u00e1\u0161tn\u00ed, jen\u017ee Kokainsk\u00fd je zaplacen\u00fd, m\u00e1 luxusn\u00ed nemovitosti po cel\u00e9m sv\u011bt\u011b a jakmile to za\u010dne v Kyjev\u011b smrd\u011bt, odlet\u00ed na Floridu nebo do Belize, kde do\u017eije v luxusu v jedn\u00e9 z nemovitost\u00ed, kter\u00e9 jsou jako psan\u00e9 na jeho man\u017eelku, aby se ne\u0159eklo.<\/p>\n<p><strong>Ukrajina m\u016f\u017ee j\u00edt k \u010dertu, proto\u017ee c\u00edlem bylo a je Rusko, jeho rozbit\u00ed skrze sankce uvalen\u00e9 pod z\u00e1minkou rusk\u00e9 vojensk\u00e9 operace na Ukrajin\u011b, kter\u00e1 p\u0159itom nen\u00ed o ni\u010dem jin\u00e9m, ne\u017e o ukon\u010den\u00ed 8 let trvaj\u00edc\u00ed genocidy na Ukrajin\u011b.<\/strong>\u00a0Proto se v posledn\u00ed dob\u011b tak moc hovo\u0159\u00ed o rozd\u011blen\u00ed Ruska. A mluvil o tom v posledn\u00edm po\u0159adu i vrchn\u00ed ukrajinsk\u00fd propagandista Dmitrij Gordon, kter\u00fd b\u00e1snil o tom, jak se po v\u00edt\u011bzstv\u00ed Ukrajiny Rusko rozpadne a jeho \u00fazem\u00ed si rozd\u011bl\u00ed zem\u011b jako Finsko, N\u011bmecko nebo Japonsko.<\/p>\n<h6><span style=\"font-size: 18pt;\">Ministerstvo obrany \u010cR za\u010dalo nahl\u00ed\u017eet do evidence obyvatel \u010cR za \u00fa\u010delem brann\u00e9 povinnosti, odhaluj\u00ed ro\u010dn\u00ed v\u00fdpisy z datov\u00fdch schr\u00e1nek<\/span><\/h6>\n<p>Proces\u00a0<em>Drang nach Osten<\/em>\u00a0tak ji\u017e v p\u0159edstihu p\u0159e\u0161el z v\u00e1le\u010dn\u00e9ho pole do oblasti d\u011blen\u00ed a porcov\u00e1n\u00ed Ruska, p\u0159esto\u017ee rusk\u00fd medv\u011bd v\u00e1lcuje Ukrajinu a ukrajin\u0161t\u00ed vep\u0159\u00edci kvi\u010d\u00ed a zoufale hajluj\u00ed sm\u011brem k z\u00e1padu, aby poslal v\u00edce zbran\u00ed a hlavn\u011b v\u00edce masa, proto\u017ee pr\u00e1v\u011b maso chyb\u00ed.\u00a0<strong>Dost lid\u00ed v EU si neuv\u011bdomuje, \u017ee jakmile za\u010dne j\u00edt te\u010f na ja\u0159e do tuh\u00e9ho na front\u011b, tak ukrajinsk\u00e1 arm\u00e1da bude pot\u0159ebovat stovky tis\u00edc mu\u017e\u016f, kter\u00e9 nem\u00e1. Kde je najde? No p\u0159ece v Evropsk\u00e9 unii.<\/strong>\u00a0Ot\u00e1zkou te\u010f je, jestli dojde na povol\u00e1vac\u00ed rozkazy Ukrajinc\u016f v EU, anebo m\u00edsto nich za\u010dnou chodit povol\u00e1vac\u00ed rozkazy \u010cech\u016fm. Nev\u011b\u0159\u00edte?<\/p>\n<p><a href=\"https:\/\/aeronet.news\/wp-content\/uploads\/VypisDatovaSchranka2023.jpg\"><img decoding=\"async\" loading=\"lazy\" class=\"wp-image-54892 aligncenter\" src=\"https:\/\/aeronet.news\/wp-content\/uploads\/VypisDatovaSchranka2023.jpg\" sizes=\"(max-width: 1330px) 100vw, 1330px\" srcset=\"https:\/\/aeronet.news\/wp-content\/uploads\/VypisDatovaSchranka2023.jpg 1330w, https:\/\/aeronet.news\/wp-content\/uploads\/VypisDatovaSchranka2023-300x137.jpg 300w, https:\/\/aeronet.news\/wp-content\/uploads\/VypisDatovaSchranka2023-768x350.jpg 768w, https:\/\/aeronet.news\/wp-content\/uploads\/VypisDatovaSchranka2023-1024x467.jpg 1024w, https:\/\/aeronet.news\/wp-content\/uploads\/VypisDatovaSchranka2023-700x319.jpg 700w, https:\/\/aeronet.news\/wp-content\/uploads\/VypisDatovaSchranka2023-784x357.jpg 784w, https:\/\/aeronet.news\/wp-content\/uploads\/VypisDatovaSchranka2023-1060x483.jpg 1060w\" alt=\"\" width=\"950\" height=\"433\" \/><\/a><\/p>\n<p>Tak to si moc nemalujte, proto\u017ee n\u011bco se u\u017e d\u011bje. Dostali jsme do redakce informaci, \u017ee ministerstvo vnitra v t\u011bchto dnes rozes\u00edl\u00e1 do datov\u00fdch schr\u00e1nek fyzick\u00fdch osob ro\u010dn\u00ed v\u00fdpisy z evidence obyvatelstva o p\u0159\u00edstupech organizac\u00ed k datab\u00e1zov\u00e9mu profilu dan\u00e9 osoby.\u00a0<strong>A n\u011bkte\u0159\u00ed lid\u00e9 tam objevili dotazy a n\u00e1hledy na sv\u00e9 profily ze strany Vojensk\u00fdch spr\u00e1v, kter\u00e9 si u\u017e asi tipuj\u00ed mu\u017ee k mobilizaci, kdyby n\u00e1hodou\u2026<\/strong>\u00a0No jo, Ukrajinci v \u010cR jsou pot\u0159eba na stavb\u00e1ch, tak\u017ee na frontu na Donbas p\u016fjdou m\u00edsto nich \u010ce\u0161i?<\/p>\n<p>Je\u0161t\u011b po\u0159\u00e1d je v\u00e1m Ukrajinc\u016f v \u010cR l\u00edto kv\u016fli v\u00e1lce na Ukrajin\u011b, kterou jejich vl\u00e1da zp\u016fsobila \u00famysln\u00fdm nepln\u011bn\u00edm Minsk\u00fdch protokol\u016f? Ale potom nena\u0159\u00edkejte a nenad\u00e1vejte, a\u017e jednoho dne zjist\u00edte, \u017ee m\u00edsto nich mus\u00edte na frontu, t\u0159eba\u2026 t\u0159eba v r\u00e1mci Asisten\u010dn\u00ed mise Evropsk\u00e9 unie pro Ukrajinu\u00a0<strong>[<a href=\"https:\/\/aeronet.news\/a-je-to-venku-slovenske-vlade-unikl-vybusny-dokument-v-podobe-usneseni-kterym-chce-vyslat-sve-vojaky-do-asistencni-mise-evropske-unie-pro-ukrajinu\/\">3<\/a>]<\/strong>. Oni to mysl\u00ed v\u00e1\u017en\u011b s tou por\u00e1\u017ekou Ruska. A to znamen\u00e1, \u017ee jsou p\u0159ipraveni i na v\u00e1lku s Ruskem. To nejsou r\u00e9torick\u00e1 cvi\u010den\u00ed, to je konceptu\u00e1ln\u00ed proces, kter\u00fd jede podle p\u0159edem dan\u00e9ho pl\u00e1nu a pouze slep\u00fd to nevid\u00ed.<\/p>\n<p><a href=\"https:\/\/aeronet.news\/video-vladimir-putin-priznal-na-ruske-televizi-ze-kreml-vedel-o-realizaci-planu-kolektivniho-zapadu-na-rozbiti-a-nasledne-rozporcovani-ruska-na-mnoho-mensich-a-zapadu-podlehajicich-statu\/\">-VK- \u0160\u00e9fredaktor AE News<\/a><\/p>\n<p>&nbsp;<\/p>\n<p><img decoding=\"async\" loading=\"lazy\" class=\"wp-image-19187 aligncenter\" src=\"http:\/\/www.infokuryr.cz\/n\/wp-content\/uploads\/2022\/12\/1-PRO-300x36.jpg\" alt=\"\" width=\"1133\" height=\"136\" srcset=\"https:\/\/www.infokuryr.cz\/n\/wp-content\/uploads\/2022\/12\/1-PRO-300x36.jpg 300w, https:\/\/www.infokuryr.cz\/n\/wp-content\/uploads\/2022\/12\/1-PRO.jpg 699w\" sizes=\"(max-width: 1133px) 100vw, 1133px\" \/><\/p>\n<p>&nbsp;<\/p>\n<p>&nbsp;<\/p>\n<p>&nbsp;<\/p>\n<p><img decoding=\"async\" loading=\"lazy\" class=\"wp-image-22607 aligncenter\" src=\"http:\/\/www.infokuryr.cz\/n\/wp-content\/uploads\/2023\/02\/cesko_proti_bide-239x300.png\" alt=\"\" width=\"725\" height=\"910\" srcset=\"https:\/\/www.infokuryr.cz\/n\/wp-content\/uploads\/2023\/02\/cesko_proti_bide-239x300.png 239w, https:\/\/www.infokuryr.cz\/n\/wp-content\/uploads\/2023\/02\/cesko_proti_bide-816x1024.png 816w, https:\/\/www.infokuryr.cz\/n\/wp-content\/uploads\/2023\/02\/cesko_proti_bide-768x964.png 768w, https:\/\/www.infokuryr.cz\/n\/wp-content\/uploads\/2023\/02\/cesko_proti_bide.png 846w\" sizes=\"(max-width: 725px) 100vw, 725px\" \/><\/p>\n<p>&nbsp;<\/p>\n","protected":false},"excerpt":{"rendered":"<p>Vladimir Putin p\u0159iznal na rusk\u00e9 televizi, \u017ee Kreml v\u011bd\u011bl o realizaci pl\u00e1n\u016f Kolektivn\u00edho z\u00e1padu na&#8230;<\/p>\n","protected":false},"author":2,"featured_media":22250,"comment_status":"closed","ping_status":"closed","sticky":false,"template":"","format":"standard","meta":[],"categories":[6],"tags":[1042,80,506,1929,102,2738,22],"_links":{"self":[{"href":"https:\/\/www.infokuryr.cz\/n\/wp-json\/wp\/v2\/posts\/23721"}],"collection":[{"href":"https:\/\/www.infokuryr.cz\/n\/wp-json\/wp\/v2\/posts"}],"about":[{"href":"https:\/\/www.infokuryr.cz\/n\/wp-json\/wp\/v2\/types\/post"}],"author":[{"embeddable":true,"href":"https:\/\/www.infokuryr.cz\/n\/wp-json\/wp\/v2\/users\/2"}],"replies":[{"embeddable":true,"href":"https:\/\/www.infokuryr.cz\/n\/wp-json\/wp\/v2\/comments?post=23721"}],"version-history":[{"count":0,"href":"https:\/\/www.infokuryr.cz\/n\/wp-json\/wp\/v2\/posts\/23721\/revisions"}],"wp:featuredmedia":[{"embeddable":true,"href":"https:\/\/www.infokuryr.cz\/n\/wp-json\/wp\/v2\/media\/22250"}],"wp:attachment":[{"href":"https:\/\/www.infokuryr.cz\/n\/wp-json\/wp\/v2\/media?parent=23721"}],"wp:term":[{"taxonomy":"category","embeddable":true,"href":"https:\/\/www.infokuryr.cz\/n\/wp-json\/wp\/v2\/categories?post=23721"},{"taxonomy":"post_tag","embeddable":true,"href":"https:\/\/www.infokuryr.cz\/n\/wp-json\/wp\/v2\/tags?post=23721"}],"curies":[{"name":"wp","href":"https:\/\/api.w.org\/{rel}","templated":true}]}}