{"id":23695,"date":"2023-03-01T01:07:03","date_gmt":"2023-03-01T00:07:03","guid":{"rendered":"http:\/\/www.infokuryr.cz\/n\/?p=23695"},"modified":"2023-02-28T18:45:55","modified_gmt":"2023-02-28T17:45:55","slug":"cesko-proti-bide-konec-devastace-prava-moralky-ekonomiky-skoncime-vsichni-v-chudobinci","status":"publish","type":"post","link":"https:\/\/www.infokuryr.cz\/n\/2023\/03\/01\/cesko-proti-bide-konec-devastace-prava-moralky-ekonomiky-skoncime-vsichni-v-chudobinci\/","title":{"rendered":"\u010cesko proti b\u00edd\u011b: konec devastace pr\u00e1va, mor\u00e1lky, ekonomiky! Skon\u010d\u00edme v\u0161ichni v chudobinci?"},"content":{"rendered":"<div id=\"fb-root\"><\/div>\n<div class=\"introtext\">\n<p class=\"style-scope ytd-watch-metadata\"><span style=\"font-size: 18pt;\"><strong><span class=\"style-scope yt-formatted-string\" dir=\"auto\">\u010cesko proti b\u00edd\u011b &#8211; 11.3. 2023 ve\u00a0<\/span><span class=\"style-scope yt-formatted-string\" dir=\"auto\">14:00<\/span><\/strong><\/span><span class=\"style-scope yt-formatted-string\" dir=\"auto\"><span style=\"font-size: 18pt;\"><strong>\u00a0V\u00e1clavsk\u00e9 n\u00e1m\u011bst\u00ed: vl\u00e1da n\u00e1s nem\u016f\u017ee odrb\u00e1vat, jak ji napadne, br\u00e1t obrovsk\u00e9 pen\u00edze, poslat lid do chudobinc\u016f\u00a0 a nechat lid \u017eebrat v potravinov\u00fdch bank\u00e1ch!<\/strong><\/span><br \/>\n<\/span><\/p>\n<\/div>\n<div class=\"avPlayerBlock\"><\/div>\n<div>\n<div style=\"width: 640px;\" class=\"wp-video\"><!--[if lt IE 9]><script>document.createElement('video');<\/script><![endif]-->\n<video class=\"wp-video-shortcode\" id=\"video-23695-1\" width=\"640\" height=\"360\" preload=\"metadata\" controls=\"controls\"><source type=\"video\/mp4\" src=\"http:\/\/www.infokuryr.cz\/n\/wp-content\/uploads\/2023\/02\/1101.mp4?_=1\" \/><a href=\"http:\/\/www.infokuryr.cz\/n\/wp-content\/uploads\/2023\/02\/1101.mp4\">http:\/\/www.infokuryr.cz\/n\/wp-content\/uploads\/2023\/02\/1101.mp4<\/a><\/video><\/div>\n<\/div>\n<div><\/div>\n<div class=\"fulltext\">\n<p>Demonstrace za na\u0161i vlast: n\u00e1rodn\u00ed \u010desk\u00e1, moravsk\u00e1, slezsk\u00e1, \u010desk\u00e1 a slovensk\u00e1.<\/p>\n<p>Provokace a v\u00fdtr\u017enictv\u00ed nep\u0159ipust\u00edme!<\/p>\n<p><span style=\"font-size: 18pt;\"><strong>NASTAL \u010cAS\u00a0 VYHNAT DAREB\u00c1KY!<\/strong><\/span><\/p>\n<p><img decoding=\"async\" class=\"aligncenter\" src=\"https:\/\/www.skrytapravda.cz\/images\/blogy\/3008\/2023\/politika_loga\/svine_pekar_banany_konecm_f287b.webp\" alt=\"svine pekar banany konecm f287b\" \/><\/p>\n<p><img decoding=\"async\" class=\"aligncenter\" src=\"https:\/\/www.skrytapravda.cz\/images\/blogy\/3008\/2023\/politika_loga\/autobusy_6cf29.webp\" alt=\"autobusy 6cf29\" \/><\/p>\n<\/div>\n<p>&nbsp;<\/p>\n<p><img decoding=\"async\" loading=\"lazy\" class=\"wp-image-19187 aligncenter\" src=\"http:\/\/www.infokuryr.cz\/n\/wp-content\/uploads\/2022\/12\/1-PRO-300x36.jpg\" alt=\"\" width=\"1133\" height=\"136\" srcset=\"https:\/\/www.infokuryr.cz\/n\/wp-content\/uploads\/2022\/12\/1-PRO-300x36.jpg 300w, https:\/\/www.infokuryr.cz\/n\/wp-content\/uploads\/2022\/12\/1-PRO.jpg 699w\" sizes=\"(max-width: 1133px) 100vw, 1133px\" \/><\/p>\n<p>&nbsp;<\/p>\n<p>&nbsp;<\/p>\n","protected":false},"excerpt":{"rendered":"<p>\u010cesko proti b\u00edd\u011b &#8211; 11.3. 2023 ve\u00a014:00\u00a0V\u00e1clavsk\u00e9 n\u00e1m\u011bst\u00ed: vl\u00e1da n\u00e1s nem\u016f\u017ee odrb\u00e1vat, jak ji napadne,&#8230;<\/p>\n","protected":false},"author":2,"featured_media":23697,"comment_status":"closed","ping_status":"closed","sticky":false,"template":"","format":"standard","meta":[],"categories":[6],"tags":[4504,243,272,234],"_links":{"self":[{"href":"https:\/\/www.infokuryr.cz\/n\/wp-json\/wp\/v2\/posts\/23695"}],"collection":[{"href":"https:\/\/www.infokuryr.cz\/n\/wp-json\/wp\/v2\/posts"}],"about":[{"href":"https:\/\/www.infokuryr.cz\/n\/wp-json\/wp\/v2\/types\/post"}],"author":[{"embeddable":true,"href":"https:\/\/www.infokuryr.cz\/n\/wp-json\/wp\/v2\/users\/2"}],"replies":[{"embeddable":true,"href":"https:\/\/www.infokuryr.cz\/n\/wp-json\/wp\/v2\/comments?post=23695"}],"version-history":[{"count":1,"href":"https:\/\/www.infokuryr.cz\/n\/wp-json\/wp\/v2\/posts\/23695\/revisions"}],"predecessor-version":[{"id":23698,"href":"https:\/\/www.infokuryr.cz\/n\/wp-json\/wp\/v2\/posts\/23695\/revisions\/23698"}],"wp:featuredmedia":[{"embeddable":true,"href":"https:\/\/www.infokuryr.cz\/n\/wp-json\/wp\/v2\/media\/23697"}],"wp:attachment":[{"href":"https:\/\/www.infokuryr.cz\/n\/wp-json\/wp\/v2\/media?parent=23695"}],"wp:term":[{"taxonomy":"category","embeddable":true,"href":"https:\/\/www.infokuryr.cz\/n\/wp-json\/wp\/v2\/categories?post=23695"},{"taxonomy":"post_tag","embeddable":true,"href":"https:\/\/www.infokuryr.cz\/n\/wp-json\/wp\/v2\/tags?post=23695"}],"curies":[{"name":"wp","href":"https:\/\/api.w.org\/{rel}","templated":true}]}}