{"id":23668,"date":"2023-02-28T07:29:47","date_gmt":"2023-02-28T06:29:47","guid":{"rendered":"http:\/\/www.infokuryr.cz\/n\/?p=23668"},"modified":"2023-02-28T07:29:47","modified_gmt":"2023-02-28T06:29:47","slug":"zdenek-jemelik-sprosty-odsouzeny-si-pocka-az-se-docka","status":"publish","type":"post","link":"https:\/\/www.infokuryr.cz\/n\/2023\/02\/28\/zdenek-jemelik-sprosty-odsouzeny-si-pocka-az-se-docka\/","title":{"rendered":"Zden\u011bk Jemel\u00edk: Sprost\u00fd odsouzen\u00fd si po\u010dk\u00e1, a\u017e se do\u010dk\u00e1"},"content":{"rendered":"<div id=\"fb-root\"><\/div>\n<p><strong>V p\u00e1tek 24. \u00fanora 2023 do\u0161lo k pam\u011btihodn\u00e9 ud\u00e1losti: Krajsk\u00fd soud Brno rozeslal ob\u017ealovan\u00fdm p\u00edsemn\u00e9 vyhotoven\u00ed rozsudku, vyhl\u00e1\u0161en\u00e9ho 21.\u0159\u00edjna 2021 p\u0159edsedou sen\u00e1tu Ale\u0161em Novotn\u00fdm. Na rozsudek \u010dekali 16 m\u011bs\u00edc\u016f bezbrann\u00ed odsouzen\u00ed, obda\u0159en\u00ed tresty odn\u011bt\u00ed svobody v rozp\u011bt\u00ed 5-11 let s p\u0159\u00eddavkem pen\u011b\u017eit\u00e9ho trestu a\u017e do v\u00fd\u0161e 11 milion\u016f K\u010d.<\/strong><\/p>\n<p>Ulo\u017een\u00ed trestu p\u0159edch\u00e1zely podivn\u00e9 hr\u00e1tky st\u00e1tn\u00edho z\u00e1stupce Ale\u0161e Sos\u00edka s ob\u017ealovan\u00fdmi. Sna\u017eil se je p\u0159esv\u011bd\u010dit, aby po\u017e\u00e1dali o dohodu o vin\u011b a trestu a nab\u00edzel jim ocen\u011bn\u00ed jejich vst\u0159\u00edcnosti m\u00edrn\u00fdmi tresty. Tak matce dvou mal\u00fdch d\u011bt\u00ed Eli\u0161ce O. nab\u00eddl trest s podm\u00edn\u011bn\u00fdm odkladem, ale v p\u0159\u00edpad\u011b nevst\u0159\u00edcnosti hrozil navr\u017een\u00edm trestu odn\u011bt\u00ed svobody v trv\u00e1n\u00ed 9 let. Sen\u00e1t Ale\u0161e Novotn\u00e9ho j\u00ed pak nad\u011blil 8 let a pen\u011b\u017eit\u00fd trest ve v\u00fd\u0161i 2,5 milionu K\u010d. V podstat\u011b t\u00edm odsoudil jej\u00ed d\u011bti k odtr\u017een\u00ed od matky na dobu 8 let.<\/p>\n<p>Rozd\u00edl mezi t\u00edm, co nab\u00edzel st\u00e1tn\u00ed z\u00e1stupce za p\u0159istoupen\u00ed na dohodu, a co pak navrhl a u soudce dos\u00e1hl, je tak velk\u00fd, \u017ee to vyvol\u00e1v\u00e1 zv\u011bdavost. Proti rozsudku, stoj\u00edc\u00edmu na dohod\u011b a trestu nen\u00ed odvol\u00e1n\u00ed p\u0159\u00edpustn\u00e9. Nevedlo st\u00e1tn\u00edho z\u00e1stupce v\u011bdom\u00ed, \u017ee z\u00e1v\u011bre\u010dnou \u0159e\u010d p\u0159ed soudem nebude m\u00edt dostate\u010dn\u011b okovanou, tak\u017ee rozsudek nebude odoln\u00fd proti zru\u0161en\u00ed odvolac\u00edm soudem?<\/p>\n<p>Ob\u017ealovan\u00ed nep\u0159istoupili na nab\u00eddku dohody o vin\u011b a trestu v p\u0159esv\u011bd\u010den\u00ed, \u017ee jejich obhajoba je dostate\u010dn\u011b podlo\u017eena d\u016fkazy. Rozhodnut\u00ed sen\u00e1tu Ale\u0161e Novotn\u00e9ho je proto vyd\u011bsilo. A pro\u017eili 16 m\u011bs\u00edc\u016f pod psychick\u00fdm tlakem hr\u016fzy z uv\u011bzn\u011bn\u00ed, na kterou nemohli reagovat pod\u00e1n\u00edm odvol\u00e1n\u00ed. Pr\u016ftahy p\u0159i dod\u00e1n\u00ed p\u00edsemn\u00e9ho vyhotoven\u00ed rozsudku tak nab\u00fdvaj\u00ed povahu psychick\u00e9ho t\u00fdr\u00e1n\u00ed nepravomocn\u011b odsouzen\u00fdch.<\/p>\n<p>Dlouh\u00e9 \u201edodac\u00ed lh\u016fty\u201c soudce Ale\u0161e Novotn\u00e9ho se v jeho kari\u00e9\u0159e opakuj\u00ed. Nap\u0159. v r. 2020 jej za pr\u016ftahy k\u00e1ze\u0148sky potrestal p\u0159edseda soudu Milan Bo\u0159ek. Pan soudce je z\u0159ejm\u011b nepolep\u0161iteln\u00fd. Jako laik si mysl\u00edm, \u017ee je na \u010dase zbavit jej kone\u010dn\u011b p\u0159\u00edle\u017eitosti ubli\u017eovat lidem (i nepravomocn\u011b odsouzen\u00ed jsou p\u0159ece jen lid\u00e9). Nejlep\u0161\u00edm \u0159e\u0161en\u00edm by bylo odsouzen\u00ed k\u00e1rn\u00fdm soudem ke ztr\u00e1t\u011b tal\u00e1ru.<\/p>\n<p>Proto jsem ji\u017e v z\u00e1\u0159\u00ed r. 2022 oslovil jak p\u0159edsedu Krajsk\u00e9ho soudu Brno Milana \u010ce\u010dotku, tak ministra spravedlnosti Pavla Bla\u017eka podn\u011btem k pod\u00e1n\u00ed k\u00e1rn\u00e9 \u017ealoby. Pozd\u011bji jsem je oslovil znova. Ale ni\u010deho jsem nedos\u00e1hl. Oba k\u00e1rn\u00ed \u017ealobci provinilce h\u00e1jili. Nen\u00ed to p\u0159esn\u00e9: h\u00e1jil ho pan p\u0159edseda soudu a minister\u0161t\u00ed \u00fa\u0159edn\u00edci, kte\u0159\u00ed nemaj\u00ed k\u00e1rnou pravomoc.<\/p>\n<p>P\u0159ipou\u0161t\u00edm, \u017ee k\u00e1rn\u00ed \u017ealobci mo\u017en\u00e1 necht\u011bli soudce Ale\u0161e Novotn\u00e9ho ru\u0161it p\u0159i tvo\u0159en\u00ed p\u00edsemn\u00e9ho vyhotoven\u00ed. Dnes je kone\u010dn\u011b hotovo a nic nebr\u00e1n\u00ed tomu, aby se vzmu\u017eili a p\u0159edlo\u017eili mu \u00fa\u010det za nezp\u016fsobilost dodat p\u00edsemn\u00e9 vyhotoven\u00ed v p\u0159ijateln\u00e9 lh\u016ft\u011b. M\u011bli by p\u0159i tom p\u0159ihl\u00e9dnout k nerovnosti postaven\u00ed ob\u017ealovan\u00fdch, kte\u0159\u00ed po 16 m\u011bs\u00edc\u00edch \u010dek\u00e1n\u00ed budou muset podat odvol\u00e1n\u00ed do 8 dn\u016f od doru\u010den\u00ed p\u00edsemn\u00e9ho vyhotoven\u00ed rozsudku. P\u0159\u00edstup k\u00e1rn\u00fdch \u017ealobc\u016f k jeho chov\u00e1n\u00ed budu se z\u00e1jmem sledovat.<\/p>\n<p>Z jin\u00e9ho soudku: pokud \u017ealobce nab\u00edzel ods. Eli\u0161ce O. podm\u00edn\u011bn\u00fd trest, p\u0159istoup\u00ed-li na dohodu o vin\u011b a trestu, jej\u00ed provin\u011bn\u00ed asi nen\u00ed p\u0159\u00edli\u0161 z\u00e1va\u017en\u00e9. Za t\u011bchto okolnost\u00ed soud\u00edm, \u017ee odtrhnout trestem dv\u011b mal\u00e9 d\u011bti na 8 let od matky je barbarstv\u00ed. Napadlo m\u011b, \u017ee by je p\u0159ed t\u00edmto osudem mohl ochr\u00e1nit prezident republiky Milo\u0161 Zeman ud\u011blen\u00edm milosti. Proto jsem jej p\u00edsemn\u011b oslovil dne 3. \u00fanora 2023. Nedostal jsem ale ani potvrzen\u00ed o doru\u010den\u00ed pod\u00e1n\u00ed. Prezident, kter\u00fd se slitoval nad Ji\u0159\u00edm Kaj\u00ednkem, se nad dv\u011bma mal\u00fdmi d\u011btmi z\u0159ejm\u011b neslituje. A kdov\u00ed, zda mu hradn\u00ed \u00fa\u0159edn\u00edci m\u00e9 pod\u00e1n\u00ed v\u016fbec p\u0159edlo\u017eili.<\/p>\n<p>Dod\u00e1v\u00e1m, \u017ee jsem b\u011bhem n\u011bkolikalet\u00e9ho procesu vid\u011bl opakovan\u011b Eli\u0161ku O. vystupovat p\u0159ed soudem, ale nikdy jsem s n\u00ed nemluvil. Je to pro mne ciz\u00ed osoba. P\u0159esto lituji jej\u00ed d\u011bti.<\/p>\n<p><strong>Zden\u011bk Jemel\u00edk<\/strong><\/p>\n<p><img decoding=\"async\" loading=\"lazy\" class=\"alignnone size-medium wp-image-357\" src=\"http:\/\/www.infokuryr.cz\/n\/wp-content\/uploads\/2021\/04\/Jemelik-u-soudu-300x145.jpeg\" alt=\"\" width=\"300\" height=\"145\" srcset=\"https:\/\/www.infokuryr.cz\/n\/wp-content\/uploads\/2021\/04\/Jemelik-u-soudu-300x145.jpeg 300w, https:\/\/www.infokuryr.cz\/n\/wp-content\/uploads\/2021\/04\/Jemelik-u-soudu.jpeg 320w\" sizes=\"(max-width: 300px) 100vw, 300px\" \/><\/p>\n<p>_____________________________<\/p>\n<p>&nbsp;<\/p>\n<p>&nbsp;<\/p>\n<p><img decoding=\"async\" loading=\"lazy\" class=\"wp-image-19187 aligncenter\" src=\"http:\/\/www.infokuryr.cz\/n\/wp-content\/uploads\/2022\/12\/1-PRO-300x36.jpg\" alt=\"\" width=\"1117\" height=\"134\" srcset=\"https:\/\/www.infokuryr.cz\/n\/wp-content\/uploads\/2022\/12\/1-PRO-300x36.jpg 300w, https:\/\/www.infokuryr.cz\/n\/wp-content\/uploads\/2022\/12\/1-PRO.jpg 699w\" sizes=\"(max-width: 1117px) 100vw, 1117px\" \/><\/p>\n<p>&nbsp;<\/p>\n<p>&nbsp;<\/p>\n<p><img decoding=\"async\" loading=\"lazy\" class=\"wp-image-22607 aligncenter\" src=\"http:\/\/www.infokuryr.cz\/n\/wp-content\/uploads\/2023\/02\/cesko_proti_bide-239x300.png\" alt=\"\" width=\"646\" height=\"811\" srcset=\"https:\/\/www.infokuryr.cz\/n\/wp-content\/uploads\/2023\/02\/cesko_proti_bide-239x300.png 239w, https:\/\/www.infokuryr.cz\/n\/wp-content\/uploads\/2023\/02\/cesko_proti_bide-816x1024.png 816w, https:\/\/www.infokuryr.cz\/n\/wp-content\/uploads\/2023\/02\/cesko_proti_bide-768x964.png 768w, https:\/\/www.infokuryr.cz\/n\/wp-content\/uploads\/2023\/02\/cesko_proti_bide.png 846w\" sizes=\"(max-width: 646px) 100vw, 646px\" \/><\/p>\n<p>&nbsp;<\/p>\n<p>&nbsp;<\/p>\n","protected":false},"excerpt":{"rendered":"<p>V p\u00e1tek 24. \u00fanora 2023 do\u0161lo k pam\u011btihodn\u00e9 ud\u00e1losti: Krajsk\u00fd soud Brno rozeslal ob\u017ealovan\u00fdm p\u00edsemn\u00e9&#8230;<\/p>\n","protected":false},"author":2,"featured_media":22411,"comment_status":"closed","ping_status":"closed","sticky":false,"template":"","format":"standard","meta":[],"categories":[6],"tags":[33,29,520,324],"_links":{"self":[{"href":"https:\/\/www.infokuryr.cz\/n\/wp-json\/wp\/v2\/posts\/23668"}],"collection":[{"href":"https:\/\/www.infokuryr.cz\/n\/wp-json\/wp\/v2\/posts"}],"about":[{"href":"https:\/\/www.infokuryr.cz\/n\/wp-json\/wp\/v2\/types\/post"}],"author":[{"embeddable":true,"href":"https:\/\/www.infokuryr.cz\/n\/wp-json\/wp\/v2\/users\/2"}],"replies":[{"embeddable":true,"href":"https:\/\/www.infokuryr.cz\/n\/wp-json\/wp\/v2\/comments?post=23668"}],"version-history":[{"count":0,"href":"https:\/\/www.infokuryr.cz\/n\/wp-json\/wp\/v2\/posts\/23668\/revisions"}],"wp:featuredmedia":[{"embeddable":true,"href":"https:\/\/www.infokuryr.cz\/n\/wp-json\/wp\/v2\/media\/22411"}],"wp:attachment":[{"href":"https:\/\/www.infokuryr.cz\/n\/wp-json\/wp\/v2\/media?parent=23668"}],"wp:term":[{"taxonomy":"category","embeddable":true,"href":"https:\/\/www.infokuryr.cz\/n\/wp-json\/wp\/v2\/categories?post=23668"},{"taxonomy":"post_tag","embeddable":true,"href":"https:\/\/www.infokuryr.cz\/n\/wp-json\/wp\/v2\/tags?post=23668"}],"curies":[{"name":"wp","href":"https:\/\/api.w.org\/{rel}","templated":true}]}}