{"id":23666,"date":"2023-02-28T07:20:07","date_gmt":"2023-02-28T06:20:07","guid":{"rendered":"http:\/\/www.infokuryr.cz\/n\/?p=23666"},"modified":"2023-02-28T07:20:08","modified_gmt":"2023-02-28T06:20:08","slug":"jiri-vasko-kde-blb-tam-nebezpecno-aneb-komu-zvoni-hrana","status":"publish","type":"post","link":"https:\/\/www.infokuryr.cz\/n\/2023\/02\/28\/jiri-vasko-kde-blb-tam-nebezpecno-aneb-komu-zvoni-hrana\/","title":{"rendered":"Ji\u0159\u00ed Va\u0161ko: Kde blb, tam nebezpe\u010dno &#8230; aneb Komu zvon\u00ed hrana"},"content":{"rendered":"<div id=\"fb-root\"><\/div>\n<section class=\"perex\"><strong>Blbci d\u011blaj\u00ed z lid\u00ed blbce a jen blbci ze sebe nechaj\u00ed d\u011blat blbce. Bylo by a je to k sm\u00edchu, kdyby to nebylo k pl\u00e1\u010di p\u0159i pohledu na sou\u010dasn\u00e9 d\u011bn\u00ed ve sv\u011bt\u011b.<\/strong><\/p>\n<\/section>\n<section class=\"clanek-obsah\">\u201eKdo nejde s n\u00e1mi, jde proti n\u00e1m\u201c. Tento v\u00fdrok, kter\u00fd se v r\u016fzn\u00fdch obdob\u00e1ch st\u00e1le \u010dast\u011bji zejm\u00e9na na Z\u00e1pad\u011b objevuje i dnes, v 50. letech minul\u00e9ho stolet\u00ed pou\u017e\u00edval u n\u00e1s nechvaln\u011b zn\u00e1m\u00fd v\u016fdce KS\u010c Klement Gottwald. Paradoxem je, \u017ee takov\u00fd v\u00fdrok ji\u017e d\u00e1vno p\u0159ed n\u00edm pronesl n\u011bmeck\u00fd sudetsk\u00fd politik a pozd\u011bj\u0161\u00ed st\u00e1tn\u00ed ministr pro Protektor\u00e1t \u010cechy a Morava Karl Hermann Frank: \u201ePo\u0159\u00e1dek tentokr\u00e1t ud\u011bl\u00e1me my\u2026 Od nyn\u011bj\u0161ka bude bez jak\u00e9koliv v\u00fdstrahy jedn\u00e1no nejost\u0159ej\u0161\u00edmi prost\u0159edky. Kdo nen\u00ed s n\u00e1mi, je proti n\u00e1m. Kdo je proti n\u00e1m, bude rozdrcen.\u201c<\/p>\n<p>Zat\u00edmco nacista Frank byl krajn\u011b nebezpe\u010dn\u00fd blbec, komunista Gottwald byl velk\u00fd blbec, \u017ee to po n\u011bm, i kdy\u017e v mnohem m\u00edrn\u011bj\u0161\u00ed form\u011b, opakoval.<\/p>\n<p>A jako nebezpe\u010dn\u00ed a v\u016f\u010di cel\u00e9mu sv\u011btu nezodpov\u011bdn\u00ed blbci se dnes, jak lze pozorovat, chovaj\u00ed i n\u011bkte\u0159\u00ed vysoc\u00ed \u010dinitel\u00e9 v USA i v Evrop\u011b. Neboj\u00ed se, \u017ee budou rovn\u011b\u017e p\u0159irovn\u00e1v\u00e1ni k nacist\u016fm a obvi\u0148ov\u00e1ni z pokusu o recidivu fa\u0161ismu, o \u010dem\u017e ji\u017e sv\u011bd\u010d\u00ed nap\u0159\u00edklad ud\u00e1losti od roku 2014 na Ukrajin\u011b s banderovsk\u00fdmi a nacistick\u00fdmi symboly, vlajkami a hajlov\u00e1n\u00edm?<\/p>\n<p>V\u0161ichni c\u00edt\u00edme, \u017ee sv\u011bt se pot\u00fdk\u00e1 s nejr\u016fzn\u011bj\u0161\u00edmi krizemi \u2013 hospod\u00e1\u0159sk\u00fdmi, ekologick\u00fdmi, n\u00e1bo\u017eensk\u00fdmi, migra\u010dn\u00edmi, epidemiologick\u00fdmi\u2026. Nem\u011bli bychom tedy b\u00fdt rozumn\u00ed, dr\u017eet pospolu a ned\u011blat blbosti v\u010detn\u011b provokov\u00e1n\u00ed a podporov\u00e1n\u00ed p\u0159evrat\u016f \u010di v\u00e1lek s c\u00edlem prosazovat egoistick\u00e9 z\u00e1jmy a c\u00edle jedn\u011bch na \u00fakor jin\u00fdch?<\/p>\n<p>Nebylo by rozumn\u011bj\u0161\u00ed se zbavit mnohdy um\u011ble \u0161\u00ed\u0159en\u00e9 zloby a nen\u00e1visti zejm\u00e9na k Rusku, kterou mnoz\u00ed lid\u00e9 i n\u00e1rody ch\u00e1pou jako psychologickou p\u0159\u00edpravu k velk\u00e9 v\u00e1lce, a vr\u00e1tit se k pragmatick\u00e9 z\u00e1sad\u011b, \u017ee i kdy\u017e n\u011bkdo nesd\u00edl\u00ed v\u0161echny na\u0161e hodnoty a nemus\u00edme ho m\u00edt r\u00e1di, m\u016f\u017eeme s n\u00edm m\u00edt pragmatick\u00e9 vztahy, spolupracovat a \u017e\u00edt v m\u00edru? Zbyte\u010dn\u011b si ned\u011blat nep\u0159\u00e1tele tam, kde jsme je nem\u011bli a nem\u00e1me. V\u017edy\u0165 i v geopolitice by m\u011blo platit, \u017ee soupe\u0159en\u00ed je jen soupe\u0159en\u00ed, neznamen\u00e1 nen\u00e1vist a zab\u00edjen\u00ed.<\/p>\n<p>Rozd\u00edl mezi pouh\u00fdmi hlup\u00e1ky a blbci velmi p\u0159esn\u011b definoval \u010desk\u00fd filmov\u00fd teoretik Jaroslav Bo\u010dek (1932-2003): \u201eBlbost a hloupost nejsou synonyma. Hloupost je pasivn\u00ed. Je v n\u00ed cosi ne\u010dinn\u00e9ho a l\u00edn\u00e9ho. Blbost je aktivn\u00ed, \u010dinorod\u00e1. R\u00e1da se zaskv\u00ed spole\u010denskou anga\u017eovanost\u00ed. Blbov\u00e9 jsou proto nebezpe\u010dn\u011bj\u0161\u00ed ne\u017e hlup\u00e1ci\u201c.<\/p>\n<p>\u010cesk\u00fd klasik Jan Werich (1905-1980) m\u011bl podobn\u00fd n\u00e1zor: \u201eKolikr\u00e1t jsme se u\u017e p\u0159esv\u011bd\u010dili, \u017ee kde stranick\u00fd blb, tam je v\u017edy nebezpe\u010dno. A aktivn\u00ed blbec \u2014 ten je hor\u0161\u00ed ne\u017e ciz\u00ed, p\u0159\u00edpadn\u011b i t\u0159\u00eddn\u00ed nep\u0159\u00edtel.\u201c<\/p>\n<p>S blbost\u00ed politik\u016f a nejen jich, se ov\u0161em setk\u00e1v\u00e1me i jinak a jinde. Nedopustila se z\u0159ejm\u011b ji\u017e nenapraviteln\u00e9 blbosti n\u011bmeck\u00e1 kancl\u00e9\u0159ka Angela Merkelov\u00e1, kdy\u017e na jej\u00ed pozv\u00e1n\u00ed dodnes nejen N\u011bmecko, ale i dal\u0161\u00ed evropsk\u00e9 st\u00e1ty zaplavuj\u00ed neleg\u00e1ln\u00ed imigranti?<\/p>\n<p>Nezblbla komise norsk\u00e9ho parlamentu, kdy\u017e ud\u011blila Nobelovu cenu za m\u00edr americk\u00e9mu prezidentovi Baracku Obamovi, kter\u00fd byl jedn\u00edm z inici\u00e1tor\u016f v\u00e1lky v Afgh\u00e1nist\u00e1nu a podporoval ozbrojen\u00e9 akce a hrub\u00fd n\u00e1tlak USA i v jin\u00fdch st\u00e1tech, a komise t\u00edm velmi po\u0161kodila d\u0159\u00edv\u011bj\u0161\u00ed presti\u017e Nobelovy ceny?<\/p>\n<p>A ani sou\u010dasn\u00ed ameri\u010dt\u00ed i jin\u00ed z\u00e1padn\u00ed politici z\u0159ejm\u011b nestudovali francouzsk\u00e9ho filozofa Michela de Montaigna (1533-1592) a jeho v\u00fdrok, \u017ee \u201esve\u0159epost a zarytost je nejjist\u011bj\u0161\u00ed d\u016fkaz hlouposti\u201c a jsou ve sv\u00e9m kon\u00e1n\u00ed rovn\u011b\u017e sve\u0159ep\u00ed a zaryt\u00ed \u2013 nap\u0159\u00edklad v rusofobii\u2026<\/p>\n<p>Nen\u00ed blbost z\u00e1padn\u00edch st\u00e1t\u016f v \u010dele s USA vyhla\u0161ovat pod nejr\u016fzn\u011bj\u0161\u00edmi z\u00e1minkami st\u00e1le nov\u00e9 a nov\u00e9 sankce, kter\u00e9 sankcionovan\u00e9 zem\u011b sice mohou kr\u00e1tkodob\u011b po\u0161kodit, ale naopak je sp\u00ed\u0161e pos\u00edl\u00ed? A v d\u016fsledku nakonec po\u0161kod\u00ed a u\u017e i po\u0161kozuj\u00ed i ty, kdo je vyhla\u0161uj\u00ed \u2013 mj. Evropu?<\/p>\n<p>A nen\u00ed snad ta nejv\u011bt\u0161\u00ed a nebezpe\u010dn\u00e1 blbost pokra\u010dovat v provokov\u00e1n\u00ed velk\u00e9 v\u00e1lky, kter\u00e1 se nyn\u00ed v omezen\u00e9 m\u00ed\u0159e bohu\u017eel odehr\u00e1v\u00e1 na Ukrajin\u011b s c\u00edlem oslabit Rusko, rozparcelovat ho na mal\u00e9 st\u00e1te\u010dky a z\u00edskat \u201eza hubi\u010dku\u201c jeho bohat\u00e9 zdroje \u2013 jak se o tom mj. v USA ji\u017e ve\u0159ejn\u011b mluv\u00ed a \u010deho se Rusko po d\u0159\u00edv\u011bj\u0161\u00edch zku\u0161enostech ob\u00e1v\u00e1? V\u017edy\u0165 ji\u017e \u010desk\u00e1 roda\u010dka Madeleine Albrightov\u00e1 v dob\u011b sv\u00e9 funkce ministryn\u011b zahrani\u010d\u00ed USA, otev\u0159en\u011b prohla\u0161ovala, \u017ee \u201eRusko je p\u0159\u00edli\u0161 bohat\u00e9 a mus\u00ed se o toto bohatstv\u00ed rozd\u011blit\u201c.<\/p>\n<p>O dobyt\u00ed Ruska a jeho bohatstv\u00ed se v minulosti pokou\u0161eli i Napoleon \u010di Hitler. Zahynuly p\u0159itom a doznaly velk\u00e9ho utrpen\u00ed miliony nevinn\u00fdch lid\u00ed mnoha n\u00e1rod\u016f zata\u017een\u00fdch do t\u011bchto dobyva\u010dn\u00fdch \u201eDrang nach Osten\u201c. A oba p\u00e1nov\u00e9 i jejich kohorty podporovatel\u016f skon\u010dili, jak u\u010d\u00ed d\u011bjiny, velmi neslavn\u011b.<\/p>\n<p>A ,i kdy\u017e opravdu nikomu nep\u0159eji nic zl\u00e9ho, vypad\u00e1 to tak, \u017ee podobn\u011b neslavn\u011b skon\u010d\u00ed i sou\u010dasn\u00ed z\u00e1padn\u00ed dobyvatel\u00e9, jak to st\u00e1le d\u016frazn\u011bji p\u0159edpov\u00edd\u00e1 mj. dob\u0159e informovan\u00fd a jeden z nejzku\u0161en\u011bj\u0161\u00edch \u0161\u00e9f\u016f izraelsk\u00fdch tajn\u00fdch slu\u017eeb Jakov Kedmi.<\/p>\n<p>Star\u00e9 rusk\u00e9 p\u0159\u00edslov\u00ed prav\u00ed, \u017ee \u201eblbec na blbci jede, blbost je popoh\u00e1n\u00ed\u201c. Kdy\u017e vid\u00edme, jak jeden takov\u00fd politik \u010di aktivista podporuje druh\u00e9ho a vz\u00e1jemn\u011b papou\u0161kuj\u00ed nau\u010den\u00e9 fr\u00e1ze a floskule, je toto p\u0159\u00edslov\u00ed z\u0159ejm\u011b pravdiv\u00e9.<\/p>\n<p>Probl\u00e9m je, co s t\u00edm. Moudrou radu m\u00e1 \u010desk\u00fd b\u00e1sn\u00edk a l\u00e9ka\u0159 Miroslav Holub (1923-1998): \u201eBoj proti blbosti se \u0159\u00edd\u00ed 3. termodynamick\u00fdm z\u00e1konem. Ned\u00e1 se vyhr\u00e1t, prohr\u00e1t, remizovat, ale nesm\u00ed se z boje odej\u00edt\u201c.<\/p>\n<p><a href=\"https:\/\/zvedavec.news\/prispevky\/2023\/02\/9563-kde-blb-tam-nebezpecno.htm\">PhDr. Ji\u0159\u00ed Va\u0161ko<\/a><\/p>\n<\/section>\n<p>&nbsp;<\/p>\n<p><img decoding=\"async\" loading=\"lazy\" class=\"wp-image-19187 aligncenter\" src=\"http:\/\/www.infokuryr.cz\/n\/wp-content\/uploads\/2022\/12\/1-PRO-300x36.jpg\" alt=\"\" width=\"1125\" height=\"135\" srcset=\"https:\/\/www.infokuryr.cz\/n\/wp-content\/uploads\/2022\/12\/1-PRO-300x36.jpg 300w, https:\/\/www.infokuryr.cz\/n\/wp-content\/uploads\/2022\/12\/1-PRO.jpg 699w\" sizes=\"(max-width: 1125px) 100vw, 1125px\" \/><\/p>\n<p>&nbsp;<\/p>\n<p>&nbsp;<\/p>\n<p>&nbsp;<\/p>\n<p><img decoding=\"async\" loading=\"lazy\" class=\"wp-image-22607 aligncenter\" src=\"http:\/\/www.infokuryr.cz\/n\/wp-content\/uploads\/2023\/02\/cesko_proti_bide-239x300.png\" alt=\"\" width=\"654\" height=\"821\" srcset=\"https:\/\/www.infokuryr.cz\/n\/wp-content\/uploads\/2023\/02\/cesko_proti_bide-239x300.png 239w, https:\/\/www.infokuryr.cz\/n\/wp-content\/uploads\/2023\/02\/cesko_proti_bide-816x1024.png 816w, https:\/\/www.infokuryr.cz\/n\/wp-content\/uploads\/2023\/02\/cesko_proti_bide-768x964.png 768w, https:\/\/www.infokuryr.cz\/n\/wp-content\/uploads\/2023\/02\/cesko_proti_bide.png 846w\" sizes=\"(max-width: 654px) 100vw, 654px\" \/><\/p>\n<p>&nbsp;<\/p>\n","protected":false},"excerpt":{"rendered":"<p>Blbci d\u011blaj\u00ed z lid\u00ed blbce a jen blbci ze sebe nechaj\u00ed d\u011blat blbce. Bylo by&#8230;<\/p>\n","protected":false},"author":2,"featured_media":23038,"comment_status":"closed","ping_status":"closed","sticky":false,"template":"","format":"standard","meta":[],"categories":[6],"tags":[29,794,122],"_links":{"self":[{"href":"https:\/\/www.infokuryr.cz\/n\/wp-json\/wp\/v2\/posts\/23666"}],"collection":[{"href":"https:\/\/www.infokuryr.cz\/n\/wp-json\/wp\/v2\/posts"}],"about":[{"href":"https:\/\/www.infokuryr.cz\/n\/wp-json\/wp\/v2\/types\/post"}],"author":[{"embeddable":true,"href":"https:\/\/www.infokuryr.cz\/n\/wp-json\/wp\/v2\/users\/2"}],"replies":[{"embeddable":true,"href":"https:\/\/www.infokuryr.cz\/n\/wp-json\/wp\/v2\/comments?post=23666"}],"version-history":[{"count":0,"href":"https:\/\/www.infokuryr.cz\/n\/wp-json\/wp\/v2\/posts\/23666\/revisions"}],"wp:featuredmedia":[{"embeddable":true,"href":"https:\/\/www.infokuryr.cz\/n\/wp-json\/wp\/v2\/media\/23038"}],"wp:attachment":[{"href":"https:\/\/www.infokuryr.cz\/n\/wp-json\/wp\/v2\/media?parent=23666"}],"wp:term":[{"taxonomy":"category","embeddable":true,"href":"https:\/\/www.infokuryr.cz\/n\/wp-json\/wp\/v2\/categories?post=23666"},{"taxonomy":"post_tag","embeddable":true,"href":"https:\/\/www.infokuryr.cz\/n\/wp-json\/wp\/v2\/tags?post=23666"}],"curies":[{"name":"wp","href":"https:\/\/api.w.org\/{rel}","templated":true}]}}