{"id":23660,"date":"2023-02-28T07:01:48","date_gmt":"2023-02-28T06:01:48","guid":{"rendered":"http:\/\/www.infokuryr.cz\/n\/?p=23660"},"modified":"2023-02-28T07:01:48","modified_gmt":"2023-02-28T06:01:48","slug":"michailo-podoljak-priznal-reporterce-deutsche-welle-proc-ukrajina-zavrela-hranice-pro-ukrajinske-muze","status":"publish","type":"post","link":"https:\/\/www.infokuryr.cz\/n\/2023\/02\/28\/michailo-podoljak-priznal-reporterce-deutsche-welle-proc-ukrajina-zavrela-hranice-pro-ukrajinske-muze\/","title":{"rendered":"Michailo Podoljak p\u0159iznal report\u00e9rce Deutsche Welle, pro\u010d Ukrajina zav\u0159ela hranice pro ukrajinsk\u00e9 mu\u017ee"},"content":{"rendered":"<div id=\"fb-root\"><\/div>\n<h4>Michailo Podoljak p\u0159iznal report\u00e9rce Deutsche Welle, pro\u010d Ukrajina zav\u0159ela hranice pro ukrajinsk\u00e9 mu\u017ee, proto\u017ee necht\u011bj\u00ed u\u010dinit specificky mu\u017esk\u00e9 rozhodnut\u00ed a dobrovoln\u011b padnout na Donbasu za Ukrajinu! Ukrajinec, kter\u00fd pou\u017e\u00edval v \u010cR fale\u0161n\u00fd bulharsk\u00fd pas, dostal za brut\u00e1ln\u00ed vra\u017edu jin\u00e9ho Ukrajince v Brn\u011b od \u010desk\u00e9ho soudu jenom 8 let, proto\u017ee vy\u0161\u0161\u00ed trest by vrhl na ukrajinsk\u00e9 uprchl\u00edky v \u010cR p\u0159edsude\u010dn\u00e9 a negativn\u00ed sv\u011btlo, napsal n\u00e1m do redakce zdroj z okruhu vy\u0161et\u0159ov\u00e1n\u00ed! Je na\u010dase pomoci Ukrajin\u011b mobilizovat ukrajinsk\u00e9 mu\u017ee ukryt\u00e9 v \u010cR!<\/h4>\n<p>Poradce ukrajinsk\u00e9ho prezidenta Volodymyra Zelensk\u00e9ho \u0161el do sebe a narovinu report\u00e9rce Deutsche Welle vysv\u011btlil, pro\u010d Ukrajina zav\u0159ela hranice pro ukrajinsk\u00e9 mu\u017ee a nesm\u00ed opustit Ukrajinu. Je to pr\u00fd kv\u016fli tomu, \u017ee\u00a0<strong>v dob\u011b v\u00e1lky mus\u00ed mu\u017ei z\u016fstat doma a nastoupit k obran\u011b vlasti a b\u00fdt p\u0159ipraveni p\u0159ijmout specificky mu\u017esk\u00e9 rozhodnut\u00ed, \u010d\u00edm\u017e m\u011bl Michailo Podoljak na mysli rozhodnut\u00ed b\u00fdt p\u0159ipraven polo\u017eit \u017eivot za vlast na front\u011b na Donbasu.<\/strong><\/p>\n<p>Pokud n\u011bkdo je mu\u017e a v dob\u011b v\u00e1lky se sna\u017e\u00ed p\u0159ekro\u010dit hranice, tak t\u00edm pr\u00fd d\u00e1v\u00e1 najevo, co je za\u010d a ve skute\u010dnosti mu v\u016fbec nez\u00e1le\u017e\u00ed na tom, jestli Ukrajina p\u0159e\u017eije, nebo p\u0159estane existovat. Je to v\u016fbec poprv\u00e9, co vysok\u00fd p\u0159edstavitel Ukrajiny takto otev\u0159en\u011b p\u0159iznal situaci, pro\u010d jsou zav\u0159en\u00e9 hranice, proto\u017ee Ukrajina m\u00e1 akutn\u00ed nedostatek mu\u017e\u016f na front\u011b. Rusov\u00e9 toti\u017e Ukrajinc\u016fm u\u017e podle posledn\u00edch informac\u00ed pozab\u00edjeli na 500 000 ukrajinsk\u00fdch mu\u017e\u016f.<\/p>\n<p>&nbsp;<\/p>\n<div id=\"rumble_v28lfi6\">\n<div id=\"vid_v28lfi6\" class=\"rumble_v28lfi6-Rumble-cls\" tabindex=\"-1\">\n<div class=\"bigPlayUI ctp\">\n<div class=\"bigPlayUIInner ctp\"><div class='videoWrapper'>\r\n\t            <iframe src='https:\/\/rumble.com\/embed\/pj.v28lfi6\/' frameborder='0' allowfullscreen><\/iframe>\r\n\t        <\/div><\/div>\n<\/div>\n<\/div>\n<\/div>\n<p>&nbsp;<\/p>\n<p>Ano, p\u016fl milionu Ukrajinc\u016f ji\u017e podle Vladimira Solovjova padlo na front\u011b, podle informac\u00ed rusk\u00e9 vojensk\u00e9 rozv\u011bdky GRU, kter\u00e1 sleduje ukrajinsk\u00e9 syst\u00e9my soci\u00e1ln\u00edho a zdravotn\u00edho poji\u0161t\u011bn\u00ed. Podle GRU pr\u00fd bylo zru\u0161eno p\u0159es p\u016fl milionu zdravotn\u00edch a soci\u00e1ln\u00edch pojistek, co\u017e se odehr\u00e1v\u00e1 pouze p\u0159i jedn\u00e9 jedin\u00e9 ud\u00e1losti na Ukrajin\u011b, p\u0159i \u00famrt\u00ed \u010dlov\u011bka. Pokud je \u010dlov\u011bk na\u017eivu a je na front\u011b, zdravotn\u00ed poji\u0161t\u011bn\u00ed plat\u00ed arm\u00e1da a voj\u00e1kovi b\u011b\u017e\u00ed i soci\u00e1ln\u00ed poji\u0161t\u011bn\u00ed kv\u016fli d\u016fchodu.<\/p>\n<p>Jakmile jsou \u00fa\u010dty uzav\u0159eny, znamen\u00e1 to, \u017ee osoba je po smrti. Donbas jsou hotov\u00e1 jatka, denn\u011b tam um\u00edr\u00e1 p\u0159es 3 000 ukrajinsk\u00fdch voj\u00e1k\u016f, ka\u017ed\u00fd den co den. Rusk\u00fd masov\u00fd velkoml\u00fdn po\u017e\u00edr\u00e1 celou ukrajinskou arm\u00e1du. Nen\u00ed proto divu, \u017ee do Evropy ut\u00edkaj\u00ed ukrajin\u0161t\u00ed mu\u017ei na\u010derno a pou\u017e\u00edvaj\u00ed k \u00fat\u011bku doklady ciz\u00edch evropsk\u00fdch st\u00e1t\u016f, aby se dostali z Ukrajiny. Jeden pas zem\u011b EU, obvykle rumunsk\u00fd, bulharsk\u00fd, ale i polsk\u00fd a \u010desk\u00fd stoj\u00ed 5 000 EUR.<\/p>\n<h6><span style=\"font-size: 18pt;\">Ukrajinec dostal za brut\u00e1ln\u00ed vra\u017edu v Brn\u011b jenom 8 let, ob\u011bti dupal po hlav\u011b, aby praskla jako o\u0159ech\u2026 vid\u011bl to pr\u00fd v jednom filmu na ukrajinsk\u00e9 televizi<\/span><\/h6>\n<p>Krajsk\u00fd soud v Brn\u011b vynesl\u00a0<strong>[<a href=\"https:\/\/href.li\/?https:\/\/www.novinky.cz\/clanek\/krimi-dvojice-cizincu-ukopala-v-brne-muze-uz-nikdy-nepujdu-do-klubu-rekl-obzalovany-40424049#dop_ab_variant=0&amp;dop_source_zone_name=novinky.sznhp.box&amp;source=hp&amp;seq_no=5&amp;amp\" target=\"_blank\" rel=\"nofollow noopener\">1<\/a>]<\/strong>\u00a0v pond\u011bl\u00ed rozsudek nad Ukrajincem, kter\u00fd vloni v dubnu na ja\u0159e zabil p\u0159ed barem v Brn\u011b jin\u00e9ho Ukrajince v poty\u010dce, kter\u00e1 p\u0159e\u0161la do surov\u00e9 rva\u010dky, kter\u00e1 nakonec skon\u010dila kop\u00e1n\u00edm a dokonce dup\u00e1n\u00edm po hlav\u011b druh\u00e9ho Ukrajince, kter\u00fd na n\u00e1sledky zran\u011bn\u00ed zem\u0159el.\u00a0Dmytro Mosiychuk dostal v pond\u011bl\u00ed u soudu 8 let v\u011bzen\u00ed, stejn\u011b jako jeho kump\u00e1n z Moldavska\u00a0Enric Revenco, kter\u00fd byl podle ob\u017ealoby hlavn\u00edm akt\u00e9rem incidentu. Ten byl v \u010cR pro zm\u011bnu na fale\u0161n\u00fd rumunsk\u00fd pas.<\/p>\n<p>A soud rozhodl takto m\u00edrn\u011b proto, \u017ee oba dva pr\u00fd projevili l\u00edtost.\u00a0\u201e<em>Dnes u\u017e t\u011b\u017eko zjist\u00edme, co kdo komu na za\u010d\u00e1tku \u0159ekl. Je pravda, \u017ee za\u010dal po\u0161kozen\u00fd a\u00a0po proti\u00fatoku Revenca spadl na zem. Do t\u00e9 doby to byla jen \u0161arv\u00e1tka. Co se stalo pot\u00e9, to u\u017e je tot\u00e1ln\u011b za hranou a\u00a0nasv\u011bd\u010duje to tot\u00e1ln\u00ed ne\u00fact\u011b k\u00a0lidsk\u00e9mu \u017eivotu.\u00a0<strong>Opakovan\u00e9 kopy veden\u00e9 velkou intenzitou, dup\u00e1n\u00ed na hlavu, jako by cht\u011bl roz\u0161l\u00e1pnout o\u0159ech. D\u011bs\u00ed m\u011b ta m\u00edra ignorace v\u016f\u010di hodnot\u011b lidsk\u00e9ho \u017eivota,<\/strong><\/em>\u201c zhodnotil \u00fatok \u017ealobce. N\u00ed\u017ee je ofici\u00e1ln\u00ed Twitter Raku\u0161anova vnitra zobrazuj\u00edc\u00ed po\u010det ud\u011blen\u00fdch azyl\u016f ukrajinsk\u00fdm azylant\u016fm. Vnitro ji\u017e p\u0159estalo sd\u011blovat po\u010dty v\u0161ech uprchl\u00edk\u016f z Ukrajiny v \u010cR a nov\u011b na Twitteru sd\u011bluje jen ud\u011blen\u00e9 azyly, co\u017e nen\u00ed tot\u00e9\u017e, to je mnohem men\u0161\u00ed \u010d\u00edslo.<\/p>\n<div class=\"twitter-tweet twitter-tweet-rendered\"><iframe id=\"twitter-widget-0\" class=\"\" title=\"Twitter Tweet\" src=\"https:\/\/platform.twitter.com\/embed\/Tweet.html?dnt=true&amp;embedId=twitter-widget-0&amp;features=eyJ0ZndfdGltZWxpbmVfbGlzdCI6eyJidWNrZXQiOltdLCJ2ZXJzaW9uIjpudWxsfSwidGZ3X2ZvbGxvd2VyX2NvdW50X3N1bnNldCI6eyJidWNrZXQiOnRydWUsInZlcnNpb24iOm51bGx9LCJ0ZndfdHdlZXRfZWRpdF9iYWNrZW5kIjp7ImJ1Y2tldCI6Im9uIiwidmVyc2lvbiI6bnVsbH0sInRmd19yZWZzcmNfc2Vzc2lvbiI6eyJidWNrZXQiOiJvbiIsInZlcnNpb24iOm51bGx9LCJ0ZndfbWl4ZWRfbWVkaWFfMTU4OTciOnsiYnVja2V0IjoidHJlYXRtZW50IiwidmVyc2lvbiI6bnVsbH0sInRmd19leHBlcmltZW50c19jb29raWVfZXhwaXJhdGlvbiI6eyJidWNrZXQiOjEyMDk2MDAsInZlcnNpb24iOm51bGx9LCJ0ZndfZHVwbGljYXRlX3NjcmliZXNfdG9fc2V0dGluZ3MiOnsiYnVja2V0Ijoib24iLCJ2ZXJzaW9uIjpudWxsfSwidGZ3X3ZpZGVvX2hsc19keW5hbWljX21hbmlmZXN0c18xNTA4MiI6eyJidWNrZXQiOiJ0cnVlX2JpdHJhdGUiLCJ2ZXJzaW9uIjpudWxsfSwidGZ3X2xlZ2FjeV90aW1lbGluZV9zdW5zZXQiOnsiYnVja2V0Ijp0cnVlLCJ2ZXJzaW9uIjpudWxsfSwidGZ3X3R3ZWV0X2VkaXRfZnJvbnRlbmQiOnsiYnVja2V0Ijoib24iLCJ2ZXJzaW9uIjpudWxsfX0%3D&amp;frame=false&amp;hideCard=false&amp;hideThread=false&amp;id=1630151817148465153&amp;lang=cs&amp;origin=https%3A%2F%2Faeronet.news%2Fvideo-michailo-podoljak-priznal-reporterce-deutsche-welle-proc-ukrajina-zavrela-hranice-pro-ukrajinske-muze-protoze-nechteji-ucinit-specificky-muzske-rozhodnuti-a-dobrovolne-padnout-na-donbasu%2F&amp;sessionId=d5090f713dcbab5f02b01ec9464ff9918fd20390&amp;theme=light&amp;widgetsVersion=aaf4084522e3a%3A1674595607486&amp;width=550px\" frameborder=\"0\" scrolling=\"no\" allowfullscreen=\"allowfullscreen\" data-tweet-id=\"1630151817148465153\" data-mce-fragment=\"1\"><\/iframe><\/div>\n<p>&nbsp;<\/p>\n<p>Do redakce se n\u00e1m ozval zdroj, kter\u00fd je prokazateln\u011b sezn\u00e1men\u00fd s vy\u0161et\u0159ov\u00e1n\u00edm tohoto p\u0159\u00edpadu v Brn\u011b, minim\u00e1ln\u011b podle specifick\u00fdch informac\u00ed a detail\u016f, kter\u00e9 n\u00e1m poskytl, p\u0159i\u010dem\u017e n\u00e1m sd\u011blil, \u017ee takto n\u00edzk\u00fd trest byl zjevn\u011b ulo\u017een kv\u016fli ve\u0159ejnosti, aby v\u00fd\u0161ka trestu nevrhla na ukrajinsk\u00e9 uprchl\u00edky v \u010cR medi\u00e1ln\u011b negativn\u00ed sv\u011btlo. N\u00e1\u0161 zdroj n\u00e1m sd\u011blil, \u017ee Mosiychuk b\u011bhem vy\u0161et\u0159ov\u00e1n\u00ed pr\u00fd uvedl, \u017ee na Ukrajin\u011b vid\u011bl sv\u00e9ho \u010dasu jak\u00fdsi ak\u010dn\u00ed film, \u017ee kdy\u017e se \u0161lape na hlavu, praskne jako o\u0159ech a ve vzteku b\u011bhem t\u00e9 rva\u010dky to cht\u011bl vyzkou\u0161et.<\/p>\n<p><strong>Ob\u011bma mu\u017e\u016fm hrozilo 16 let za brut\u00e1ln\u00ed vra\u017edu mimo\u0159\u00e1dn\u011b tr\u00fdzniv\u00fdm zp\u016fsobem, ale takov\u00fd trest by vrhl na Ukrajince v \u010cR stigma z p\u00e1ch\u00e1n\u00ed vysoce z\u00e1va\u017en\u00fdch zlo\u010din\u016f s velmi vysok\u00fdmi tresty.<\/strong>\u00a0Pr\u00e1v\u011b proto dostali jen polovinu, tedy 8 rok\u016f, co\u017e znamen\u00e1, \u017ee po dvou t\u0159etin\u00e1ch trestu si mohou za\u017e\u00e1dat o podm\u00edne\u010dn\u00e9 propu\u0161t\u011bn\u00ed. A vzhledem k tomu, \u017ee u\u017e jsou skoro rok ve vazb\u011b, tak si budou moci za\u017e\u00e1dat ji\u017e za t\u00e9m\u011b\u0159 4 roky o podm\u00ednku. Ukrajinec, kter\u00fd m\u00e1 tolik energie, \u017ee zabije jin\u00e9ho Ukrajince, by ur\u010dit\u011b m\u011bl plno sil, aby bojoval na front\u011b v \u0159ad\u00e1ch mobilizovan\u00fdch Ukrajinc\u016f.<\/p>\n<h6><span style=\"font-size: 18pt;\">Ukrajina pot\u0159ebuje mobilizovat Ukrajince uprchl\u00e9 p\u0159ed mobiliza\u010dn\u00ed povinnost\u00ed do EU, rozhodli jsme se Kyjevu pomoci<\/span><\/h6>\n<p>Napsali jsme tedy z redakce p\u0159\u00edmo Michailu Podoljakovi na adresu prezidentsk\u00e9 kancel\u00e1\u0159e v Kyjev\u011b a sd\u011blili jsme mu, \u017ee v \u010cesk\u00e9 republice je prakticky p\u016fl milionu Ukrajinc\u016f s azylem, kte\u0159\u00ed uprchli z Ukrajiny r\u016fzn\u00fdmi zp\u016fsoby, a \u017ee vl\u00e1da Petra Fialy by mohla Ukrajin\u011b pomoci mobilizovat uprchl\u00e9 ukrajinsk\u00e9 mu\u017ee v \u010cR.\u00a0<strong>Navrhli jsme Podoljakovi, aby \u00fast\u0159edn\u00ed vojensk\u00e1 spr\u00e1va AFU v Kyjev\u011b za pomoci \u010desk\u00e9ho ministerstva zahrani\u010d\u00ed doru\u010dovala mobiliza\u010dn\u00ed p\u0159edvol\u00e1nky ukrajinsk\u00fdm mu\u017e\u016fm na adresy v \u010cR<\/strong>, a to z hlediska brann\u00e9 povinnosti na Ukrajin\u011b, kter\u00e1 neumo\u017e\u0148uje jin\u00fdm zem\u00edm EU poskytovat azyly t\u011bmto mu\u017e\u016fm, nebo\u0165 spadaj\u00ed pod ukrajinskou brannou povinnost. Jedinou v\u00fdjimkou jsou mu\u017ei mlad\u0161\u00ed 18 let a star\u0161\u00ed 60 let na \u00fazem\u00ed Evropsk\u00e9 unie.<\/p>\n<figure id=\"attachment_54381\" class=\"wp-caption aligncenter\" style=\"width: 691px;\"><a href=\"https:\/\/aeronet.news\/wp-content\/uploads\/FialaTankPodpisUACZ.jpg\"><img decoding=\"async\" loading=\"lazy\" class=\"wp-image-54381 \" src=\"https:\/\/aeronet.news\/wp-content\/uploads\/FialaTankPodpisUACZ-1024x658.jpg\" sizes=\"(max-width: 700px) 100vw, 700px\" srcset=\"https:\/\/aeronet.news\/wp-content\/uploads\/FialaTankPodpisUACZ-1024x658.jpg 1024w, https:\/\/aeronet.news\/wp-content\/uploads\/FialaTankPodpisUACZ-300x193.jpg 300w, https:\/\/aeronet.news\/wp-content\/uploads\/FialaTankPodpisUACZ-768x494.jpg 768w, https:\/\/aeronet.news\/wp-content\/uploads\/FialaTankPodpisUACZ-700x450.jpg 700w, https:\/\/aeronet.news\/wp-content\/uploads\/FialaTankPodpisUACZ-100x65.jpg 100w, https:\/\/aeronet.news\/wp-content\/uploads\/FialaTankPodpisUACZ-555x357.jpg 555w, https:\/\/aeronet.news\/wp-content\/uploads\/FialaTankPodpisUACZ-751x483.jpg 751w, https:\/\/aeronet.news\/wp-content\/uploads\/FialaTankPodpisUACZ.jpg 1280w\" alt=\"\" width=\"691\" height=\"444\" \/><\/a><figcaption class=\"wp-caption-text\">Petr Fiala ji\u017e po\u017eehnal \u010desk\u00fdm tank\u016fm poslan\u00fdm na Ukrajinu. Te\u010f je pot\u0159eba, aby po\u017eehnal i ukrajinsk\u00fdm mu\u017e\u016fm v \u010cR, a\u017e p\u016fjdou jako mob\u00edci na frontu<\/figcaption><\/figure>\n<p>Rovn\u011b\u017e jsme Michaila Podoljaka upozornili, \u017ee podle na\u0161ich informac\u00ed \u010d\u00e1st Ukrajinc\u016f p\u0159ich\u00e1z\u00ed do EU na fale\u0161n\u00e9 doklady, a takov\u00fdm osob\u00e1m by m\u011bl b\u00fdt zem\u011bmi EU podle mezin\u00e1rodn\u00edch standard\u016f odm\u00edtnut azyl automaticky bez pardonu, proto\u017ee osoby cestuj\u00edc\u00ed na fale\u0161n\u00e9 doklady nelze pova\u017eovat za osoby, kter\u00e9 pot\u0159ebuj\u00ed azyl a mezin\u00e1rodn\u00ed ochranu. V\u00fd\u0161e uveden\u00fd p\u0159\u00edpad z Brna to pouze potvrzuje.<\/p>\n<p>Ukrajina pot\u0159ebuje mobilizovat tolik mu\u017e\u016f, kolik jich je k dispozici a v cel\u00e9 EU se odhaduje, \u017ee jsou a\u017e 3 miliony mu\u017e\u016f z Ukrajiny, kte\u0159\u00ed prokazateln\u011b spadaj\u00ed do mobiliza\u010dn\u00ed povinnosti. Je naprost\u00fd nesmysl, aby Fialova vl\u00e1da pos\u00edlala na Ukrajinu dal\u0161\u00ed zbran\u011b, kdy\u017e to hlavn\u00ed, co Ukrajin\u011b chyb\u00ed, tedy vojensk\u00fd mobilizovan\u00fd person\u00e1l, se nach\u00e1z\u00ed p\u0159\u00edmo v \u010cR a je mo\u017en\u00e9 ty mu\u017ee povolat a mobilizovat k n\u00e1stupu na frontu ihned.<\/p>\n<h6><span style=\"font-size: 18pt;\">Hrozba ned\u016fsledn\u011b kontrolovan\u00e9 migrace z Ukrajiny se st\u00e1v\u00e1 \u010dasovanou bezpe\u010dnostn\u00ed bombou v \u010cR, do zem\u011b cestuj\u00ed Ukrajinci na fale\u0161n\u00e9 doklady<\/span><\/h6>\n<p>Fialova vl\u00e1da chce ur\u010dit\u011b pom\u00e1hat Ukrajin\u011b, proto nal\u00e9hav\u011b\u00a0<strong>vyz\u00fdv\u00e1me Fialovu vl\u00e1du, aby zah\u00e1jila jedn\u00e1n\u00ed s ukrajinskou stranou o mo\u017enosti asistovan\u00e9 mobilizace ukrajinsk\u00fdch mu\u017e\u016f v \u010cR<\/strong>. Ukrajin\u011b to pom\u016f\u017ee a rovn\u011b\u017e to pom\u016f\u017ee i \u010cesk\u00e9 republice t\u00edm, \u017ee dojde ke sn\u00ed\u017een\u00ed objemu ukrajinsk\u00fdch uprchl\u00edk\u016f.\u00a0<strong>Pokud vl\u00e1da v Kyjev\u011b nechce jednat o m\u00edru, tak v tom p\u0159\u00edpad\u011b bude pot\u0159ebovat k dispozici v\u0161echny ukrajinsk\u00e9 mu\u017ee v Evrop\u011b, v cel\u00e9 EU.<\/strong>\u00a0A pr\u00e1v\u011b Fialova vl\u00e1da m\u00e1 mo\u017enost poslat Ukrajin\u011b nejen \u010desk\u00e9 zbran\u011b, ale i ukrajinsk\u00e9 mu\u017ee! P\u00e9\u0165o, to chce odvahu! Jdi do toho! Hodili jsme ti laso k Podoljakovi, tak se uka\u017e!<\/p>\n<figure id=\"attachment_52962\" class=\"wp-caption aligncenter\" style=\"width: 695px;\"><a href=\"https:\/\/aeronet.news\/wp-content\/uploads\/FialaPriorityMeme.jpg\"><img decoding=\"async\" loading=\"lazy\" class=\"wp-image-52962 \" src=\"https:\/\/aeronet.news\/wp-content\/uploads\/FialaPriorityMeme-1024x624.jpg\" sizes=\"(max-width: 700px) 100vw, 700px\" srcset=\"https:\/\/aeronet.news\/wp-content\/uploads\/FialaPriorityMeme-1024x624.jpg 1024w, https:\/\/aeronet.news\/wp-content\/uploads\/FialaPriorityMeme-300x183.jpg 300w, https:\/\/aeronet.news\/wp-content\/uploads\/FialaPriorityMeme-768x468.jpg 768w, https:\/\/aeronet.news\/wp-content\/uploads\/FialaPriorityMeme-700x427.jpg 700w, https:\/\/aeronet.news\/wp-content\/uploads\/FialaPriorityMeme-586x357.jpg 586w, https:\/\/aeronet.news\/wp-content\/uploads\/FialaPriorityMeme-793x483.jpg 793w, https:\/\/aeronet.news\/wp-content\/uploads\/FialaPriorityMeme.jpg 1280w\" alt=\"\" width=\"695\" height=\"424\" \/><\/a><figcaption class=\"wp-caption-text\">Petr Fiala mus\u00ed uk\u00e1zat odvahu a poslat ukrajinsk\u00e9 mu\u017ee z \u010cR do mobilizace na Ukrajin\u011b<\/figcaption><\/figure>\n<p>Stra\u0161liv\u00fd p\u0159\u00edpad z Brna potvrzuje obavy, o kter\u00fdch jsme psali u\u017e minul\u00fd rok na na\u0161em serveru. Uprchl\u00edci z Ukrajiny neproch\u00e1z\u00ed v \u010cR \u017e\u00e1dn\u00fdm d\u016fsledn\u00fdm\u00a0<em>background checkem<\/em>\u00a0a prov\u011b\u0159en\u00edm minulosti, n\u011bkte\u0159\u00ed z nich zjevn\u011b p\u0159ekra\u010duj\u00ed hranice na fale\u0161n\u00e9 pasy, aby je ukrajin\u0161t\u00ed celn\u00edci pustili, tak\u017ee se te\u010f pouze odkr\u00fdv\u00e1 a odhaluje, \u017ee v cel\u00e9 Evrop\u011b je te\u010f tak obrovsk\u00e1 potenci\u00e1ln\u00ed arm\u00e1da Ukrajinc\u016f vhodn\u00fdch k mobilizaci, \u017ee je p\u0159ekvapiv\u00e9, \u017ee politici v EU ml\u010d\u00ed a pos\u00edlaj\u00ed na Ukrajinu tanky s polsk\u00fdmi pos\u00e1dkami, houfnicov\u00e9 syst\u00e9my s n\u011bmeck\u00fdmi pos\u00e1dkami a na front\u011b bojuj\u00ed \u017eold\u00e1ci z cel\u00e9 Evropy, zat\u00edmco po EU se potuluj\u00ed miliony Ukrajinc\u016f, kter\u00e9 by Kyjev mohl okam\u017eit\u011b mobilizovat.<\/p>\n<p>Pro\u010d vl\u00e1da Petra Fialy nenab\u00eddne Zelensk\u00e9mu asistovan\u00e9 mobilizace Ukrajinc\u016f v \u010cR?\u00a0<strong>Z\u00e1stupci AFU by mohli v \u010cR z\u0159\u00eddit sv\u00e9 pobo\u010dky a deta\u0161ovan\u00e1 pracovi\u0161t\u011b a odv\u00e1d\u011bt Ukrajince p\u0159\u00edmo v \u010cR. Pokud Ukrajina nechce jednat o m\u00edru, mus\u00edme Ukrajin\u011b pomoci mobilizovat v\u0161echny ukrajinsk\u00e9 mu\u017ee v EU.<\/strong>\u00a0Bude je pot\u0159ebovat do stra\u0161liv\u00e9 a dlouhodob\u00e9 v\u00e1lky s Ruskem. A je lep\u0161\u00ed mobilizovat Ukrajince v EU na frontu na Donbas te\u010f, ne\u017e pozd\u011bji mobilizovat \u010desk\u00e9, slovensk\u00e9 a polsk\u00e9 mu\u017ee do v\u00e1lky na Ukrajin\u011b proto, \u017ee Ukrajin\u011b do\u0161lo na front\u011b maso do rusk\u00e9ho velkoml\u00fdna, zat\u00edmco miliony Ukrajinc\u016f se budou ukr\u00fdvat p\u0159ed mobilizac\u00ed v EU.<\/p>\n<p><a href=\"https:\/\/aeronet.news\/video-michailo-podoljak-priznal-reporterce-deutsche-welle-proc-ukrajina-zavrela-hranice-pro-ukrajinske-muze-protoze-nechteji-ucinit-specificky-muzske-rozhodnuti-a-dobrovolne-padnout-na-donbasu\/\">-VK- \u0160\u00e9fredaktor AE News<\/a><\/p>\n<p>&nbsp;<\/p>\n<p><img decoding=\"async\" loading=\"lazy\" class=\"wp-image-19187 aligncenter\" src=\"http:\/\/www.infokuryr.cz\/n\/wp-content\/uploads\/2022\/12\/1-PRO-300x36.jpg\" alt=\"\" width=\"1133\" height=\"136\" srcset=\"https:\/\/www.infokuryr.cz\/n\/wp-content\/uploads\/2022\/12\/1-PRO-300x36.jpg 300w, https:\/\/www.infokuryr.cz\/n\/wp-content\/uploads\/2022\/12\/1-PRO.jpg 699w\" sizes=\"(max-width: 1133px) 100vw, 1133px\" \/><\/p>\n<p>&nbsp;<\/p>\n<p>&nbsp;<\/p>\n<p><img decoding=\"async\" loading=\"lazy\" class=\"wp-image-22607 aligncenter\" src=\"http:\/\/www.infokuryr.cz\/n\/wp-content\/uploads\/2023\/02\/cesko_proti_bide-239x300.png\" alt=\"\" width=\"627\" height=\"787\" srcset=\"https:\/\/www.infokuryr.cz\/n\/wp-content\/uploads\/2023\/02\/cesko_proti_bide-239x300.png 239w, https:\/\/www.infokuryr.cz\/n\/wp-content\/uploads\/2023\/02\/cesko_proti_bide-816x1024.png 816w, https:\/\/www.infokuryr.cz\/n\/wp-content\/uploads\/2023\/02\/cesko_proti_bide-768x964.png 768w, https:\/\/www.infokuryr.cz\/n\/wp-content\/uploads\/2023\/02\/cesko_proti_bide.png 846w\" sizes=\"(max-width: 627px) 100vw, 627px\" \/><\/p>\n<p>&nbsp;<\/p>\n","protected":false},"excerpt":{"rendered":"<p>Michailo Podoljak p\u0159iznal report\u00e9rce Deutsche Welle, pro\u010d Ukrajina zav\u0159ela hranice pro ukrajinsk\u00e9 mu\u017ee, proto\u017ee necht\u011bj\u00ed&#8230;<\/p>\n","protected":false},"author":2,"featured_media":23661,"comment_status":"closed","ping_status":"closed","sticky":false,"template":"","format":"standard","meta":[],"categories":[6],"tags":[3422,1929,26,1635],"_links":{"self":[{"href":"https:\/\/www.infokuryr.cz\/n\/wp-json\/wp\/v2\/posts\/23660"}],"collection":[{"href":"https:\/\/www.infokuryr.cz\/n\/wp-json\/wp\/v2\/posts"}],"about":[{"href":"https:\/\/www.infokuryr.cz\/n\/wp-json\/wp\/v2\/types\/post"}],"author":[{"embeddable":true,"href":"https:\/\/www.infokuryr.cz\/n\/wp-json\/wp\/v2\/users\/2"}],"replies":[{"embeddable":true,"href":"https:\/\/www.infokuryr.cz\/n\/wp-json\/wp\/v2\/comments?post=23660"}],"version-history":[{"count":0,"href":"https:\/\/www.infokuryr.cz\/n\/wp-json\/wp\/v2\/posts\/23660\/revisions"}],"wp:featuredmedia":[{"embeddable":true,"href":"https:\/\/www.infokuryr.cz\/n\/wp-json\/wp\/v2\/media\/23661"}],"wp:attachment":[{"href":"https:\/\/www.infokuryr.cz\/n\/wp-json\/wp\/v2\/media?parent=23660"}],"wp:term":[{"taxonomy":"category","embeddable":true,"href":"https:\/\/www.infokuryr.cz\/n\/wp-json\/wp\/v2\/categories?post=23660"},{"taxonomy":"post_tag","embeddable":true,"href":"https:\/\/www.infokuryr.cz\/n\/wp-json\/wp\/v2\/tags?post=23660"}],"curies":[{"name":"wp","href":"https:\/\/api.w.org\/{rel}","templated":true}]}}