{"id":23652,"date":"2023-02-28T01:10:59","date_gmt":"2023-02-28T00:10:59","guid":{"rendered":"http:\/\/www.infokuryr.cz\/n\/?p=23652"},"modified":"2023-02-27T20:23:06","modified_gmt":"2023-02-27T19:23:06","slug":"petr-hannig-staci-cist-titulky-a-cloveku-zatrne-aneb-vitezny-leden","status":"publish","type":"post","link":"https:\/\/www.infokuryr.cz\/n\/2023\/02\/28\/petr-hannig-staci-cist-titulky-a-cloveku-zatrne-aneb-vitezny-leden\/","title":{"rendered":"Petr Hannig: Sta\u010d\u00ed \u010d\u00edst titulky a \u010dlov\u011bku zatrne aneb \u00bbV\u00edt\u011bzn\u00fd leden\u00ab"},"content":{"rendered":"<div id=\"fb-root\"><\/div>\n<p><strong>Jsem staromilec a sv\u00fdm zp\u016fsobem sv\u00fdm mal\u00fdm d\u00edlkem v\u017edy v pond\u011bl\u00ed, ve \u010dtvrtek a v sobotu, kdy si kupuji noviny, zachra\u0148uji zvyky konzervativn\u00ed \u010d\u00e1sti obyvatelstva, \u017ee ke sn\u00eddani pat\u0159\u00ed na st\u016fl krom\u011b vaj\u00ed\u010dek (co\u017e je dnes tak\u00e9 pomalu luxus), m\u00e1sla (za horentn\u00ed ceny), dobr\u00e9ho chleba a k\u00e1vy s ml\u00e9kem, i noviny.<\/strong><\/p>\n<p>Pro\u010d p\u00ed\u0161u, \u017ee zachra\u0148uji? P\u0159i horentn\u00edch cen\u00e1ch v\u0161eho mo\u017en\u00e9ho a rozvoji internetov\u00fdch m\u00e9di\u00ed, ti\u0161t\u011bn\u00fdm klasick\u00fdm novin\u00e1m (pokud nejsou dotov\u00e1ny), hroz\u00ed z\u00e1nik.<\/p>\n<p>V\u00a0sobotu jsem p\u0159i koupi novin zb\u011b\u017en\u011b prohl\u00e9dl tituln\u00ed str\u00e1nky a do\u010detl jsem se v\u00a0podstat\u011b to, \u017ee po velk\u00e9m lednov\u00e9m v\u00edt\u011bzstv\u00ed nov\u00e9 n\u00e1rodn\u00ed fronty p\u011bti stran, kter\u00e9 ovl\u00e1dly ve\u0161ker\u00e9 \u00fastavn\u00ed funkce ve st\u00e1t\u011b, se vl\u00e1da skute\u010dn\u011b \u00bbnezakec\u00e1\u00ab.<\/p>\n<p>Zru\u0161en\u00ed valorizac\u00ed d\u016fchod\u016f, na kter\u00e9 m\u011bli p\u0159\u00edjemci starobn\u00edch a invalidn\u00edch d\u016fchod\u016f ze z\u00e1kona n\u00e1rok, je proti\u00fastavn\u00ed (\u010derven je toti\u017e nejzaz\u0161\u00edm term\u00ednem pro jej\u00ed realizaci). Ale to vl\u00e1d\u011b nesta\u010d\u00ed.<\/p>\n<p>Titulek v sobotn\u00edch novin\u00e1ch k\u0159i\u010d\u00ed do sv\u011bta: \u00bbZva\u017eujeme zru\u0161en\u00ed da\u0148ov\u00e9 slevy na man\u017eele\u00ab. D\u00e1le se vehementn\u011b uva\u017euje o zru\u0161en\u00ed \u00bblidoveck\u00e9\u00ab p\u011btistovky za ka\u017ed\u00e9 vychovan\u00e9 d\u00edt\u011b.<\/p>\n<p>Mimochodem, je to po v\u00edce jak roce, kter\u00fd ub\u011bhl od parlamentn\u00edch voleb, kdy fakticky zv\u00edt\u011bzilo hnut\u00ed ANO a prezident Zeman cht\u011bl jmenovat Andreje Babi\u0161e premi\u00e9rem, kter\u00fd to ve sv\u00e9 \u00bbmladick\u00e9 nerozv\u00e1\u017enosti\u00ab odm\u00edtl, \u017ee p\u0159ece um\u00ed po\u010d\u00edtat a p\u0159i\u00a0takov\u00e9m rozlo\u017een\u00ed sil v\u00a0Poslaneck\u00e9 sn\u011bmovn\u011b nem\u016f\u017ee v\u00a0\u017e\u00e1dn\u00e9m p\u0159\u00edpad\u011b slo\u017eit vl\u00e1du, p\u0159i\u010dem\u017e zapomn\u011bl na jeden veled\u016fle\u017eit\u00fd aspekt a to na lidovce \u2013 KDU-\u010cSL. Ti u\u017e jednou, v\u00a0roce 1997 zafungovali p\u0159i p\u00e1du Klausovy vl\u00e1dy. Nemysl\u00edm to nijak v\u016f\u010di lidovc\u016fm zle, ba pr\u00e1v\u011b naopak. Tehdy jim bylo proti v\u016fli ODS\u00e1ck\u00e9 \u010dachrov\u00e1n\u00ed se sponzorsk\u00fdmi dary. Pam\u011btn\u00edci si jist\u011b vzpomenou.<\/p>\n<p>A nyn\u00ed op\u011bt, v\u0161echno, co lidovce zaj\u00edm\u00e1, nejsiln\u011bj\u0161\u00ed vl\u00e1dn\u00ed strana ODS prost\u0159ednictv\u00edm ministra financ\u00ed, zamet\u00e1 pod koberec. To znamen\u00e1 typickou lidoveckou prorodinnou politiku. A to nezmi\u0148uji nav\u00fd\u0161en\u00ed majetkov\u00fdch dan\u00ed, nebo\u0165 voli\u010di t\u00e9to v\u00a0ka\u017ed\u00e9 koalici \u00bbneposlu\u0161n\u00e9\u00ab strany jsou pr\u00e1v\u011b v\u011bt\u0161inou domk\u00e1\u0159i, lid\u00e9, co si vlastn\u00ed p\u00edl\u00ed postavili i sv\u00e9pomoc\u00ed domky, nebo\u0165 spr\u00e1vn\u00fd katol\u00edk v\u017edy v\u00a0prvn\u00ed \u0159ad\u011b mysl\u00ed na zabezpe\u010den\u00ed sv\u00e9 rodiny i pro dobu, kdy u\u017e bude na \u00bbpravd\u011b Bo\u017e\u00ed\u00ab.<\/p>\n<p>A te\u010f by p\u0159i\u0161el na \u0159adu tah geni\u00e1ln\u00edho prognostika Zemana. ANO 72\u00a0poslanc\u016f minus Vondr\u00e1k, to je 71, KDU-\u010cSL, neb\u00fdval\u00fdch 23\u00a0poslanc\u016f, to je 94, plus tich\u00e1 podpora SPD + 20. To m\u00e1me v\u011bt\u0161inu 114.<\/p>\n<p>Jen\u017ee, to by nesm\u011bl zafungovat \u00bbV\u00edt\u011bzn\u00fd leden\u00ab, kdy m\u00e1 sou\u010dasn\u00e1 n\u00e1rodn\u00ed fronta i prezidenta. Tak\u017ee to v\u0161e je jen iluz\u00ed, proto\u017ee prezident, kter\u00fd je v podstat\u011b sou\u010d\u00e1st\u00ed v\u00edt\u011bzn\u00e9 vl\u00e1dn\u00ed koalice, nebo\u0165 byl volebn\u00ed koalic\u00ed SPOLU doporu\u010dov\u00e1n, nic takov\u00e9ho, jako je p\u00e1d vl\u00e1dy a mo\u017enost utvo\u0159en\u00ed vl\u00e1dn\u00ed koalice nov\u00e9 na jin\u00e9m p\u016fdorysu, z\u0159ejm\u011b nedovol\u00ed.<\/p>\n<p>Zp\u011bt k\u00a0titulk\u016fm novin: \u00bb\u0158emesln\u00edci miz\u00ed do ciziny. V\u00edc pen\u011bz, a lep\u0161\u00ed podm\u00ednky\u00ab. A te\u010f k\u00a0tomu je\u0161t\u011b p\u0159ibyly mnoh\u00fdmi \u0159emesln\u00edky prokl\u00ednan\u00e9 datov\u00e9 schr\u00e1nky, kter\u00e9 jsou povinnost\u00ed pro v\u0161echny \u017eivnostn\u00edky \u2013 OSV\u010c. Takov\u00fd \u00bbfachman\u00ab, kter\u00fd um\u00ed pracovat rukama, ale v\u0161echno, co je spojeno s\u00a0t\u00edm proklet\u00fdm internetem je pro n\u011bj odporn\u00e9 a odv\u00e1d\u00ed jej od pro z\u00e1kazn\u00edky pot\u0159ebn\u00e9 pr\u00e1ce, m\u00e1 dv\u011b mo\u017enosti. Kdy\u017e u\u017e je v\u00a0d\u016fchodu, tak to d\u011blat jako meloucha\u0159inu a kdy\u017e je v\u00a0produktivn\u00edm v\u011bku, tak se nech\u00e1 zam\u011bstnat v\u00a0N\u011bmecku \u010di Rakousku, kde se nebude pot\u00fdkat s \u00bbbuzeracemi\u00ab st\u00e1tu ve form\u011b zcela zbyte\u010dn\u00fdch datov\u00fdch schr\u00e1nek a bude m\u00edt v\u00edc pen\u011bz a n\u00e1rok na slu\u0161nou dovolenou.<\/p>\n<p>V\u00a0sobotu bylo 75.\u00a0v\u00fdro\u010d\u00ed tzv. V\u00edt\u011bzn\u00e9ho \u00fanora. I americk\u00fd tisk t\u00e9 doby oce\u0148oval perfektn\u011b proveden\u00fd p\u0159evrat roku 1948. Tehdej\u0161\u00ed KS\u010c se poda\u0159ilo postupn\u011b ovl\u00e1dnout silov\u00e1 ministerstva, soudy, tisk a rozhlas, odbory\u2026 Sice nem\u011bla prezidenta, ale ten byl nemocn\u00fd a v\u00a0podstat\u011b nem\u011bl s\u00edlu se vzep\u0159\u00edt tepu doby. A nav\u00edc ostatn\u00ed strany, dnes by se \u0159eklo opozice, i kdy\u017e to byly strany N\u00e1rodn\u00ed fronty, se chovaly nerozumn\u011b.<\/p>\n<p>A dnes. Takt\u00e9\u017e proveden\u00fd \u00fatok na demokracii. P\u0159edseda \u00dastavn\u00edho soudu v\u00a0obdob\u00ed od vyhl\u00e1\u0161en\u00ed voleb do Poslaneck\u00e9 sn\u011bmovny prezidentem Zemanem zm\u011bnil parametry procentn\u00edho zisku koalic nutn\u00e9ho k\u00a0p\u0159ekro\u010den\u00ed prahu pro vstup do Poslaneck\u00e9 sn\u011bmovny, v\u00a0podstat\u011b jinak nalajnoval h\u0159i\u0161t\u011b. V\u00fdsledek? Vl\u00e1dn\u00ed koalice ve form\u011b ur\u010dit\u00e9 n\u00e1rodn\u00ed fronty (tak\u00e9 p\u011bt stran jako v\u00a0roce 1948). Sen\u00e1t, jeho\u017e slo\u017een\u00ed je vlivem hlouposti mnoha lid\u00ed, \u017ee kdy\u017e se Sen\u00e1tem nesouhlas\u00edm, nep\u016fjdu do Sen\u00e1tu volit, z\u00a095\u00a0% zcela v\u00a0ruk\u00e1ch sou\u010dasn\u00e9 vl\u00e1dn\u00ed koalice. M\u00e9dia fakticky, a\u017e na v\u00fdjimky kopou p\u0159ed prezidentskou volbou za kandid\u00e1ty vl\u00e1dn\u00ed koalice. Nevhodn\u00ed kandid\u00e1ti opozice na prezidentskou funkci (nap\u0159. Karel Havl\u00ed\u010dek by byl daleko vhodn\u011bj\u0161\u00edm kandid\u00e1tem za ANO, kter\u00fd by m\u011bl \u0161anci v\u00a0diskuz\u00edch porazit gener\u00e1la Pavla) a tud\u00ed\u017e i zcela p\u0159edv\u00eddateln\u00fd v\u00fdsledek prezidentsk\u00e9 volby.<\/p>\n<p>\u010cili se n\u00e1m projevil podobn\u00fd p\u016fdorys velk\u00e9ho v\u00edt\u011bzstv\u00ed, co\u017e tehdy tehdej\u0161\u00ed m\u00e9dia \u010cSR naz\u00fdvala \u00bbV\u00edt\u011bzn\u00fd \u00fanor\u00ab. Stejn\u00e1 strategie v\u00edt\u011bz\u016f a stejn\u00e9 chyby pora\u017een\u00fdch mi nahr\u00e1ly na podtitul m\u00e9ho \u010dl\u00e1nku \u00bbV\u00edt\u011bzn\u00fd leden\u00ab. Prezidentskou volbou byla toti\u017e zavr\u0161ena cesta k\u00a0naprost\u00e9mu ovl\u00e1dnut\u00ed v\u0161ech \u00fastavn\u00edch funkc\u00ed ve st\u00e1t\u011b novodobou n\u00e1rodn\u00ed frontou.<\/p>\n<p>Ale v\u017edy z\u016fst\u00e1v\u00e1 nad\u011bje, o kter\u00e9 se \u0159\u00edk\u00e1, \u017ee um\u00edr\u00e1 posledn\u00ed. Dnes v\u00a0debat\u011b na CNN Prima News poslanec za KDU-\u010cSL V\u00fdborn\u00fd potichu odpov\u011bd\u011bl na ot\u00e1zku (sp\u00ed\u0161e \u0161pitl), co by se stalo, kdy\u017e by vl\u00e1da neschv\u00e1lila 500korunov\u00e9 v\u00fdchovn\u00e9 p\u0159ipo\u010d\u00edt\u00e1van\u00e9 k\u00a0d\u016fchodu, \u00bbto bychom ode\u0161li z\u00a0vl\u00e1dy\u00ab.<\/p>\n<p>Jsem zv\u011bdav\u00fd, jak by pak zvolen\u00fd prezident Petr Pavel tu situaci \u0159e\u0161il. To\u0165 ot\u00e1zka.<\/p>\n<p><strong>Petr Hannig, p\u0159edseda Rozumn\u00fdch a b\u00fdval\u00fd prezidentsk\u00fd kandid\u00e1t<\/strong><\/p>\n<p>&nbsp;<\/p>\n<p><img decoding=\"async\" loading=\"lazy\" class=\"wp-image-19187 aligncenter\" src=\"http:\/\/www.infokuryr.cz\/n\/wp-content\/uploads\/2022\/12\/1-PRO-300x36.jpg\" alt=\"\" width=\"1125\" height=\"135\" srcset=\"https:\/\/www.infokuryr.cz\/n\/wp-content\/uploads\/2022\/12\/1-PRO-300x36.jpg 300w, https:\/\/www.infokuryr.cz\/n\/wp-content\/uploads\/2022\/12\/1-PRO.jpg 699w\" sizes=\"(max-width: 1125px) 100vw, 1125px\" \/><\/p>\n<p>&nbsp;<\/p>\n<p>&nbsp;<\/p>\n<p><img decoding=\"async\" loading=\"lazy\" class=\"wp-image-22607 aligncenter\" src=\"http:\/\/www.infokuryr.cz\/n\/wp-content\/uploads\/2023\/02\/cesko_proti_bide-239x300.png\" alt=\"\" width=\"631\" height=\"792\" srcset=\"https:\/\/www.infokuryr.cz\/n\/wp-content\/uploads\/2023\/02\/cesko_proti_bide-239x300.png 239w, https:\/\/www.infokuryr.cz\/n\/wp-content\/uploads\/2023\/02\/cesko_proti_bide-816x1024.png 816w, https:\/\/www.infokuryr.cz\/n\/wp-content\/uploads\/2023\/02\/cesko_proti_bide-768x964.png 768w, https:\/\/www.infokuryr.cz\/n\/wp-content\/uploads\/2023\/02\/cesko_proti_bide.png 846w\" sizes=\"(max-width: 631px) 100vw, 631px\" \/><\/p>\n<p>&nbsp;<\/p>\n","protected":false},"excerpt":{"rendered":"<p>Jsem staromilec a sv\u00fdm zp\u016fsobem sv\u00fdm mal\u00fdm d\u00edlkem v\u017edy v pond\u011bl\u00ed, ve \u010dtvrtek a v&#8230;<\/p>\n","protected":false},"author":2,"featured_media":12094,"comment_status":"closed","ping_status":"closed","sticky":false,"template":"","format":"standard","meta":[],"categories":[6],"tags":[59,29,122],"_links":{"self":[{"href":"https:\/\/www.infokuryr.cz\/n\/wp-json\/wp\/v2\/posts\/23652"}],"collection":[{"href":"https:\/\/www.infokuryr.cz\/n\/wp-json\/wp\/v2\/posts"}],"about":[{"href":"https:\/\/www.infokuryr.cz\/n\/wp-json\/wp\/v2\/types\/post"}],"author":[{"embeddable":true,"href":"https:\/\/www.infokuryr.cz\/n\/wp-json\/wp\/v2\/users\/2"}],"replies":[{"embeddable":true,"href":"https:\/\/www.infokuryr.cz\/n\/wp-json\/wp\/v2\/comments?post=23652"}],"version-history":[{"count":0,"href":"https:\/\/www.infokuryr.cz\/n\/wp-json\/wp\/v2\/posts\/23652\/revisions"}],"wp:featuredmedia":[{"embeddable":true,"href":"https:\/\/www.infokuryr.cz\/n\/wp-json\/wp\/v2\/media\/12094"}],"wp:attachment":[{"href":"https:\/\/www.infokuryr.cz\/n\/wp-json\/wp\/v2\/media?parent=23652"}],"wp:term":[{"taxonomy":"category","embeddable":true,"href":"https:\/\/www.infokuryr.cz\/n\/wp-json\/wp\/v2\/categories?post=23652"},{"taxonomy":"post_tag","embeddable":true,"href":"https:\/\/www.infokuryr.cz\/n\/wp-json\/wp\/v2\/tags?post=23652"}],"curies":[{"name":"wp","href":"https:\/\/api.w.org\/{rel}","templated":true}]}}