{"id":23650,"date":"2023-02-28T01:06:27","date_gmt":"2023-02-28T00:06:27","guid":{"rendered":"http:\/\/www.infokuryr.cz\/n\/?p=23650"},"modified":"2023-02-27T20:20:14","modified_gmt":"2023-02-27T19:20:14","slug":"nedelnik-adama-b-bartose-123-o-bezpecnem-prostoru","status":"publish","type":"post","link":"https:\/\/www.infokuryr.cz\/n\/2023\/02\/28\/nedelnik-adama-b-bartose-123-o-bezpecnem-prostoru\/","title":{"rendered":"NED\u011aLN\u00cdK ADAMA B. BARTO\u0160E (123) O BEZPE\u010cN\u00c9M PROSTORU"},"content":{"rendered":"<div id=\"fb-root\"><\/div>\n<p>O vlajk\u00e1ch jsem tu psal u\u017e n\u011bkolikr\u00e1t, a o t\u011bch ukrajinsk\u00fdch jakbysmet. Ale ned\u00e1 mi to, abych se k t\u00e9matu nevr\u00e1til, proto\u017ee to, co se v \u010desk\u00e9m ve\u0159ejn\u00e9m prostoru d\u011bje (hlavn\u011b v Praze), je nev\u00eddan\u00e9 a nesl\u00fdchan\u00e9. A mne, \u010desk\u00e9ho n\u00e1rodovce, to hluboce ur\u00e1\u017e\u00ed a irituje.<span id=\"more-13459\"><\/span><\/p>\n<p><strong>P\u0159\u00edklad prvn\u00ed<\/strong>\u00a0\u2013 po \u010dase jsem zav\u00edtal do okol\u00ed budov \u010cVUT v Praze-Dejvic\u00edch. V historick\u00fdch budov\u00e1ch, budov\u00e1ch socialistick\u00fdch, jako\u017e i v budov\u00e1ch modern\u00edch (nap\u0159\u00edklad novostavba N\u00e1rodn\u00ed technick\u00e9 knihovny) se zde nach\u00e1zej\u00ed r\u016fzn\u00e9 fakulty vysok\u00e9ho u\u010den\u00ed technick\u00e9ho.<\/p>\n<p>Kdyby sem, do Kampusu Dejvice, zav\u00edtal \u010dlov\u011bk neznal\u00fd, myslel by si, \u017ee se nach\u00e1z\u00ed na Ukrajin\u011b. P\u0159ed ka\u017edou budovou vis\u00ed ukrajinsk\u00e1 vlajka. Jenom\u017ee tam vis\u00ed i evropsk\u00e1 vlajka a Ukrajina v EU nen\u00ed. Tak\u017ee nejsme na Ukrajin\u011b. Kde ale jsme? drbal by se na hlav\u011b n\u00e1v\u0161t\u011bvn\u00edk. Mo\u017en\u00e1 jsme v \u010cesk\u00e9 republice, proto\u017ee n\u011bkde vis\u00ed i \u010desk\u00e1 vlajka, dedukoval by. Ale jak kde. Budova od budovy. N\u011bkde \u010desk\u00e1 vlajka je, n\u011bkde ne. Ale v\u0161ude je ukrajinsk\u00e1. Tak\u017ee opravdu jsme v \u010cesk\u00e9 republice? Kdy\u017e stoj\u00edte na prostranstv\u00ed p\u0159ed novou technickou knihovnou, tam vedle ukrajinsk\u00e9 a evropsk\u00e9 \u010desk\u00e1 vlaje. Pod\u00edv\u00e1te-li se za sebe, na budovu vysok\u00e9 \u0161koly chemicko-technologick\u00e9, naskytne se v\u00e1m podobn\u00fd pohled. Ale pod\u00edv\u00e1te-li se p\u0159ed sebe a vlevo, p\u0159ed fakultou stavebn\u00ed vlaj\u00ed pouze dv\u011b vlajky \u2013 EU a Ukrajiny. A o kousek d\u00e1l \u2013 p\u0159ed fakultou architektury \u2013 rovn\u011b\u017e. Ukrajinsk\u00e1 a evropsk\u00e1. Po \u010desk\u00e9 se slehla zem. To jako fakt? \u0159\u00edk\u00e1te si. Rozum mi to nebere.<\/p>\n<p>Vlajka EU ani de facto vlajkou nen\u00ed, tak\u017ee tam nem\u00e1 co vl\u00e1t, ale \u010dert to vem. Ale pro\u010d je tam vlajka Ukrajiny? A pro\u010d tam nen\u00ed vlajka \u010cesk\u00e9 republiky? Kdyby na tom prostranstv\u00ed p\u0159ist\u00e1l mimozem\u0161\u0165an, myslel by si \u2013 p\u0159i pohledu na \u010dty\u0159i vlajky EU, \u010dty\u0159i vlajky Ukrajiny a dv\u011b vlajky \u010cR, \u017ee se nach\u00e1z\u00ed n\u011bkde v Kyjev\u011b, kde shodou okolnost\u00ed vyv\u011bsili \u010deskou vlajku jako pod\u011bkov\u00e1n\u00ed za to, \u017ee \u010de\u0161t\u00ed d\u016fchodci zacvakali desetimiliardovou vl\u00e1dn\u00ed zbrojn\u00ed pomoc zelen\u00e9mu mu\u017e\u00ed\u010dkovi. Tento stav \u2013 kdy na sto\u017e\u00e1rech absentuje \u010desk\u00e1 vlajka, proto\u017ee jej\u00ed m\u00edsto zabrala vlajka ukrajinsk\u00e1, trv\u00e1 u\u017e p\u0159esn\u011b rok \u2013 od po\u010d\u00e1tku speci\u00e1ln\u00ed vojensk\u00e9 operace. D\u011bkan, kter\u00fd n\u011bco takov\u00e9ho dopust\u00ed, by m\u011bl j\u00edt bojovat na Ukrajinu\u2026<\/p>\n<p><strong>P\u0159\u00edklad druh\u00fd.<\/strong>\u00a0Ten sam\u00fd t\u00fdden jsem tak\u00e9 \u2013 rovn\u011b\u017e po del\u0161\u00edm \u010dase \u2013 zav\u00edtal p\u011b\u0161ky do centra. Pot\u0159eboval jsem do Mosteck\u00e9 ulice, a tak \u0161el p\u0159es Karl\u016fv most. A pak se tak\u00e9 po Karlov\u011b most\u011b vracel. A m\u00e1lem zvracel. Op\u011bt jsem byl toti\u017e atakov\u00e1n malost\u00ed pra\u017esk\u00fdch pravdol\u00e1ska\u0159\u016f. A rovnou pravdol\u00e1ska\u0159e nejpravdol\u00e1ska\u0159ovat\u011bj\u0161\u00edho. Na kostele sv. Salv\u00e1tora, co\u017e je hn\u00edzdo Tom\u00e1\u0161e Hal\u00edka a jeho stoupenc\u016f, je vyv\u011b\u0161en \u2013 samoz\u0159ejm\u011b v ukrajinsk\u00fdch barv\u00e1ch vyveden\u00fd \u2013 dlouh\u00fd transparent s n\u00e1pisem ruce pry\u010d od Ukrajiny (jak jinak ne\u017e v angli\u010dtin\u011b). Jist\u011b, v nedalek\u00e9m okol\u00ed je t\u011bch ukrajinsk\u00fdch vlajek nespo\u010det, tak\u017ee by to p\u0159ekvapit nemuselo, ale\u2026 \u2026 Ale tohle je vrcholn\u011b nevkusn\u00e9, proto\u017ee je to kostel, a proto\u017ee to nen\u00ed vlajka, ale aktivistick\u00fd transparent, jako kdyby ho namalovali hip\u00edci, kdy\u017e jsou zrovna v rau\u0161i. Najednou nem\u00e1te pocit, \u017ee stoj\u00edte p\u0159ed kostelem, ale n\u011bkde p\u0159ed squotem. Samoz\u0159ejm\u011b v\u00edme, \u017ee Hal\u00edk nen\u00ed prav\u00fd kn\u011bz, ani k\u0159es\u0165an, je to apostata, a jeho prac\u00ed nen\u00ed v\u00e9st lidi k Bohu, ale od Boha, a p\u0159edev\u0161\u00edm pak politicky pracovat pro USA, tak\u017ee by n\u00e1s to nem\u011blo zasko\u010dit. Ale stejn\u011b \u2013 kdy\u017e to vid\u00edte, je to nejen hnusn\u00e9, k\u00fd\u010dovit\u00e9 a hyzd\u00edc\u00ed pra\u017esk\u00fd ve\u0159ejn\u00fd prostor, ale z\u00e1rove\u0148 se mus\u00edte pt\u00e1t \u2013 co je, kurva, ten Hal\u00edk za\u010d, \u017ee si jako duchovn\u00ed, by\u0165 domn\u011bl\u00fd, nech\u00e1 na kostel vyv\u011bsit tohle? M\u011bl by j\u00edt bojovat na Ukrajinu s d\u011bkanem\u2026<\/p>\n<p><strong>P\u0159\u00edklad t\u0159et\u00ed.<\/strong>\u00a0Bavil jsem se tento t\u00fdden s kamar\u00e1dem, kter\u00fd je policista. Zavedl jsem \u0159e\u010d na Ukrajince u n\u00e1s \u2013 zaj\u00edmalo mne, kolik p\u0159ibylo \u010desk\u00fdm cajt\u016fm pr\u00e1ce, kdy\u017e je tu p\u016flmilionu b\u011b\u017eenc\u016f. Jeho slova mne zasko\u010dila, proto\u017ee tak velk\u00fd odhad jsem ne\u010dekal \u2013 pr\u00fd 75 procent v\u00fdjezd\u016f, kter\u00e9 v posledn\u00ed dob\u011b maj\u00ed, se t\u00fdk\u00e1 chov\u00e1n\u00ed Ukrajinc\u016f, samoz\u0159ejm\u011b my\u0161leno t\u011bch, co sem natahal Raku\u0161an minul\u00fd rok, ani\u017e by je na hranic\u00edch prohl\u00eddl. Tak jsme se o tom bavili d\u00e1l \u2013 a kamar\u00e1d mi najednou \u0159\u00edk\u00e1, \u017ee se mu to cel\u00e9 nezd\u00e1, \u017ee n\u011bco nen\u00ed v po\u0159\u00e1dku a \u017ee to tak vn\u00edmaj\u00ed i jeho kolegov\u00e9 policist\u00e9. Proto\u017ee kdy\u017e pr\u00fd vid\u00ed na V\u00e1clav\u00e1ku na budov\u011b N\u00e1rodn\u00edho muzea u\u017e rok vyv\u011b\u0161enou ohromnou ukrajinskou vlajku, tak si \u2013 ti jeho kolegov\u00e9 \u2013 \u0159\u00edkaj\u00ed: kde to jsme? Tady je n\u011bco \u0161patn\u011b. J\u00e1 samoz\u0159ejm\u011b tu ukrajinskou vlajku na N\u00e1rodn\u00edm muzeu vid\u011bl u\u017e n\u011bkolikr\u00e1t a v\u017edy u toho sk\u0159\u00edpal zubama, ale pot\u011b\u0161ilo mne, \u017ee to tak vid\u00ed i jin\u00ed, dokonce policist\u00e9. \u017de to vad\u00ed mn\u011b, \u010desk\u00e9mu nacionalistovi, je pochopiteln\u00e9, ale ono to vad\u00ed i \u0159adov\u00fdm pra\u017esk\u00fdm str\u00e1\u017en\u00edk\u016fm, kte\u0159\u00ed se nikdy politikou nezab\u00fdvali. Nech\u00e1pou, pro\u010d na jedn\u00e9 z nejv\u00fdznamn\u011bj\u0161\u00edch pra\u017esk\u00fdch budov, kter\u00e1 m\u00e1 nav\u00edc historick\u00fd a celon\u00e1rodn\u00ed v\u00fdznam, vlaje modro\u017elut\u00fd prapor. \u0158editel N\u00e1rodn\u00edho muzea by m\u011bl j\u00edt bojovat na Ukrajinu\u2026<\/p>\n<p><strong>P\u0159\u00edklad \u010dtvrt\u00fd<\/strong>\u00a0a rad\u011bji posledn\u00ed, proto\u017ee u\u017e se mi z toho zase ud\u011blalo nevolno, jen o tom p\u00ed\u0161u. V p\u00e1tek vedu dceru do \u0161koly, jedeme tramvaj\u00ed. P\u0159ipad\u00e1m si jak v Ji\u0159\u00edkov\u011b vid\u011bn\u00ed \u2013 proti mn\u011b jede tramvaj a na \u010dum\u00e1ku m\u00e1 do stoj\u00e1nk\u016f p\u0159ipevn\u011bn\u00e9 dv\u011b ukrajinsk\u00e9 vlaje\u010dky. V protism\u011bru jede dal\u0161\u00ed a je \u201evyzdoben\u00e1\u201c stejn\u011b. Prot\u00edr\u00e1m si o\u010di, zda se mi to nezd\u00e1, a kdy\u017e vid\u00edm, \u017ee nezd\u00e1, c\u00edt\u00edm, jak mi stoup\u00e1 tlak. Mne toti\u017e Ukrajina v\u016fbec nezaj\u00edm\u00e1 (a pro\u010d by m\u011bla?) a nev\u00edm, pro\u010d mi ji po\u0159\u00e1d n\u011bkdo cpe p\u0159ed o\u010di, pro\u010d se s n\u00ed mus\u00edm neust\u00e1le solidarizovat a pro\u010d m\u00e1m v r\u00e1diu neust\u00e1le poslouchat, jestli se dnes Zelenskyj r\u00e1no vysral dob\u0159e nebo \u0161patn\u011b. Tahle v\u00e1lka nen\u00ed moje v\u00e1lka, nen\u00ed to na\u0161e v\u00e1lka, nen\u00ed to \u010desk\u00e1 v\u00e1lka, a nev\u00edm, pro\u010d zamindr\u00e1kovan\u00ed \u010de\u0161t\u00ed pravdol\u00e1ska\u0159i, kte\u0159\u00ed \u010deskou vlajku nevezmou do ruky, jak je rok dlouh\u00fd, zahlcuj\u00ed n\u00e1\u0161 ve\u0159ejn\u00fd prostor vlajkami Ukrajiny.<\/p>\n<p>Na tramvaji \u010deskou vlajku vid\u00edte jen ve st\u00e1tn\u00ed sv\u00e1tek (pokud v\u016fbec), ale ukrajinsk\u00e9 tam vl\u00e1ly \u2013 no je\u0161t\u011b dobr\u00e9ho p\u016fl roku po tom, co to loni v \u00fanoru za\u010dalo. Pak to n\u011bjak utichlo. Zn\u00e1te to \u2013 sejde z o\u010d\u00ed, sejde z mysli. Skoro jsem zapomn\u011bl i j\u00e1, \u017ee pra\u017esk\u00fd ve\u0159ejn\u00fd prostor byl t\u00e9m\u011b\u0159 p\u016fl roku \u201evyzdoben\u201c ukrajinsk\u00fdmi vlaje\u010dkami na vozech hromadn\u00e9 dopravy. \u010clov\u011bk m\u00e1 kr\u00e1tkou pam\u011b\u0165. A najednou, po p\u016fl roce, zase je to tu. A zase mne to vyto\u010dilo, jako tehdy. Do\u0161lo mi hned, \u017ee je to t\u00edm v\u00fdro\u010d\u00edm, ale spolu s t\u011bmi z\u00e1\u017eitky z t\u00e9ho\u017e t\u00fddne, kter\u00e9 jsem popsal v\u00fd\u0161e, mne to tak otr\u00e1vilo, \u017ee mi to \u00fapln\u011b zkazilo n\u00e1ladu na cel\u00fd den. Samoz\u0159ejm\u011b, \u017ee za to nemohl \u0159idi\u010d t\u00e9 tramvaje. Dostali to befelem. M\u011bla to ka\u017ed\u00e1 tramvaj, tedy ten typ tramvaje, co tam dr\u017e\u00e1ky na vlajky m\u00e1 \u2013 ty star\u0161\u00ed to tam nemaj\u00ed, tak\u017ee ukrajinsk\u00e9 vlajky se tam net\u0159epotaly. Tupost hledejme n\u011bkde na magistr\u00e1tu (i kdy\u017e j\u00e1 b\u00fdt \u0159idi\u010dem tramvaje, tak to budu sabotovat). Ten magistr\u00e1tn\u00ed \u00fa\u0159edn\u00edk (nebo politik?), kter\u00fd o tom rozhodl, byl m\u011bl j\u00edt okam\u017eit\u011b bojovat na Ukrajinu. S d\u011bkanem, s \u0159editelem muzea a s Hal\u00edkem\u2026<\/p>\n<p>Konec p\u0159\u00edklad\u016f. N\u011bjak\u00fd z\u00e1v\u011br? Vlastenectv\u00ed a nacionalismus je v \u010desk\u00e9 politice sprost\u00e9 slovo, ale pokud jde o USA, Izrael, Tibet \u010di \u2013 v tomto p\u0159\u00edpad\u011b Ukrajinu \u2013 jsou pravdol\u00e1ska\u0159i t\u011bmi nejv\u011bt\u0161\u00edmi nacionalisty. Samoz\u0159ejm\u011b americk\u00fdmi, izraelsk\u00fdmi, tibetsk\u00fdmi \u010di ukrajinsk\u00fdmi. Ne v\u0161ak u\u017e \u010desk\u00fdmi: vyt\u00e1hn\u011bte p\u0159ed nimi vlajku \u010cesk\u00e9 republiky a za\u010dne jim kapat p\u011bna od huby, vysko\u010d\u00ed jim kop\u0159ivka a budou na v\u00e1s \u0159v\u00e1t, \u017ee jste extr\u00e9mista a n\u00e1cek.<\/p>\n<p>Tohle pokrytectv\u00ed mi vad\u00ed.<\/p>\n<p>A vad\u00ed mi, jak zahlcuj\u00ed nejen medi\u00e1ln\u00ed prostor, ale u\u017e i ten ve\u0159ejn\u00fd prostor fyzick\u00fd. \u010clov\u011bk je neust\u00e1le atakov\u00e1n vizu\u00e1ln\u00edmi sd\u011blen\u00edmi, jejich v\u00fdk\u0159iky a proklamacemi, kter\u00e9 v\u00e1m strkaj\u00ed pod nos a kter\u00fdmi se sna\u017e\u00ed u\u017e i ten b\u011b\u017en\u00fd venkovn\u00ed prostor opanovat, abyste nem\u011bl kouska klidu ani p\u0159i proch\u00e1zce na vzduchu. V\u0161ude to na v\u00e1s mus\u00ed vysko\u010dit, vybafnout, vyt\u00e9ci, vypadnout, nen\u00ed proti tomu \u00faniku\u2026<\/p>\n<p>P\u0159itom oni sami, liber\u00e1lov\u00e9, na\u0159\u00edkaj\u00ed, jak je v\u011bt\u0161inov\u00e1 spole\u010dnost v\u016f\u010di jejich sv\u011bton\u00e1zor\u016fm a v\u016f\u010di jejich vn\u00edm\u00e1n\u00ed st\u00e1le je\u0161t\u011b necitliv\u00e1 a jak je diskriminuje. Jak jim chyb\u00ed z\u00e1chody pro non-bin\u00e1rn\u00ed \u201epohlav\u00ed\u201c, jak jim vad\u00ed stereotypy v jazyce, v um\u011bn\u00ed, ve vzd\u011bl\u00e1v\u00e1n\u00ed, jak se c\u00edt\u00ed zran\u011bni t\u00edm \u010di on\u00edm, a jak se jim proto mus\u00ed v\u0161e p\u0159izp\u016fsobit, aby se kone\u010dn\u011b c\u00edtili fajn. Neust\u00e1le volaj\u00ed po \u201ebezpe\u010dn\u00e9m prostoru\u201c. Ale co j\u00e1? B\u00edl\u00fd, heterosexu\u00e1ln\u00ed mu\u017e, Slovan, n\u00e1rodovec, konzervativec? Kde je m\u016fj bezpe\u010dn\u00fd prostor, kde by mne nikdo neatakoval duhov\u00fdmi prapory, modro\u017elut\u00fdmi prapory, tibetsk\u00fdmi prapory, bruselsk\u00fdmi prapory, \u00fachyln\u00fdm postmodern\u00edm um\u011bn\u00edm, stupidn\u00edmi pouli\u010dn\u00edmi performancemi, bezdomovci, zfetovan\u00fdmi dreda\u0159i, somr\u00e1ky a \u017eebr\u00e1ky, v\u0161udyp\u0159\u00edtomnou vlezlou globaliza\u010dn\u00ed reklamou, rou\u0161kami, americk\u00fdmi n\u00e1pisy, kebaby, reklamn\u00edmi dla\u017eebn\u00edmi kostkami, povaluj\u00edc\u00edmi se elektrokolob\u011b\u017ekami, o\u017eral\u00fdmi britsk\u00fdmi turisty, nah\u00e1n\u011b\u010di do bordel\u016f v n\u00e1mo\u0159nick\u00fdch tri\u010dk\u00e1ch, smradem z tr\u00e1vy apod.?<\/p>\n<p>J\u00e1 chci tak\u00e9 sv\u016fj \u201ebezpe\u010dn\u00fd prostor\u201c, kde bude sv\u011bt je\u0161t\u011b v po\u0159\u00e1dku\u2026<\/p>\n<p>Mo\u017en\u00e1 proto rezonovalo ve spole\u010dnosti P\u00e1vkovo \u201e\u0158\u00e1d a klid\u201c. Sv\u00fdm zp\u016fsobem po tom tou\u017e\u00edme v\u0161ichni. Nikdo nem\u00e1 r\u00e1d chaos a bordel.<\/p>\n<p>Ale nen\u00ed \u0159\u00e1d jako \u0159\u00e1d, nen\u00ed klid jako klid.<\/p>\n<p>Ob\u00e1v\u00e1m se, \u017ee ti, kte\u0159\u00ed cht\u011bli opravdov\u00fd \u201e\u0159\u00e1d a klid\u201c, budou p\u0159ekvapeni, a\u017e poznaj\u00ed, co si pod t\u00edm p\u0159edstavuje vl\u00e1da, jej\u00edm\u017e byl P\u00e1vek kandid\u00e1tem. Je to klid na pr\u00e1ci, aby je p\u0159i tom vl\u00e1dnut\u00ed nikdo neotravoval a oni mohli \u201eklidn\u011b\u201c okr\u00e1dat d\u016fchodce a mlad\u00e9 mobilizovat do v\u00e1lky.<\/p>\n<p>Ob\u00e1v\u00e1m se, \u017ee pro n\u00e1s, kte\u0159\u00ed vl\u00e1d\u011b nefand\u00edme, tu \u017e\u00e1dn\u00fd \u201ebezpe\u010dn\u00fd prostor\u201c nebude. Maxim\u00e1ln\u011b tak v\u011bze\u0148sk\u00e1 kobka \u010di vojensk\u00e9 z\u00e1kopy na front\u011b\u2026<\/p>\n<p><em>Adam B. Barto\u0161<\/em><br \/>\n<em>p\u0159edseda N\u00e1rodn\u00ed demokracie<\/em><\/p>\n<p>\u00favodn\u00ed obr\u00e1zek: CD89.cz<\/p>\n<p><img decoding=\"async\" loading=\"lazy\" class=\"alignnone size-full wp-image-678\" src=\"http:\/\/www.infokuryr.cz\/n\/wp-content\/uploads\/2021\/04\/narodni_demokracie_logo.jpg\" alt=\"\" width=\"300\" height=\"85\" \/><\/p>\n<p>____________________________<\/p>\n<p>&nbsp;<\/p>\n<p><img decoding=\"async\" loading=\"lazy\" class=\"wp-image-19187 aligncenter\" src=\"http:\/\/www.infokuryr.cz\/n\/wp-content\/uploads\/2022\/12\/1-PRO-300x36.jpg\" alt=\"\" width=\"1150\" height=\"138\" srcset=\"https:\/\/www.infokuryr.cz\/n\/wp-content\/uploads\/2022\/12\/1-PRO-300x36.jpg 300w, https:\/\/www.infokuryr.cz\/n\/wp-content\/uploads\/2022\/12\/1-PRO.jpg 699w\" sizes=\"(max-width: 1150px) 100vw, 1150px\" \/><\/p>\n<p>&nbsp;<\/p>\n<p>&nbsp;<\/p>\n<p>&nbsp;<\/p>\n<p><img decoding=\"async\" loading=\"lazy\" class=\"wp-image-22607 aligncenter\" src=\"http:\/\/www.infokuryr.cz\/n\/wp-content\/uploads\/2023\/02\/cesko_proti_bide-239x300.png\" alt=\"\" width=\"624\" height=\"783\" srcset=\"https:\/\/www.infokuryr.cz\/n\/wp-content\/uploads\/2023\/02\/cesko_proti_bide-239x300.png 239w, https:\/\/www.infokuryr.cz\/n\/wp-content\/uploads\/2023\/02\/cesko_proti_bide-816x1024.png 816w, https:\/\/www.infokuryr.cz\/n\/wp-content\/uploads\/2023\/02\/cesko_proti_bide-768x964.png 768w, https:\/\/www.infokuryr.cz\/n\/wp-content\/uploads\/2023\/02\/cesko_proti_bide.png 846w\" sizes=\"(max-width: 624px) 100vw, 624px\" \/><\/p>\n<p>&nbsp;<\/p>\n<p>&nbsp;<\/p>\n","protected":false},"excerpt":{"rendered":"<p>O vlajk\u00e1ch jsem tu psal u\u017e n\u011bkolikr\u00e1t, a o t\u011bch ukrajinsk\u00fdch jakbysmet. Ale ned\u00e1 mi&#8230;<\/p>\n","protected":false},"author":2,"featured_media":23651,"comment_status":"closed","ping_status":"closed","sticky":false,"template":"","format":"standard","meta":[],"categories":[6],"tags":[367,29,85],"_links":{"self":[{"href":"https:\/\/www.infokuryr.cz\/n\/wp-json\/wp\/v2\/posts\/23650"}],"collection":[{"href":"https:\/\/www.infokuryr.cz\/n\/wp-json\/wp\/v2\/posts"}],"about":[{"href":"https:\/\/www.infokuryr.cz\/n\/wp-json\/wp\/v2\/types\/post"}],"author":[{"embeddable":true,"href":"https:\/\/www.infokuryr.cz\/n\/wp-json\/wp\/v2\/users\/2"}],"replies":[{"embeddable":true,"href":"https:\/\/www.infokuryr.cz\/n\/wp-json\/wp\/v2\/comments?post=23650"}],"version-history":[{"count":0,"href":"https:\/\/www.infokuryr.cz\/n\/wp-json\/wp\/v2\/posts\/23650\/revisions"}],"wp:featuredmedia":[{"embeddable":true,"href":"https:\/\/www.infokuryr.cz\/n\/wp-json\/wp\/v2\/media\/23651"}],"wp:attachment":[{"href":"https:\/\/www.infokuryr.cz\/n\/wp-json\/wp\/v2\/media?parent=23650"}],"wp:term":[{"taxonomy":"category","embeddable":true,"href":"https:\/\/www.infokuryr.cz\/n\/wp-json\/wp\/v2\/categories?post=23650"},{"taxonomy":"post_tag","embeddable":true,"href":"https:\/\/www.infokuryr.cz\/n\/wp-json\/wp\/v2\/tags?post=23650"}],"curies":[{"name":"wp","href":"https:\/\/api.w.org\/{rel}","templated":true}]}}