{"id":23600,"date":"2023-02-27T05:42:46","date_gmt":"2023-02-27T04:42:46","guid":{"rendered":"http:\/\/www.infokuryr.cz\/n\/?p=23600"},"modified":"2023-02-27T05:42:46","modified_gmt":"2023-02-27T04:42:46","slug":"plan-elit-do-roku-2025-maji-byt-lide-transgenderi-konzumujici-hmyz-a-napojeni-na-superpocitac","status":"publish","type":"post","link":"https:\/\/www.infokuryr.cz\/n\/2023\/02\/27\/plan-elit-do-roku-2025-maji-byt-lide-transgenderi-konzumujici-hmyz-a-napojeni-na-superpocitac\/","title":{"rendered":"Pl\u00e1n elit: Do roku 2025 maj\u00ed b\u00fdt lid\u00e9 transgende\u0159i konzumuj\u00edc\u00ed hmyz a napojeni na superpo\u010d\u00edta\u010d"},"content":{"rendered":"<div id=\"fb-root\"><\/div>\n<p><strong>Jak bude sv\u011bt vypadat za dva roky?\u00a0Odpov\u011b\u010f je, \u017ee mnohem m\u00e9n\u011b lidsk\u00fd ne\u017e dnes.<\/strong><\/p>\n<p><span>Sou\u010d\u00e1st\u00ed pl\u00e1nu je p\u0159em\u011bnit tal\u00ed\u0159e ka\u017ed\u00e9ho \u010dlov\u011bka na hromady brouk\u016f a \u201erostlinn\u00fdch\u201c laboratorn\u00edch v\u00fdtvor\u016f nam\u00edsto masa a vajec, kter\u00e9 lidstvo konzumuje po cel\u00e1 tis\u00edcilet\u00ed.<\/span><\/p>\n<p><span>T\u011bla v\u0161ech lid\u00ed maj\u00ed b\u00fdt tak\u00e9 p\u0159em\u011bn\u011bna na transgenderov\u00e9 hybridy a p\u0159ipojena k transhumanistick\u00e9mu superpo\u010d\u00edta\u010di.<\/span><\/p>\n<p><span>Ji\u017e nyn\u00ed jsme sv\u011bdky trans-ifikace mlad\u00e9 generace pod hlavi\u010dkou LGBT.\u00a0Toto je v\u0161ak jen p\u0159edehra ke kompletn\u00ed transhumanizaci cel\u00e9ho zb\u00fdvaj\u00edc\u00edho lidstva pot\u00e9, co se naplno rozjede takzvan\u00fd\u00a0<\/span><a href=\"https:\/\/www.badatel.net\/velky-reset-prichadza-rychlo-a-nic-uz-nebude-take-ako-predtym\/\"><span>Velk\u00fd reset<\/span><\/a><span>\u00a0.<\/span><\/p>\n<p><span>Moment\u00e1ln\u011b se agenda Velk\u00e9ho resetu zam\u011b\u0159uje zv\u00fd\u0161en\u00ed cen tradi\u010dn\u00edch potravin prost\u0159ednictv\u00edm inflace a vyvol\u00e1n\u00ed probl\u00e9m\u016f v dodavatelsk\u00fdch \u0159et\u011bzc\u00edch tak, \u017ee se stanou b\u011b\u017en\u00fdm lidem nedostupn\u00e9.<\/span><\/p>\n<p><span>Sou\u010d\u00e1st\u00ed tohoto mixu je tak\u00e9 energetick\u00e1 krize, kter\u00e1 zp\u016fsobuje, \u017ee v\u00fdroba hnojiv je p\u0159\u00edli\u0161 drah\u00e1.<\/span><\/p>\n<p><span>Inflace cen vajec as n\u00ed spojen\u00fd nedostatek jsou dal\u0161\u00edm d\u00edlkem v pl\u00e1nech \u201eelity\u201c na vyhlazen\u00ed milion\u016f lid\u00ed.\u00a0(pozn\u00e1mka redakce: Pr\u00e1v\u011b te\u010f je v NR SR n\u00e1vrh z\u00e1kona o \u00fapln\u00e9m z\u00e1kazu klecov\u00e9ho chovu slepic, co\u017e je\u0161t\u011b v\u00edce zv\u00fd\u0161\u00ed cenu vajec.)<\/span><\/p>\n<p><span>Nejprve to bylo maso, te\u010f jsou to vejce a nakonec to budou v\u0161echny p\u0159irozen\u00e9 potraviny.\u00a0Dobr\u00e9 a zdrav\u00e9 m\u00e1 zaniknout a b\u00fdt nahrazeno globalistickou dystopi\u00ed, kter\u00e1 se formuje p\u0159\u00edmo p\u0159ed na\u0161ima o\u010dima.<\/span><\/p>\n<h2><span>\u201ePta\u010d\u00ed ch\u0159ipka\u201c je fra\u0161ka.\u00a0Ceny vajec jsou vysok\u00e9 kv\u016fli \u201etajn\u00e9 dohod\u011b mezi l\u00eddry v tomto odv\u011btv\u00ed\u201c<\/span><\/h2>\n<p><span>Nejnov\u011bj\u0161\u00ed \u00fadaje Organizace spojen\u00fdch n\u00e1rod\u016f pro v\u00fd\u017eivu a zem\u011bd\u011blstv\u00ed (FAO) ukazuj\u00ed, \u017ee sv\u011btov\u00e9 ceny potravin dos\u00e1hly v roce 2022 historick\u00e9ho maxima.\u00a0Dos\u00e1hli toho navzdory dev\u00edti po sob\u011b jdouc\u00edm m\u011bs\u00edc\u016fm poklesu cen potravin od dubna do prosince.<\/span><\/p>\n<p><span>Ceny masa, ml\u00e9\u010dn\u00fdch v\u00fdrobk\u016f a rostlinn\u00fdch olej\u016f jsou v sou\u010dasnosti na nejvy\u0161\u0161\u00edch \u00farovn\u00edch, odkdy FAO poprv\u00e9 za\u010dala v\u00e9st z\u00e1znamy v roce 1990. P\u0159edchoz\u00edho rekordu bylo dosa\u017eeno v roce 2011.<\/span><\/p>\n<p><span>Existuje mnoho v\u00fdmluv, kter\u00e9 se sna\u017e\u00ed vysv\u011btlit zejm\u00e9na vysokou cenu vajec t\u00edm, \u017ee jde prim\u00e1rn\u011b o v\u00fdsledek \u201epta\u010d\u00ed ch\u0159ipky\u201c.\u00a0Re\u00e1ln\u00ed chovatel\u00e9 vajec v\u0161ak \u0159\u00edkaj\u00ed n\u011bco jin\u00e9ho.<\/span><\/p>\n<p><span>Pta\u010d\u00ed ch\u0159ipkou bylo posti\u017eeno jen asi \u0161est procent hejn slepic, kter\u00e9 sn\u00e1\u0161ej\u00ed vejce, co\u017e v\u0161ak nesta\u010d\u00ed k vysv\u011btlen\u00ed dramatick\u00e9ho nedostatku a zvy\u0161ov\u00e1n\u00ed cen, kter\u00e9 v sou\u010dasnosti pozorujeme v obchodech s potravinami.<\/span><\/p>\n<p><span>Globalisty ovl\u00e1dan\u00e1 medi\u00e1ln\u00ed ma\u0161in\u00e9rie ale\u00a0<\/span><a href=\"https:\/\/www.badatel.net\/wef-slubuje-zakaz-nebezpecnych-vajec-po-vedeckom-zisteni-ze-ich-konzumacia-lieci-covid\/\"><span>tvrd\u00ed<\/span><\/a><span>\u00a0, \u017ee vejce jsou stejn\u011b nezdrav\u00e1 a \u017ee lid\u00e9 by je m\u011bli dobrovoln\u011b p\u0159estat j\u00edst a m\u00edsto nich p\u0159ej\u00edt na laboratorn\u011b vyroben\u00e9 n\u00e1hrady vajec a jin\u00e9 fale\u0161n\u00e9 potraviny.<\/span><\/p>\n<p><span>Jakmile mRNA \u201evakc\u00edny\u201c proti covidu vyhub\u00ed zna\u010dnou \u010d\u00e1st lidsk\u00e9 populace a zbytku p\u0159eprogramuj\u00ed DNA, pak ti, kte\u0159\u00ed z\u016fstanou jako hybridy \u010dlov\u011bka a stroje, budou p\u0159ipraveni konzumovat v\u0161echno toto fale\u0161n\u00e9 j\u00eddlo.\u00a0Na druh\u00e9 stran\u011b \u201eelita\u201c bude \u017er\u00e1t v\u0161echno dobr\u00e9, co se dnes systematicky omezuje nebo zdra\u017euje pro b\u011b\u017en\u00e9 lidi.<\/span><\/p>\n<p><span>Evropsk\u00e1 unie je l\u00eddrem v prosazov\u00e1n\u00ed agendy omezov\u00e1n\u00ed re\u00e1ln\u00e9ho masa a protla\u010dov\u00e1n\u00ed konzumace hmyzu.\u00a0\u010cetn\u00e9 druhy hmyzu byly toti\u017e ned\u00e1vno schv\u00e1leny pro lidskou spot\u0159ebu a m\u00e9dia jsou nyn\u00ed zanepr\u00e1zdn\u011bna jeho propagov\u00e1n\u00edm mezi spot\u0159ebiteli.<\/span><\/p>\n<h2><span>4 mantry propagandy zam\u011b\u0159en\u00e9 na konzumaci hmyzu<\/span><\/h2>\n<p><em><span>\u201eForbes zopakoval \u010dty\u0159i klasick\u00e9 mantry obsa\u017een\u00e9 ve v\u0161\u00ed mainstreamov\u00e9 propagand\u011b zam\u011b\u0159en\u00e9 na konzumaci hmyzu,\u201c<\/span><\/em><span>\u00a0uv\u00e1d\u00ed\u00a0<\/span><em><span>The Covid Blog<\/span><\/em><span>\u00a0.<\/span><\/p>\n<p><em><span>\u00a0\u201eJe to p\u0159esn\u011b ta sam\u00e1 metoda, kterou pou\u017eil rusk\u00fd psycholog Ivan Pavlov p\u0159i pokusech se psy, kter\u00e9 p\u0159im\u011bt slintat u\u017e p\u0159i zvukech spojen\u00fdch s pod\u00e1v\u00e1n\u00edm pokrmu.\u201c<\/span><\/em><\/p>\n<p><span>\u010cty\u0159i klasick\u00e9 propagandistick\u00e9 mantry pro konzumaci hmyzu jsou:<\/span><\/p>\n<ul>\n<li><span>hmyz je bohat\u00fd na b\u00edlkoviny<\/span><\/li>\n<li><span>hmyz je pochoutkou v mnoha \u010d\u00e1stech sv\u011bta<\/span><\/li>\n<li><span>poj\u00edd\u00e1n\u00ed hmyzu zastavuje klimatick\u00e9 zm\u011bny<\/span><\/li>\n<li><span>jeden\u00ed hmyzu zlep\u0161uje glob\u00e1ln\u00ed potravinovou bezpe\u010dnost<\/span><\/li>\n<\/ul>\n<p><span>C\u00edlem je p\u0159im\u011bt lidi, aby p\u0159i slov\u011b \u201ehmyz\u201c slintali nam\u00edsto projevov\u00e1n\u00ed p\u0159irozen\u00e9 nevolnosti \u010di potenci\u00e1ln\u00edho zvracen\u00ed.<\/span><\/p>\n<p><span>Evropan\u00e9 jsou jednozna\u010dn\u011b p\u0159edur\u010deni k tomu, aby byli prvn\u00ed v \u0159ad\u011b napl\u0148ov\u00e1n\u00ed globalistick\u00e9 agendy po\u017e\u00edr\u00e1n\u00ed hmyzu.\u00a0N\u00e1sledovat budou Spojen\u00e9 st\u00e1ty americk\u00e9, kter\u00e9 jsou epicentrem globalistick\u00e9ho programov\u00e1n\u00ed a vylid\u0148ov\u00e1n\u00ed.<\/span><\/p>\n<h2><span>Z\u00e1v\u011br<\/span><\/h2>\n<p><span>Dnes prob\u00edh\u00e1 tak\u00e9 trend \u201etransmaxxing\u201c vylid\u0148ov\u00e1n\u00ed, kter\u00fd zahrnuje vym\u00fdv\u00e1n\u00ed mozk\u016f mlad\u00fdm mu\u017e\u016fm, aby se vzdali sv\u00e9ho mu\u017estv\u00ed a zm\u011bnili se na \u201e\u017eeny\u201c.\u00a0Toto jsou ty typy \u201elid\u00ed\u201c, kter\u00e9 globalist\u00e9 programuj\u00ed, aby se stali jejich budouc\u00edmi otroky po\u017e\u00edraj\u00edc\u00edmi brouky v jejich dystopick\u00e9m Nov\u00e9m sv\u011btov\u00e9m \u0159\u00e1du.<\/span><\/p>\n<p><span>To se jim samoz\u0159ejm\u011b nepoda\u0159\u00ed, jeliko\u017e st\u00e1le v\u00edce lid\u00ed na cel\u00e9m sv\u011bt\u011b se probouz\u00ed a prokouk\u00e1v\u00e1 je zvrhlou agendu.\u00a0No a globalist\u00e9 z toho za\u010d\u00ednaj\u00ed b\u00fdt v posledn\u00ed dob\u011b po\u0159\u00e1dn\u011b nerv\u00f3zn\u00ed.<\/span><\/p>\n<p><span>Dal\u0161\u00ed souvisej\u00edc\u00ed novinky naleznete na str\u00e1nce\u00a0<\/span><a href=\"https:\/\/collapse.news\/\" target=\"_blank\" rel=\"noopener\"><span>Collapse.news<\/span><\/a><span> .<\/span><\/p>\n<p><span>Autor: Ethan Huff, Zdroj:\u00a0<\/span><a href=\"https:\/\/www.naturalnews.com\/2023-02-12-2025-humanity-bug-eating-transgenders-transhumanist-computer.html\" target=\"_blank\" rel=\"noopener\"><span>naturalnews.com<\/span><\/a><\/p>\n<p>&nbsp;<\/p>\n<p><img decoding=\"async\" loading=\"lazy\" class=\"wp-image-19187 aligncenter\" src=\"http:\/\/www.infokuryr.cz\/n\/wp-content\/uploads\/2022\/12\/1-PRO-300x36.jpg\" alt=\"\" width=\"1092\" height=\"131\" srcset=\"https:\/\/www.infokuryr.cz\/n\/wp-content\/uploads\/2022\/12\/1-PRO-300x36.jpg 300w, https:\/\/www.infokuryr.cz\/n\/wp-content\/uploads\/2022\/12\/1-PRO.jpg 699w\" sizes=\"(max-width: 1092px) 100vw, 1092px\" \/><\/p>\n<p>&nbsp;<\/p>\n<p>&nbsp;<\/p>\n","protected":false},"excerpt":{"rendered":"<p>Jak bude sv\u011bt vypadat za dva roky?\u00a0Odpov\u011b\u010f je, \u017ee mnohem m\u00e9n\u011b lidsk\u00fd ne\u017e dnes. Sou\u010d\u00e1st\u00ed&#8230;<\/p>\n","protected":false},"author":2,"featured_media":23601,"comment_status":"closed","ping_status":"closed","sticky":false,"template":"","format":"standard","meta":[],"categories":[7],"tags":[1147,276,48,3225],"_links":{"self":[{"href":"https:\/\/www.infokuryr.cz\/n\/wp-json\/wp\/v2\/posts\/23600"}],"collection":[{"href":"https:\/\/www.infokuryr.cz\/n\/wp-json\/wp\/v2\/posts"}],"about":[{"href":"https:\/\/www.infokuryr.cz\/n\/wp-json\/wp\/v2\/types\/post"}],"author":[{"embeddable":true,"href":"https:\/\/www.infokuryr.cz\/n\/wp-json\/wp\/v2\/users\/2"}],"replies":[{"embeddable":true,"href":"https:\/\/www.infokuryr.cz\/n\/wp-json\/wp\/v2\/comments?post=23600"}],"version-history":[{"count":0,"href":"https:\/\/www.infokuryr.cz\/n\/wp-json\/wp\/v2\/posts\/23600\/revisions"}],"wp:featuredmedia":[{"embeddable":true,"href":"https:\/\/www.infokuryr.cz\/n\/wp-json\/wp\/v2\/media\/23601"}],"wp:attachment":[{"href":"https:\/\/www.infokuryr.cz\/n\/wp-json\/wp\/v2\/media?parent=23600"}],"wp:term":[{"taxonomy":"category","embeddable":true,"href":"https:\/\/www.infokuryr.cz\/n\/wp-json\/wp\/v2\/categories?post=23600"},{"taxonomy":"post_tag","embeddable":true,"href":"https:\/\/www.infokuryr.cz\/n\/wp-json\/wp\/v2\/tags?post=23600"}],"curies":[{"name":"wp","href":"https:\/\/api.w.org\/{rel}","templated":true}]}}