{"id":23588,"date":"2023-02-27T04:57:11","date_gmt":"2023-02-27T03:57:11","guid":{"rendered":"http:\/\/www.infokuryr.cz\/n\/?p=23588"},"modified":"2023-02-27T04:57:11","modified_gmt":"2023-02-27T03:57:11","slug":"nemci-odmitaji-masove-valku-proti-rusku","status":"publish","type":"post","link":"https:\/\/www.infokuryr.cz\/n\/2023\/02\/27\/nemci-odmitaji-masove-valku-proti-rusku\/","title":{"rendered":"N\u011bmci odm\u00edtaj\u00ed masov\u011b v\u00e1lku proti Rusku"},"content":{"rendered":"<div id=\"fb-root\"><\/div>\n<h2 class=\"entry-title\">\u201eJsou to Putinovi m\u00edrov\u00ed \u0161tv\u00e1\u010di\u201c, b\u011bduj\u00ed tam\u011bj\u0161\u00ed media po fiasku pro re\u017eimn\u00ed v\u00e1le\u010dn\u00e9 PR kampan\u011b<\/h2>\n<p>N\u011bmeck\u00e1 vl\u00e1da se sice zpo\u010d\u00e1tku stav\u011bla odm\u00edtav\u011b k podpo\u0159e v\u00e1lky proti Rusku za americko-\u017eidovsk\u00e9 z\u00e1jmy. Pak se uk\u00e1zalo, \u017ee<strong>\u00a0suverenita N\u011bmecka je velmi omezen\u00e1, asi na \u00farovni Bre\u017en\u011bvovy doktr\u00edny. A n\u011bmeck\u00e1 vl\u00e1da zah\u00e1jila plnohodnotnou podporu v\u00e1lce na Ukrajin\u011b v\u010detn\u011b dod\u00e1vek zbran\u00ed a voj\u00e1k\u016f. Sou\u010dasn\u011b s t\u00edm re\u017eim zah\u00e1jil velkou PR ofenz\u00edvu, kter\u00e1 m\u00e1 pro v\u00e1lku a zapojen\u00ed N\u011bmecka z\u00edskat i opatrn\u00e9 n\u011bmeck\u00e9 obyvatelstvo.<\/strong><\/p>\n<p>Zat\u00edm je to ale jedno velk\u00e9 fiasko. P<strong>o zemi prob\u00edhaj\u00ed proti v\u00e1le\u010dn\u00e9 demonstrace za \u00fa\u010dasti des\u00edtek tis\u00edc lidi. Ti nesou transparenty \u201eSTOP V\u00e1lce\u201c, nechce druh\u00fd Stalingrad, a pry\u010d s fa\u0161ismem!<\/strong><\/p>\n<p>Kdy\u017e r<strong>e\u017eim um\u00edstil p\u0159ed ruskou ambas\u00e1du v Berl\u00edn\u011b po\u0161kozen\u00fd tank sov\u011btsk\u00e9 v\u00fdroby T72 s propagandistickou v\u00fdstavkou, tak b\u011b\u017en\u00ed lid\u00e9 p\u0159i\u0161li a na v\u00fdraz solidarity s Ruskem zasypali tank kv\u011bty. Nic nepomohla ani snaha n\u011bkolika \u201eaktivist\u016f z Ukrajiny\u201c kv\u011bty za nez\u00e1jmu policie zni\u010dit. N\u011bmci je br\u00e1nili vlastn\u00edmi t\u011bly.<\/strong>\u00a0Byla to pro re\u017eim jedna velk\u00e1 ostuda.<\/p>\n<p>N\u00e1sledn\u011b prob\u011bhla v\u00a0<strong>Berl\u00edne velk\u00e1 demonstrace politi\u010dky\u00a0<a href=\"https:\/\/www.n-tv.de\/politik\/Tausende-Menschen-kommen-zu-Wagenknecht-und-Schwarzer-article23944603.html\">S. Wagenknechtov\u00e9<\/a>, kter\u00e1 r\u00e1zn\u011b odm\u00edt\u00e1 zapojen\u00ed do v\u00e1lky. \u00da\u010dast byla masov\u00e1 a \u00fa\u010dastnili se j\u00ed N\u011bmci z cel\u00e9 zem\u011b<\/strong>\u00a0(ofici\u00e1ln\u011b 13.000 osob, ale zn\u00e1te tyhle ofici\u00e1ln\u00ed odhady prore\u017eimn\u00edch medi\u00ed, \u017ee)<\/p>\n<p><strong>Re\u017eimu se neda\u0159\u00ed N\u011bmc\u016fm vnutit v\u00e1le\u010dn\u00e9 nad\u0161en\u00ed. Zku\u0161enosti z 2. sv\u011btov\u00e9 v\u00e1lky jsou v zemi st\u00e1le je\u0161t\u011b velmi \u017eiv\u00e9 a N\u011bmci za americkou-\u017eidovsk\u00e9 z\u00e1jmy um\u00edrat necht\u011bj\u00ed.<\/strong>\u00a0Pro re\u017eimn\u00ed media\u00a0<a href=\"https:\/\/www.bild.de\/politik\/inland\/politik-inland\/berlin-prorussische-aktivisten-versuchen-panzer-protest-zu-kapern-83024160.bild.html?t_ref=https%3A%2F%2Fm.bild.de%2Fpolitik%2Finland%2Fpolitik-inland%2Fberlin-prorussische-aktivisten-versuchen-panzer-protest-zu-kapern-83024160.bildMobile.html%3Ft_ref%3Dhttps%253A%252F%252Ft.co%252F\">proto zah\u00e1jila kampa\u0148<\/a>, k<strong>de pro m\u00edrovou \u010d\u00e1st populace (to je v\u011bt\u0161ina a tedy nejm\u00e9n\u011b 40 mil N\u011bmc\u016f) ozna\u010duje za \u201ePutinovo agenty a m\u00edrov\u00e9 \u0161tv\u00e1\u010de\u201c. Jen\u017ee jejich vliv je v N\u011bmecku st\u00e1le men\u0161\u00ed a tak se jedn\u00e1 pouze o pl\u00e1cnut\u00ed do vody.<\/strong><\/p>\n<p>N\u011bmeck\u00e1 spole\u010dnost se za\u010d\u00edn\u00e1 probouzet z liber\u00e1ln\u011b demokratick\u00e9 totality.\u00a0<strong>Po masivn\u00edm odporu korona teroru a o\u010dkov\u00e1n\u00ed p\u0159ich\u00e1z\u00ed odpor proti v\u00e1lce. V\u011bt\u0161ina si uv\u011bdomuje, \u017ee v\u00e1lka s Ruskem nen\u00ed v z\u00e1jmu zem\u011b a tak nevid\u00ed d\u016fvod pro\u010d um\u00edrat za ciz\u00ed z\u00e1jmy.<\/strong><\/p>\n<p>Podobn\u011b\u00a0<strong>ne\u00fasp\u011b\u0161n\u00e1 je prov\u00e1le\u010dn\u00e1 PR kampa\u0148 Fialova re\u017eimu. Na demonstrac\u00edch na podporu americko-\u017eidovsk\u00e9 v\u00e1lky na Ukrajin\u011b se sejde p\u00e1r lid\u00ed (p\u0159itom v zemi je 700 000 Ukrajinc\u016f a podle re\u017eimn\u00edch pr\u016fzk\u016fm\u016f pr\u00fd v\u00e1lku podporuje v\u011bt\u0161ina \u010desk\u00e9 populace).<\/strong>\u00a0Holt nejsou v pracovn\u00ed dob\u011b, tak to b\u00fdv\u00e1 na podobn\u00fdch povinn\u00fdch demonstrac\u00edch nevaln\u00e1 \u00fa\u010dast.<strong>\u00a0Pro v\u00e1le\u010dn\u00e9 agitky sna\u017eiv\u00fdch re\u017eimn\u00edch politik\u016f 3. kategorie<\/strong>\u00a0jako Zdechovsk\u00fd (KDU), Lecroix (ODS), Raku\u0161an (Stan), \u010di J\u00e1kob (TOP 09) atd.\u00a0<strong>ve\u0159ejnost nezaj\u00edmaj\u00ed a jsou sp\u00ed\u0161 ter\u010dem posm\u011b\u0161k\u016f a odm\u00edt\u00e1n\u00ed.<\/strong><\/p>\n<p><strong>\u010ceskou spole\u010dnost \u010dek\u00e1 hork\u00e9 jaro, Ukrajinci do\u0161li a na Ukrajin\u011b nyn\u00ed bojuj\u00ed hlavn\u011b Pol\u00e1ci. T\u011bch tak\u00e9 nen\u00ed neomezen\u00fd po\u010det. Dal\u0161\u00ed na \u0159ad\u011b jsou \u010ce\u0161i a Slov\u00e1ci. Nechaj\u00ed se odv\u00e9zt na smrt za z\u00e1jmy samozvan\u00fdch vyvolen\u00fdch vl\u00e1dc\u016f sv\u011bta a bezb\u0159eh\u00fdch hrabivc\u016f a chamtivc\u016f<\/strong>? Nebo se jim postav\u00ed na odpor.\u00a0<strong>Pro v\u00e1le\u010dn\u00e9 s\u00edly jsou u n\u00e1s doma banda zbab\u011blc\u016f. Nebo si mysl\u00edte, \u017ee p\u016fjdou lid\u00e9 jak\u00e9 Fiala, Raku\u0161an, Pojar a dal\u0161\u00ed a budou na ulici odchyt\u00e1vat rekruty do v\u00e1le\u010dn\u00e9 v\u0159avy. Na policie se tak\u00e9 moc spolehnout nebudou, tak p\u0159i korona plandemii odm\u00edtla prosazovat nastolov\u00e1n\u00ed korona teroru v ulic\u00edch a velmi dost mo\u017en\u00e1 se zachov\u00e1 stejn\u011b p\u0159i mobilizaci. Arm\u00e1da na to nem\u00e1 lidi a p\u00e1nov\u00e9 Rothschild. Goldstein, Baruch tak\u00ed\u00e9 ur\u010dit\u011b osobn\u011b nep\u0159ijedou na pomoc. \u010cech\u016f se sta\u010d\u00ed postavit, nerovnat h\u0159bet a pro v\u00e1le\u010dn\u00e1 hysterie \u201e\u010desk\u00e9ho re\u017eimu\u201c skon\u010d\u00ed ze dne na den.<\/strong><\/p>\n<figure class=\"wp-block-image size-full\"><img decoding=\"async\" loading=\"lazy\" class=\"wp-image-14843 aligncenter\" src=\"https:\/\/ceskavec.com\/wp-content\/uploads\/2023\/02\/ukraberlin.jpg\" sizes=\"(max-width: 597px) 100vw, 597px\" srcset=\"https:\/\/ceskavec.com\/wp-content\/uploads\/2023\/02\/ukraberlin.jpg 597w, https:\/\/ceskavec.com\/wp-content\/uploads\/2023\/02\/ukraberlin-150x150.jpg 150w\" alt=\"\" width=\"541\" height=\"544\" \/><figcaption class=\"wp-element-caption\">\n<strong>Pro ukrajinsk\u00e1 skupinka se pokusila roz\u0161lapat tis\u00edce kv\u011bt\u016f, kter\u00e9 p\u0159inesli N\u011bmci jako v\u00fdraz solidarity s Ruskem. V\u00e1le\u010dn\u00e1 PR kampa\u0148 se n\u011bmeck\u00e9mu re\u017eimu neda\u0159\u00ed<\/strong><\/figcaption><\/figure>\n<figure class=\"wp-block-image size-full\"><img decoding=\"async\" loading=\"lazy\" class=\"wp-image-14844 aligncenter\" src=\"https:\/\/ceskavec.com\/wp-content\/uploads\/2023\/02\/image-22.png\" sizes=\"(max-width: 992px) 100vw, 992px\" srcset=\"https:\/\/ceskavec.com\/wp-content\/uploads\/2023\/02\/image-22.png 992w, https:\/\/ceskavec.com\/wp-content\/uploads\/2023\/02\/image-22-300x169.png 300w, https:\/\/ceskavec.com\/wp-content\/uploads\/2023\/02\/image-22-768x432.png 768w, https:\/\/ceskavec.com\/wp-content\/uploads\/2023\/02\/image-22-820x460.png 820w\" alt=\"\" width=\"841\" height=\"473\" \/><figcaption class=\"wp-element-caption\">\nTo re\u017eimu nevy\u0161lo, lid\u00e9 na v\u00fdraz solidarity s Ruskem p\u0159inesli k rusk\u00e9mu tanku tis\u00edce kv\u011btin a n\u00e1sledn\u011b z tanku strhli ukrajinskou fangli.<\/p>\n<p><a href=\"https:\/\/ceskavec.com\/2023\/02\/nemci-odmitaji-masove-valku-proti-rusku-jsou-to-putinovi-mirovi-stvaci-beduji-tamejsi-media-po-fiasku-pro-rezimni-valecne-pr-kampane\">\u010cesk\u00e1 v\u011bc<\/a><\/p>\n<p><img decoding=\"async\" loading=\"lazy\" class=\"wp-image-19187 aligncenter\" src=\"http:\/\/www.infokuryr.cz\/n\/wp-content\/uploads\/2022\/12\/1-PRO-300x36.jpg\" alt=\"\" width=\"1058\" height=\"127\" srcset=\"https:\/\/www.infokuryr.cz\/n\/wp-content\/uploads\/2022\/12\/1-PRO-300x36.jpg 300w, https:\/\/www.infokuryr.cz\/n\/wp-content\/uploads\/2022\/12\/1-PRO.jpg 699w\" sizes=\"(max-width: 1058px) 100vw, 1058px\" \/><\/p>\n<\/figcaption><\/figure>\n","protected":false},"excerpt":{"rendered":"<p>\u201eJsou to Putinovi m\u00edrov\u00ed \u0161tv\u00e1\u010di\u201c, b\u011bduj\u00ed tam\u011bj\u0161\u00ed media po fiasku pro re\u017eimn\u00ed v\u00e1le\u010dn\u00e9 PR kampan\u011b&#8230;<\/p>\n","protected":false},"author":2,"featured_media":23589,"comment_status":"closed","ping_status":"closed","sticky":false,"template":"","format":"standard","meta":[],"categories":[7],"tags":[2396,429,95,3119],"_links":{"self":[{"href":"https:\/\/www.infokuryr.cz\/n\/wp-json\/wp\/v2\/posts\/23588"}],"collection":[{"href":"https:\/\/www.infokuryr.cz\/n\/wp-json\/wp\/v2\/posts"}],"about":[{"href":"https:\/\/www.infokuryr.cz\/n\/wp-json\/wp\/v2\/types\/post"}],"author":[{"embeddable":true,"href":"https:\/\/www.infokuryr.cz\/n\/wp-json\/wp\/v2\/users\/2"}],"replies":[{"embeddable":true,"href":"https:\/\/www.infokuryr.cz\/n\/wp-json\/wp\/v2\/comments?post=23588"}],"version-history":[{"count":0,"href":"https:\/\/www.infokuryr.cz\/n\/wp-json\/wp\/v2\/posts\/23588\/revisions"}],"wp:featuredmedia":[{"embeddable":true,"href":"https:\/\/www.infokuryr.cz\/n\/wp-json\/wp\/v2\/media\/23589"}],"wp:attachment":[{"href":"https:\/\/www.infokuryr.cz\/n\/wp-json\/wp\/v2\/media?parent=23588"}],"wp:term":[{"taxonomy":"category","embeddable":true,"href":"https:\/\/www.infokuryr.cz\/n\/wp-json\/wp\/v2\/categories?post=23588"},{"taxonomy":"post_tag","embeddable":true,"href":"https:\/\/www.infokuryr.cz\/n\/wp-json\/wp\/v2\/tags?post=23588"}],"curies":[{"name":"wp","href":"https:\/\/api.w.org\/{rel}","templated":true}]}}