{"id":23560,"date":"2023-02-27T01:03:40","date_gmt":"2023-02-27T00:03:40","guid":{"rendered":"http:\/\/www.infokuryr.cz\/n\/?p=23560"},"modified":"2023-02-26T16:19:13","modified_gmt":"2023-02-26T15:19:13","slug":"jiri-vyvadil-cina-nabourala-jednotnou-valecnickou-frontu-zapadu","status":"publish","type":"post","link":"https:\/\/www.infokuryr.cz\/n\/2023\/02\/27\/jiri-vyvadil-cina-nabourala-jednotnou-valecnickou-frontu-zapadu\/","title":{"rendered":"Ji\u0159\u00ed Vyvadil: \u010c\u00edna nabourala jednotnou v\u00e1le\u010dnickou frontu Z\u00e1padu"},"content":{"rendered":"<div id=\"fb-root\"><\/div>\n<p><strong>\u010c\u00edna je kl\u00ed\u010dov\u00fd spojenec Ruska a potencion\u00e1ln\u00ed ekonomick\u00fd hegemon sv\u011bta. Takov\u00fd subjekt m\u016f\u017ee zesm\u011b\u0161\u0148ovat jen ignorant, v dan\u00e9m p\u0159\u00edpad\u011b Joe Biden \u010di EU, \u010di bezv\u00fdznamn\u00ed \u010de\u0161t\u00ed politici.<\/strong><\/p>\n<p>P\u0159ekvapiv\u011b zareagoval na tento n\u00e1vrh prezident Zelenskyj, kter\u00fd prohl\u00e1sil, \u017ee by se r\u00e1d setkal s \u010d\u00ednsk\u00fdm prezidentem Si \u0164in-pchingem, aby prodiskutoval jeho n\u00e1vrhy k mo\u017enosti zv\u00e1\u017een\u00ed n\u011bkter\u00fdch aspekt\u016f 12bodov\u00e9ho &#8222;pozi\u010dn\u00edho dokumentu&#8220; zve\u0159ejn\u011bn\u00e9ho \u010d\u00ednsk\u00fdm ministerstvem zahrani\u010d\u00ed.<\/p>\n<p>Zato v\u00e1le\u010dn\u00ed \u0161tv\u00e1\u010di Biden, Ursula von der Leyenov\u00e1 \u010di Jens Stoltenberg jen tvrdili muziku protirusk\u00e9 propagandy.<\/p>\n<p>Peking je kl\u00ed\u010dov\u00fdm strategick\u00fdm spojencem Ruska, kter\u00e9 pova\u017euje za u\u017eite\u010dn\u00e9ho partnera proti Z\u00e1padu a NATO. Americk\u00fd ministr zahrani\u010d\u00ed Antony Blinken uvedl, \u017ee \u010d\u00ednsk\u00e9 spole\u010dnosti ji\u017e dod\u00e1vaj\u00ed Rusku &#8222;nesmrt\u00edc\u00ed&#8220; pomoc, ale dodal, \u017ee existuj\u00ed n\u00e1znaky, \u017ee \u010c\u00edna zva\u017euje odesl\u00e1n\u00ed zbran\u00ed, co\u017e Peking pop\u00edr\u00e1.<\/p>\n<p>D\u0159\u00edve v p\u00e1tek \u010d\u00ednsk\u00e9 ministerstvo zahrani\u010d\u00ed zve\u0159ejnilo 12 bod\u016f, 892 slov &#8222;pozi\u010dn\u00ed dokument&#8220; s c\u00edlem urovnat to, co naz\u00fdv\u00e1 &#8222;ukrajinskou kriz\u00ed&#8220;, ani\u017e by to nazvalo v\u00e1lkou.<\/p>\n<p>&#8222;Pozice \u010c\u00edny stav\u00ed na nem\u00edstn\u00e9m zam\u011b\u0159en\u00ed na takzvan\u00e9 &#8218;legitimn\u00ed bezpe\u010dnostn\u00ed z\u00e1jmy a obavy&#8216; stran, co\u017e nazna\u010duje ospravedln\u011bn\u00ed pro nez\u00e1konnou invazi Ruska a zaml\u017euje role agresora a agresora,&#8220; uvedla na tiskov\u00e9m br\u00edfinku mluv\u010d\u00ed EU pro zahrani\u010dn\u00ed politiku Nabila Massraliov\u00e1.<\/p>\n<p>Pozi\u010dn\u00ed dokument nebere v \u00favahu, kdo je agresorem a kdo ob\u011bt\u00ed nez\u00e1konn\u00e9 a neopr\u00e1vn\u011bn\u00e9 agresivn\u00ed v\u00e1lky,&#8220; \u0159ekl Massrali a ozna\u010dil \u010d\u00ednsk\u00fd pozi\u010dn\u00ed dokument za &#8222;selektivn\u00ed a nedostate\u010dn\u00fd, pokud jde o jejich d\u016fsledky pro ruskou agresivn\u00ed v\u00e1lku proti Ukrajin\u011b.&#8220;<\/p>\n<p>P\u0159edsedkyn\u011b Evropsk\u00e9 komise Ursula von der Leyenov\u00e1 uvedla, \u017ee postoj \u010c\u00edny rozhodn\u011b nen\u00ed neutr\u00e1ln\u00ed.<\/p>\n<p>&#8222;Nen\u00ed to m\u00edrov\u00fd pl\u00e1n, ale principy, kter\u00e9 sd\u00edleli. Mus\u00edte je vid\u011bt na konkr\u00e9tn\u00edm pozad\u00ed. A to je pozad\u00ed, na kter\u00e9 se \u010c\u00edna postavila na jednu stranu, kdy\u017e nap\u0159\u00edklad podepsala neomezen\u00e9 p\u0159\u00e1telstv\u00ed t\u011bsn\u011b p\u0159edt\u00edm, ne\u017e za\u010dala rusk\u00e1 invaze na Ukrajinu,&#8220; \u0159ekla na tiskov\u00e9 konferenci v Estonsku. &#8222;Tak\u017ee se samoz\u0159ejm\u011b pod\u00edv\u00e1me na principy. Ale budeme se na n\u011b d\u00edvat na pozad\u00ed, na kter\u00e9 se \u010c\u00edna postavila na jednu stranu.&#8220;<\/p>\n<p>Gener\u00e1ln\u00ed tajemn\u00edk NATO Stoltenberg se tak\u00e9 p\u0159ipojil k \u00fa\u0159edn\u00edk\u016fm a vylil na Peking kybl\u00edk \u0161p\u00edny.<\/p>\n<p>To, \u017ee \u010c\u00edna za\u010dala mluvit o Ukrajin\u011b, nen\u00ed \u0161patn\u00e1,&#8220; \u0159ekl Zelenskyj podle agentury AP. &#8222;Ale ot\u00e1zkou je, co n\u00e1sleduje po slovech. Ot\u00e1zkou je, kam kroky povedou.&#8220;<\/p>\n<p>Francouzsk\u00fd prezident Emmanuel Macron v sobotu uv\u00edtal iniciativu Pekingu v souvislosti s konfliktem na Ukrajin\u011b a \u0159ekl, \u017ee na za\u010d\u00e1tku dubna nav\u0161t\u00edv\u00ed \u010c\u00ednu a po\u017e\u00e1d\u00e1 \u010c\u00ednu o pomoc p\u0159i ukon\u010den\u00ed v\u00e1lky. &#8222;Skute\u010dnost, \u017ee se \u010c\u00edna anga\u017euje v m\u00edrov\u00e9m \u00fasil\u00ed, je dobr\u00e1 v\u011bc,&#8220; \u0159ekl Macron.<\/p>\n<p>Peking mezit\u00edm v sobotu ozn\u00e1mil, \u017ee b\u011blorusk\u00fd prezident Alexandr Luka\u0161enko nav\u0161t\u00edv\u00ed \u010c\u00ednu na st\u00e1tn\u00ed n\u00e1v\u0161t\u011bv\u011b od 28. \u00fanora do 2. b\u0159ezna. B\u011blorusk\u00e9 ministerstvo zahrani\u010d\u00ed pl\u00e1novanou n\u00e1v\u0161t\u011bvu potvrdilo.<\/p>\n<p>Luka\u0161enko, bl\u00edzk\u00fd spojenec Putina, podpo\u0159il invazi Moskvy na Ukrajinu a dovolil, aby bylo jej\u00ed \u00fazem\u00ed pou\u017eito k rusk\u00e9mu \u00fatoku. Luka\u0161enko minul\u00fd t\u00fdden \u0159ekl, \u017ee jeho zem\u011b je p\u0159ipravena p\u0159ipojit se k rusk\u00e9 v\u00e1lce proti Ukrajin\u011b, pokud bude napadena.<\/p>\n<p>Nep\u0159ece\u0148ujme to. Ov\u0161em v ka\u017ed\u00e9m p\u0159\u00edpad\u011b se ukazuje, \u017ee tvrd\u00e1 pozice Z\u00e1padu dostala prvn\u00ed trhlinu. A samoz\u0159ejm\u011b: \u010c\u00edna um\u00ed mohutn\u011b investovat v zem\u00edch sv\u00e9ho z\u00e1jmu.<\/p>\n<p>Asi tak.<\/p>\n<p><a href=\"https:\/\/vasevec.info\/komentare\/cina-nabourala-jednotnou-valecnickou-frontu-zapadu\">Ji\u0159\u00ed Vyvadil<\/a><\/p>\n<p><img decoding=\"async\" loading=\"lazy\" class=\"alignnone size-medium wp-image-16474\" src=\"http:\/\/www.infokuryr.cz\/n\/wp-content\/uploads\/2022\/10\/jiri-vyvadil-300x200.jpg\" alt=\"\" width=\"300\" height=\"200\" srcset=\"https:\/\/www.infokuryr.cz\/n\/wp-content\/uploads\/2022\/10\/jiri-vyvadil-300x200.jpg 300w, https:\/\/www.infokuryr.cz\/n\/wp-content\/uploads\/2022\/10\/jiri-vyvadil-768x512.jpg 768w, https:\/\/www.infokuryr.cz\/n\/wp-content\/uploads\/2022\/10\/jiri-vyvadil.jpg 800w\" sizes=\"(max-width: 300px) 100vw, 300px\" \/><\/p>\n<p>_____________________________<\/p>\n<p>&nbsp;<\/p>\n<p><img decoding=\"async\" loading=\"lazy\" class=\"wp-image-19187 aligncenter\" src=\"http:\/\/www.infokuryr.cz\/n\/wp-content\/uploads\/2022\/12\/1-PRO-300x36.jpg\" alt=\"\" width=\"1125\" height=\"135\" srcset=\"https:\/\/www.infokuryr.cz\/n\/wp-content\/uploads\/2022\/12\/1-PRO-300x36.jpg 300w, https:\/\/www.infokuryr.cz\/n\/wp-content\/uploads\/2022\/12\/1-PRO.jpg 699w\" sizes=\"(max-width: 1125px) 100vw, 1125px\" \/><\/p>\n<p>&nbsp;<\/p>\n<p>&nbsp;<\/p>\n<p><img decoding=\"async\" loading=\"lazy\" class=\"wp-image-22607 aligncenter\" src=\"http:\/\/www.infokuryr.cz\/n\/wp-content\/uploads\/2023\/02\/cesko_proti_bide-239x300.png\" alt=\"\" width=\"621\" height=\"779\" srcset=\"https:\/\/www.infokuryr.cz\/n\/wp-content\/uploads\/2023\/02\/cesko_proti_bide-239x300.png 239w, https:\/\/www.infokuryr.cz\/n\/wp-content\/uploads\/2023\/02\/cesko_proti_bide-816x1024.png 816w, https:\/\/www.infokuryr.cz\/n\/wp-content\/uploads\/2023\/02\/cesko_proti_bide-768x964.png 768w, https:\/\/www.infokuryr.cz\/n\/wp-content\/uploads\/2023\/02\/cesko_proti_bide.png 846w\" sizes=\"(max-width: 621px) 100vw, 621px\" \/><\/p>\n<p>&nbsp;<\/p>\n","protected":false},"excerpt":{"rendered":"<p>\u010c\u00edna je kl\u00ed\u010dov\u00fd spojenec Ruska a potencion\u00e1ln\u00ed ekonomick\u00fd hegemon sv\u011bta. Takov\u00fd subjekt m\u016f\u017ee zesm\u011b\u0161\u0148ovat jen&#8230;<\/p>\n","protected":false},"author":2,"featured_media":3195,"comment_status":"closed","ping_status":"closed","sticky":false,"template":"","format":"standard","meta":[],"categories":[6],"tags":[30,29,365],"_links":{"self":[{"href":"https:\/\/www.infokuryr.cz\/n\/wp-json\/wp\/v2\/posts\/23560"}],"collection":[{"href":"https:\/\/www.infokuryr.cz\/n\/wp-json\/wp\/v2\/posts"}],"about":[{"href":"https:\/\/www.infokuryr.cz\/n\/wp-json\/wp\/v2\/types\/post"}],"author":[{"embeddable":true,"href":"https:\/\/www.infokuryr.cz\/n\/wp-json\/wp\/v2\/users\/2"}],"replies":[{"embeddable":true,"href":"https:\/\/www.infokuryr.cz\/n\/wp-json\/wp\/v2\/comments?post=23560"}],"version-history":[{"count":0,"href":"https:\/\/www.infokuryr.cz\/n\/wp-json\/wp\/v2\/posts\/23560\/revisions"}],"wp:featuredmedia":[{"embeddable":true,"href":"https:\/\/www.infokuryr.cz\/n\/wp-json\/wp\/v2\/media\/3195"}],"wp:attachment":[{"href":"https:\/\/www.infokuryr.cz\/n\/wp-json\/wp\/v2\/media?parent=23560"}],"wp:term":[{"taxonomy":"category","embeddable":true,"href":"https:\/\/www.infokuryr.cz\/n\/wp-json\/wp\/v2\/categories?post=23560"},{"taxonomy":"post_tag","embeddable":true,"href":"https:\/\/www.infokuryr.cz\/n\/wp-json\/wp\/v2\/tags?post=23560"}],"curies":[{"name":"wp","href":"https:\/\/api.w.org\/{rel}","templated":true}]}}