{"id":23543,"date":"2023-02-26T06:41:53","date_gmt":"2023-02-26T05:41:53","guid":{"rendered":"http:\/\/www.infokuryr.cz\/n\/?p=23543"},"modified":"2023-02-26T06:55:12","modified_gmt":"2023-02-26T05:55:12","slug":"jeden-rok-marny-snahy-porazit-rusko-propaganda-versus-realita","status":"publish","type":"post","link":"https:\/\/www.infokuryr.cz\/n\/2023\/02\/26\/jeden-rok-marny-snahy-porazit-rusko-propaganda-versus-realita\/","title":{"rendered":"Jeden rok marn\u00fd snahy porazit Rusko &#8211; propaganda versus realita"},"content":{"rendered":"<div id=\"fb-root\"><\/div>\n<p><a href=\"https:\/\/antivirus.22web.org\/av\/muj-rodnej-jazyk---nespisovna-cestina.htm\"><img decoding=\"async\" loading=\"lazy\" class=\"cent aligncenter\" src=\"https:\/\/i.postimg.cc\/VNV53hYp\/warning.png\" width=\"919\" height=\"78\" border=\"1\" \/><\/a><\/p>\n<p>Dneska je to p\u0159esn\u011b rok, co se celej sv\u011bt zcvoknul je\u0161t\u011b v\u00edc, ne\u017e byl zcvoklej ty dva roky p\u0159edtim. P\u0159esn\u011b p\u0159ed rokem byli n\u00e1hle covidioti vytla\u010deni z ve\u0159ejn\u00fdho prostoru ukronacistama (co\u017e teda byli v podstat\u011b ti sam\u00ed bioroboti, akor\u00e1t m\u00edsto rou\u0161kou se za\u010dali oh\u00e1n\u011bt ukrajinskou vlajkou, p\u0159\u00edpadn\u011b si vyr\u00e1b\u011bli rou\u0161ky z ukrajinsk\u00fd vlajky). B\u011bhem v podstat\u011b jednoho dne p\u0159estala pandemie fakticky existovat a v\u0161ichni se mohli p\u0159etrhnout, aby vyznali nehynouc\u00ed l\u00e1sku jednej z nejzkorumpovan\u011bj\u0161\u00edch zem\u00ed na sv\u011bt\u011b, pln\u00fd psychopatickejch nacist\u016f, kte\u0159\u00ed tam tou dobou u\u017e 8 let vyvra\u017e\u010fovali civiln\u00ed obyvatelstvo na jihov\u00fdchod\u011b zem\u011b.<\/p>\n<p>To civiln\u00ed obyvatelstvo po\u017e\u00e1dalo o pomoc velk\u00fdho medv\u011bda a medv\u011bd samoz\u0159ejm\u011b p\u0159i\u0161el. M\u00e9dia o m\u00e9\u010fov\u011b pomoci mluvily jako o nez\u00e1konnej invazi suver\u00e9nn\u00ed zem\u011b, a\u010dkoliv o mnoho let d\u0159\u00edve \u0159\u00edkali n\u011b\u010demu podobn\u00fdmu &#8222;humanit\u00e1rn\u00ed bombardov\u00e1n\u00ed&#8220;. Na\u0161e velmi progresivn\u00ed vl\u00e1da reagovala velmi rychle &#8211; opravdu velmi. S nev\u00eddanou &#8222;odvahou&#8220; zbab\u011ble b\u011bhem 24 hodin zajistila vypnut\u00ed n\u011bkolika web\u016f, u nich\u017e hrozilo, \u017ee by v\u011bcem \u0159\u00edkali jinak, ne\u017e se jim m\u011blo \u0159\u00edkat, a \u017ee by mohly lidem nem\u00edstn\u011b p\u0159ipom\u00ednat takov\u00fd ne\u017e\u00e1douc\u00ed v\u011bci, jako \u017ee Ukrajina m\u00e1 n\u011bjakou historii a nedej bo\u017ee jak\u00e1 ta historie je.<\/p>\n<p>Populace, kter\u00e1 se pomalu prob\u00edrala ze zfanatizovanosti neviditeln\u00fdm a nevid\u011bn\u00fdm virem, se b\u011bhem p\u00e1r hodin nechala tot\u00e1ln\u011b zfanatizovat agres\u00ed krvela\u010dnejch \u00fato\u010dn\u00edk\u016f, kte\u0159\u00ed z\u00e1ke\u0159n\u011b bez jak\u00fdkoliv provokace napadli m\u00edrumilovn\u00fd hodn\u00fd lidi. \u017de ti &#8222;\u00fato\u010dn\u00edci&#8220; byli v podstat\u011b lidi, kte\u0159\u00ed se 8 let br\u00e1nili, \u017ee provokac\u00ed bylo za tu dobu nes\u010detn\u011b, a \u017ee ti m\u00edrumilovn\u00ed hodn\u00ed lidi byli nacisti, nikoho nezaj\u00edmalo. N\u011bjak m\u00e1m pocit, \u017ee spousta idiot\u016f to nepochopila dodne\u0161ka.<\/p>\n<p>Tak\u017ee za\u010dala f\u00e1ze historie, kterej se pozd\u011bji odborn\u011b za\u010dalo \u0159\u00edkat\u00a0<i>Sl\u00e1ma u krav\u00edna<\/i>, podle jak\u00fdhosi zvl\u00e1\u0161tn\u00edho pok\u0159iku lid\u00ed potetovanejch h\u00e1k\u00e1\u010dema. Jeliko\u017e z\u00e1\u0161kodn\u00edci z alternativn\u00edch m\u00e9di\u00ed byli aspo\u0148 \u010d\u00e1ste\u010dn\u011b zne\u0161kodn\u011bni, masm\u00e9dia m\u011bly volnou ruku v\u00a0<a href=\"https:\/\/antivirus.22web.org\/av\/220325-jak-media-lzou-o-ukrajine.htm\">naprosto pravdivym<\/a>\u00a0informov\u00e1n\u00ed lid\u00ed o tom, \u017ee Ukrajina vyhr\u00e1v\u00e1 a ka\u017edou chv\u00edli vytla\u010d\u00ed medv\u011bda zp\u00e1tky na Kam\u010datku. (Skoro se \u010dlov\u011bk a\u017e b\u00e1l, \u017ee to p\u0159e\u017eenou a do\u017eenou ho a\u017e na Alja\u0161ku.)<\/p>\n<p>Celej rok jsme sly\u0161eli, jak udatn\u00ed Ukrajinci state\u010dn\u011b bojujou a\u00a0<i>vyhr\u00e1vaji<\/i>. Denn\u011b jsme \u010detli o tom, \u017ee Rus\u016fm doch\u00e1z\u00ed v\u0161echno od tank\u016f a\u017e po \u010dist\u00fd pono\u017eky a vydr\u017e\u00ed maxim\u00e1ln\u011b tak je\u0161t\u011b t\u0159i dny. Taky jsme byli informov\u00e1ni, \u017ee soudruh Putin je na smrt nemocnej a ka\u017edou chv\u00edli to s nim sekne. A taky \u017ee na\u0161e geni\u00e1ln\u00ed sankce Rusko systematicky ni\u010d\u00ed.<\/p>\n<p>Byli jsme uji\u0161\u0165ov\u00e1ni, \u017ee udatn\u00ed Azovci, co\u00a0<a href=\"https:\/\/antivirus.22web.org\/av\/220605-jaky-nacisti-prosim-te-tam-zadny-nejsou.htm\">v\u016fbec nejsou nacisti<\/a>, u\u017e brzo vy\u017eenou zbab\u011bl\u00fd a hloup\u00fd RuSS\u00e1ky z Donbasu a dobudou zp\u00e1tky Krym. Tak\u017ee bylo jasn\u00fd, \u017ee do roka a do dne bude medv\u011bd zahnanej a pora\u017eenej a Ukrajina bude oslavovat svoj\u00ed svobodu a demokracii a prosperitu.<\/p>\n<p>Ten rok je za n\u00e1ma, tak\u017ee m\u016f\u017eeme zhodnotit, jak to dopadlo.<\/p>\n<p>V\u0161ichni krom\u011b t\u011bch nejzabedn\u011bn\u011bj\u0161\u00edch tupc\u016f (kterejch je ale asi po\u0159\u00e1d je\u0161t\u011b dost) v\u00ed, \u017ee U krav\u00edna u\u017e d\u00e1vno bojujou hlavn\u011b jednotky NATOst\u00e1nu, jeliko\u017e z ukroarm\u00e1dy toho moc nezbylo. O pluku Azov, co\u017e byla ta nejbojeschopn\u011bj\u0161\u00ed \u010d\u00e1st ukroarm\u00e1dy, u\u017e dlouho nepadlo ani slovo. To slovo &#8222;Azov&#8220; u\u017e zn\u00ed skoro cize a nezn\u00e1m\u011b, a\u010dkoliv sv\u00fdho \u010dasu bylo ve zpr\u00e1v\u00e1ch asi 86-kr\u00e1t denn\u011b.<\/p>\n<p>No ale kdy\u017e proti Rusku bojuje NATO, nejsiln\u011bj\u0161\u00ed arm\u00e1da ve vesm\u00edru, s nejlep\u0161\u00edma zbran\u011bma, tak o to sp\u00ed\u0161 je jasn\u00fd, \u017ee Rusko nem\u00e1 \u0161anci, ne? Stru\u010dn\u011b si projdeme\u00a0<i>v\u00fdsledky<\/i>\u00a0tohodle ro\u010dn\u00edho pacht\u011bn\u00ed, jeho\u017e c\u00edlem m\u011blo bejt polo\u017een\u00ed Ruska na lopatky.<\/p>\n<ul>\n<li>Krym pat\u0159\u00ed st\u00e1le Rusku a nic nenasv\u011bd\u010duje tomu, \u017ee by se na tom m\u011blo n\u011bco zm\u011bnit.<\/li>\n<li>Z Donbasu Rusy nikdo nevyhnal. Naopak &#8211; Don\u011bck a Luhansk jsou te\u010f sou\u010d\u00e1st\u00ed Ruska.<\/li>\n<li>Stejn\u011b tak jsou nav\u00edc sou\u010d\u00e1st\u00ed Ruska i Z\u00e1poro\u017e\u00ed a Cherson.<\/li>\n<li>Po roce neust\u00e1l\u00fdho ka\u017edodenn\u00edho prohr\u00e1v\u00e1n\u00ed Rusov\u00e9 po\u0159\u00e1d neprohr\u00e1li.<\/li>\n<li>A\u010dkoliv u\u017e 365 dn\u00ed Rus\u016fm doch\u00e1z\u00ed v\u0161echny zbran\u011b a z\u00e1soby, po\u0159\u00e1d je\u0161t\u011b jim nedo\u0161ly.<\/li>\n<li>Sankce nejen \u017ee Rusko ne a ne zni\u010dit, ale v mnoha ohledech ho je\u0161t\u011b pos\u00edlily.<\/li>\n<li>Sankce ale systematicky ni\u010d\u00ed Evropskou Uhniji, co\u017e v\u0161ichni vid\u00edme, kam se pod\u00edv\u00e1me.<\/li>\n<li>NATO p\u0159i\u0161lo o v\u011bt\u0161inu zbran\u00ed, kter\u00fd bu\u010f zlikvidovali Rusov\u00e9, nebo nakoupili za pakatel teroristi.<\/li>\n<li>Hloupejma dod\u00e1vkama zbran\u00ed se p\u0159iblbl\u00fd st\u00e1ty jako \u010cechist\u00e1n zruinovaly a zadlu\u017eily nadosmrti.<\/li>\n<li>Rusko jede d\u00e1l, pln\u00ed svoje c\u00edle, a je\u0161t\u011b ani zdaleka nenasadilo svoj\u00ed plnou s\u00edlu.<\/li>\n<li>Putin je navzdory v\u0161em zaru\u010denejm zpr\u00e1v\u00e1m po\u0159\u00e1d \u017eivej a zdravej a je mu n\u011bkdy i do sm\u00edchu.<\/li>\n<\/ul>\n<p>Zaj\u00edmalo by m\u011b, kde asi soudruzi z NATOst\u00e1nu ud\u011blali chybu. Co se jim vlastn\u011b poda\u0159ilo? Akor\u00e1t tak odbouchnout Nord Stream, ale to je op\u011bt n\u011bco, co po\u0161kodilo ne Rusko, ale Evropu.<\/p>\n<p>My tady samoz\u0159ejm\u011b v\u00edme, \u017ee z\u00e1padn\u00ed m\u00e9dia a agentury o v\u0161em l\u017eou, ale jak si to v\u0161echno m\u00e1 vysv\u011btlovat pr\u016fm\u011brnej zomb\u00edk? Kdy\u017e mu z\u00e1padn\u00ed agentury rok tvrd\u00ed, \u017ee Rus\u016fm za 3 dny v\u0161echno dojde, a po 333 dnech se tak po\u0159\u00e1d nestane, tak jsou jen dv\u011b mo\u017enosti. Bu\u010f ty agentury l\u017eou, nebo jsou to bandy nekompetentn\u00edch idiot\u016f, kter\u00fd v\u016fbec nech\u00e1pou situaci. V\u00fdsledek je nicm\u00e9n\u011b v obou p\u0159\u00edpadech ten,\u00a0<i>\u017ee se jim ned\u00e1 nic v\u011b\u0159it<\/i>. Le\u010d zomb\u00edci po\u0159\u00e1d v\u011b\u0159\u00ed. To je svym zp\u016fsobem docela obdivuhodn\u00fd.<\/p>\n<p>Zomb\u00edci si asi po\u0159\u00e1d mysl\u00ed, \u017ee Ukrajina m\u00e1 n\u011bjakou funk\u010dn\u00ed arm\u00e1du. Doporu\u010doval bych jim pod\u00edvat se na video jednoho \u010desk\u00fdho\u00a0<a href=\"https:\/\/www.youtube.com\/watch?v=OVGfJyPCKQo\" target=\"_blank\" rel=\"noopener\">arm\u00e1dn\u00edho nad\u0161ence<\/a>, kterej tej slavnej ukroarm\u00e1d\u011b jel pomoct. Sice evidentn\u011b je\u0161t\u011b nepochopil, \u017ee bojuje na \u0161patnej stran\u011b, ale o to je zaj\u00edmav\u011bj\u0161\u00ed, co \u0159\u00edk\u00e1. Pochopil aspo\u0148 to, \u017ee ukroarm\u00e1da je \u00fapln\u011b k hovnu a bez \u0161anc\u00ed na jakejkoliv \u00fasp\u011bch. Je to jen bezedn\u00e1 d\u00edra na prachy. To bohu\u017eel zahrnuje i na\u0161e prachy.<\/p>\n<p>Kdy\u017e se v pr\u016fb\u011bhu v\u00e1lky \u0159\u00edk\u00e1 na ka\u017edej stran\u011b n\u011bco jin\u00fdho o tom, kdo vyhr\u00e1v\u00e1 a jak\u00fd m\u00e1 ztr\u00e1ty, ned\u00e1 se mo\u017en\u00e1 v\u011b\u0159it nikomu. \u010cemu se ale v\u017edycky d\u00e1 v\u011b\u0159it, jsou ty v\u00fdsledky. A po roce m\u00e1me celkem velk\u00fd mno\u017estv\u00ed v\u00fdsledk\u016f. Jist\u00fd je p\u0159inejmen\u0161\u00edm to, \u017ee se \u010dty\u0159i regiony p\u0159ipojily k Rusku, a \u017ee Rusko neprohr\u00e1lo a Rus\u016fm nedo\u0161ly \u017e\u00e1dn\u00fd zbran\u011b ani z\u00e1soby. Tohle jsou fakta, o kterejch se ned\u00e1 pochybovat.<\/p>\n<p>Mimo jin\u00e9 teda najisto v\u00edme, \u017ee kdokoliv tvrdil, \u017ee Rus\u016fm za 3 dny n\u011bco dojde, tak bu\u010f lhal nebo je to idiot nebo oboj\u00ed. Stejn\u011b tak v\u00edme, \u017ee kdokoliv celej rok tvrdil, \u017ee Rusko prohr\u00e1v\u00e1, kdy\u017e v\u00fdsledkem je z\u00edsk\u00e1n\u00ed \u010dty\u0159 region\u016f a ztr\u00e1ta \u017e\u00e1dn\u00fdho, tak mele hadry. Kdo tvrdil, \u017ee sankce Rusko polo\u017e\u00ed, tak se v lep\u0161\u00edm p\u0159\u00edpad\u011b splet a v hor\u0161\u00edm p\u0159\u00edpad\u011b lhal. Rozhodn\u011b nem\u011bl pravdu. Prost\u011b ub\u011bhlo dostatek \u010dasu na to, abysme vid\u011bli n\u011bjak\u00fd v\u00fdsledky, a v\u0161echny dosavadn\u00ed v\u00fdsledky n\u00e1m jasn\u011b ukazujou, \u017ee m\u00e9dia NATOst\u00e1nu n\u00e1m celou dobu lhaly.<\/p>\n<p><b>Neboli zomb\u00edci, co t\u011bm m\u00e9di\u00edm ze za\u010d\u00e1tku v\u011b\u0159ili, by si mo\u017en\u00e1 u\u017e kone\u010dn\u011b mohli za\u010d\u00edt v\u0161\u00edmat toho, \u017ee\u00a0<i>skute\u010dn\u00fd v\u00fdsledky<\/i>\u00a0t\u011bm jejich &#8222;informac\u00edm&#8220;\u00a0<i>neodpov\u00eddaji<\/i>.<\/b><\/p>\n<p><a href=\"https:\/\/antivirus.22web.org\/av\/230224-jeden-rok-marny-snahy-porazit-rusko.htm\">ANTIVIRUS<\/a><\/p>\n<p>&nbsp;<\/p>\n<p><img decoding=\"async\" loading=\"lazy\" class=\"wp-image-19187 aligncenter\" src=\"http:\/\/www.infokuryr.cz\/n\/wp-content\/uploads\/2022\/12\/1-PRO-300x36.jpg\" alt=\"\" width=\"1125\" height=\"135\" srcset=\"https:\/\/www.infokuryr.cz\/n\/wp-content\/uploads\/2022\/12\/1-PRO-300x36.jpg 300w, https:\/\/www.infokuryr.cz\/n\/wp-content\/uploads\/2022\/12\/1-PRO.jpg 699w\" sizes=\"(max-width: 1125px) 100vw, 1125px\" \/><\/p>\n<p>&nbsp;<\/p>\n<p>&nbsp;<\/p>\n<p><img decoding=\"async\" loading=\"lazy\" class=\"wp-image-22607 aligncenter\" src=\"http:\/\/www.infokuryr.cz\/n\/wp-content\/uploads\/2023\/02\/cesko_proti_bide-239x300.png\" alt=\"\" width=\"709\" height=\"890\" srcset=\"https:\/\/www.infokuryr.cz\/n\/wp-content\/uploads\/2023\/02\/cesko_proti_bide-239x300.png 239w, https:\/\/www.infokuryr.cz\/n\/wp-content\/uploads\/2023\/02\/cesko_proti_bide-816x1024.png 816w, https:\/\/www.infokuryr.cz\/n\/wp-content\/uploads\/2023\/02\/cesko_proti_bide-768x964.png 768w, https:\/\/www.infokuryr.cz\/n\/wp-content\/uploads\/2023\/02\/cesko_proti_bide.png 846w\" sizes=\"(max-width: 709px) 100vw, 709px\" \/><\/p>\n<p>&nbsp;<\/p>\n<p>&nbsp;<\/p>\n","protected":false},"excerpt":{"rendered":"<p>Dneska je to p\u0159esn\u011b rok, co se celej sv\u011bt zcvoknul je\u0161t\u011b v\u00edc, ne\u017e byl zcvoklej&#8230;<\/p>\n","protected":false},"author":2,"featured_media":18404,"comment_status":"closed","ping_status":"closed","sticky":false,"template":"","format":"standard","meta":[],"categories":[6],"tags":[28,1697,851,158,26],"_links":{"self":[{"href":"https:\/\/www.infokuryr.cz\/n\/wp-json\/wp\/v2\/posts\/23543"}],"collection":[{"href":"https:\/\/www.infokuryr.cz\/n\/wp-json\/wp\/v2\/posts"}],"about":[{"href":"https:\/\/www.infokuryr.cz\/n\/wp-json\/wp\/v2\/types\/post"}],"author":[{"embeddable":true,"href":"https:\/\/www.infokuryr.cz\/n\/wp-json\/wp\/v2\/users\/2"}],"replies":[{"embeddable":true,"href":"https:\/\/www.infokuryr.cz\/n\/wp-json\/wp\/v2\/comments?post=23543"}],"version-history":[{"count":0,"href":"https:\/\/www.infokuryr.cz\/n\/wp-json\/wp\/v2\/posts\/23543\/revisions"}],"wp:featuredmedia":[{"embeddable":true,"href":"https:\/\/www.infokuryr.cz\/n\/wp-json\/wp\/v2\/media\/18404"}],"wp:attachment":[{"href":"https:\/\/www.infokuryr.cz\/n\/wp-json\/wp\/v2\/media?parent=23543"}],"wp:term":[{"taxonomy":"category","embeddable":true,"href":"https:\/\/www.infokuryr.cz\/n\/wp-json\/wp\/v2\/categories?post=23543"},{"taxonomy":"post_tag","embeddable":true,"href":"https:\/\/www.infokuryr.cz\/n\/wp-json\/wp\/v2\/tags?post=23543"}],"curies":[{"name":"wp","href":"https:\/\/api.w.org\/{rel}","templated":true}]}}