{"id":23533,"date":"2023-02-26T01:04:46","date_gmt":"2023-02-26T00:04:46","guid":{"rendered":"http:\/\/www.infokuryr.cz\/n\/?p=23533"},"modified":"2023-02-25T18:03:12","modified_gmt":"2023-02-25T17:03:12","slug":"jindrich-kulhavy-maly-navrat-do-nedavne-historie","status":"publish","type":"post","link":"https:\/\/www.infokuryr.cz\/n\/2023\/02\/26\/jindrich-kulhavy-maly-navrat-do-nedavne-historie\/","title":{"rendered":"Jind\u0159ich Kulhav\u00fd: Mal\u00fd n\u00e1vrat do ned\u00e1vn\u00e9 historie"},"content":{"rendered":"<div id=\"fb-root\"><\/div>\n<p><span class=\"anotation\">Rozpad Var\u0161avsk\u00e9 smlouvy a RVHP spojen\u00fd s\u00a0v\u00fdm\u011bnou veden\u00ed v\u00a0samotn\u00e9m Sov\u011btsk\u00e9m svazu byl pro Z\u00e1pad darem z\u00a0nebes. Zem\u011bt\u0159esen\u00ed zp\u016fsoben\u00e9 rozd\u011blen\u00edm Sov\u011btsk\u00e9ho svazu a\u00a0kooptov\u00e1n\u00ed Borise Jelcina do veden\u00ed Rusk\u00e9 federace v\u00a0letech 1991 a\u017e 1999\u00a0\u00a0bylo dal\u0161\u00edm miln\u00edkem pro zahrani\u010dn\u00ed politiku z\u00e1padn\u00edch zem\u00ed, p\u0159edev\u0161\u00edm USA a Velk\u00e9 Brit\u00e1nie. Alkoholik Jelcin jim \u0161el doslova na ruku a byl pro n\u011b spojencem ochotn\u00fdm plundrovat j\u00edm spravovanou zemi ve jm\u00e9nu spolupr\u00e1ce se Z\u00e1padem. V\u00a0t\u00e9 dob\u011b v\u00a0Rusk\u00e9 federaci stoupnula nejen kriminalita, ale z\u00e1rove\u0148 se hromadili korup\u010dn\u00ed kauzy a rusk\u00e9 prost\u0159ed\u00ed p\u016fsobilo stra\u0161ideln\u011b.<\/span><\/p>\n<div id=\"pagetext\">\n<p>\u00a0\u00a0Rusko bylo v\u017edy pova\u017eov\u00e1no za zdroj nerostn\u00e9ho bohatstv\u00ed, na druhou stranu se Anglosasov\u00e9 nikdy netajili t\u00edm, \u017ee pova\u017euj\u00ed Slovany za odpad lidsk\u00e9 populace. P\u0159istupuj\u00ed k\u00a0nim dlouhodob\u011b jako k\u00a0levn\u00e9 pracovn\u00ed s\u00edle. St\u00e1ty vyman\u011bn\u00e9 z\u00a0vlivu Moskvy a postsov\u011btsk\u00e9 zem\u011b pova\u017eovaly\u00a0od po\u010d\u00e1tku jako otev\u0159enou vstupn\u00ed br\u00e1nu k\u00a0lo\u017eisk\u016fm nesm\u00edrn\u00e9ho rusk\u00e9ho bohatstv\u00ed a politick\u00e9 p\u016fsoben\u00ed Jelcina jim v\u00a0tom d\u00e1valo za pravdu. Naopak p\u0159\u00edchod Vladim\u00edra Putina byl r\u00e1zn\u00fdm \u0161krtem p\u0159es jejich pl\u00e1ny. Putin zm\u011bnil Rusko a dok\u00e1zal rehabilitovat jak ekonomiku, tak i vn\u00edm\u00e1n\u00ed Rusk\u00e9 federace jako zp\u011bt se vr\u00e1tiv\u0161\u00ed velmoci. Anglosasov\u00e9 se v\u0161ak vzd\u00e1t sv\u00fdch pl\u00e1n\u016f necht\u011bj\u00ed a p\u0159es p\u016fsoben\u00ed na Ukrajin\u011b se vr\u00e1tili k\u00a0p\u016fvodn\u00edmu z\u00e1m\u011bru. I to V\u00e1m pom\u016f\u017ee pochopit st\u00e1vaj\u00edc\u00ed situaci, nez\u00e1jem na m\u00edru a st\u00e1l\u00e9 dopl\u0148ov\u00e1n\u00ed zbran\u00ed. Majstr\u0161tykem by pot\u00e9 bylo poslat Slovany proti Slovan\u016fm a v\u00a0d\u00e1li \u010dekat, a\u017e se vybij\u00ed mezi sebou.<\/p>\n<p>V\u00a0kontextu k v\u00fd\u0161e uveden\u00e9mu je t\u0159eba konstatovat, \u017ee to, co se d\u00edky vstupu Putina do Kremlu povedlo v\u00a0Rusku, udr\u017een\u00ed se Luka\u0161enka u moci v\u00a0B\u011blorusku a \u010d\u00e1ste\u010dn\u011b p\u016fsoben\u00ed Orb\u00e1na v\u00a0\u010dele Ma\u010farska, to se nepoda\u0159ilo u n\u00e1s. Na\u0161i politici p\u0159edali Z\u00e1padu kompletn\u011b v\u0161e, co u n\u00e1s m\u011blo hodnotu a z\u00a0kdysi nezadlu\u017een\u00e9ho \u010ceskoslovenska vytvo\u0159ili dva nesamostatn\u00e9 st\u00e1ty zbaven\u00e9 majetku, prosperity a hrdosti. Podobn\u011b p\u0159istoupili Ameri\u010dan\u00e9 k\u00a0dal\u0161\u00edm zem\u00edm b\u00fdval\u00e9ho RVHP \u010di Sov\u011btsk\u00e9ho svazu. Z\u00a0Pobalt\u00ed, Polska, \u010cesk\u00e9 republiky a Slovenska ud\u011blali beranidlo v\u016f\u010di Rusku a ur\u010dit\u00e9 bezpe\u010dnostn\u00ed p\u00e1smo, na kter\u00e9 moment\u00e1ln\u011b dosazuj\u00ed Ameri\u010dan\u00e9 sv\u00e9 vojensk\u00e9 jednotky p\u0159ipravovan\u00e9 k\u00a0\u00fatoku na Rusko. Nepo\u010d\u00edtejte s\u00a0nimi v\u0161ak v\u00a0prvn\u00ed linii, do t\u00e9 maj\u00ed b\u00fdt nasazeni na\u0161i ob\u010dan\u00e9 spole\u010dn\u011b se Slov\u00e1ky, Pol\u00e1ky, ob\u010dany Pobalt\u00ed a Bulharska \u010di Rumunska.<\/p>\n<p>Nen\u00ed to jen o kolaboraci Fialovy vl\u00e1dy. S\u00a0tou za\u010dal u\u017e V\u00e1clav Havel. Kam \u010dert nem\u016f\u017ee, tam se objev\u00ed George Soros. Byl to on, kdo se chv\u00e1st\u00e1 dosazen\u00edm Havla do funkce na\u0161eho prezidenta, ostatn\u011b fotografie po\u0159\u00edzen\u00e1 2 roky p\u0159ed tzv. Sametovou revoluc\u00ed tomu napov\u00edd\u00e1. A na d\u011bn\u00ed u n\u00e1s se pod\u00edl\u00a0Soros po celou dobu existence samostatn\u00e9 \u010cesk\u00e9 republiky. Jeho p\u016fsoben\u00ed p\u0159es r\u016fzn\u00e9 fondy, neziskovky a m\u00e9dia nen\u00ed \u017e\u00e1dn\u00fdm tajemstv\u00edm, tedy stejn\u011b, jako pokus\u00a0rozvr\u00e1tit\u00a0d\u011bn\u00ed v\u00a0B\u011blorusku a Ma\u010farsku. Tam byl v\u0161ak tvrd\u011b odm\u00edtnut, Minsk ust\u00e1l pokus o pu\u010d a Orb\u00e1n v\u00a0Ma\u010farsku Sorose do rodn\u00e9 zem\u011b dvou obrazn\u011b nepustil. Jist\u00fdm d\u016fkazem byla aktivita\u00a0\u010desk\u00e9\u00a0neziskov\u00e9\u00a0organizace \u010clov\u011bk v t\u00edsni pracuj\u00edc\u00ed v re\u017eii Sorose a v Rusku i B\u011blorusku pova\u017eovan\u00e1 za politickou. Na\u0161i mu ol\u00edb\u00e1vaj\u00ed kotn\u00edky a slou\u017e\u00ed jeho z\u00e1jm\u016fm. Fiala je pouhou loutkou Z\u00e1padu a n\u00e1sleduje tak bezcharaktern\u00ed \u0159adu politik\u016f, kte\u0159\u00ed nesou vinu za st\u00e1vaj\u00edc\u00ed situaci u n\u00e1s. Pravdou je, \u017ee nejv\u00edce z premi\u00e9r\u016f slou\u017eili Z\u00e1padu Topol\u00e1nek pr\u00e1v\u011b s\u00a0Fialou, by\u0165 i V\u00e1clav Klaus a Milo\u0161 Zeman, nesm\u00edme zapomenout ani na Grosse, byli t\u011bmi, kte\u0159\u00ed se zna\u010dn\u011b pod\u00edleli na rozkladu \u010desk\u00e9ho hospod\u00e1\u0159stv\u00ed. U V\u00e1clava Klause star\u0161\u00edho v\u00fdvoj napomohl ke zm\u011bn\u011b n\u00e1zor\u016f a mo\u017en\u00e1 by mnoh\u00e9 p\u0159i mo\u017enosti k\u00a0n\u00e1vratu zp\u011bt d\u011blal v\u0161e \u00fapln\u011b jinak.<\/p>\n<p>Vra\u0165me se k\u00a0p\u0159\u00edstupu Z\u00e1padu k\u00a0Rusku. Nyn\u00ed V\u00e1m p\u0159in\u00e1\u0161\u00edme p\u00e1r v\u00fdrok\u016f z\u00e1padn\u00edch politik\u016f, kter\u00e9 mus\u00ed otev\u0159\u00edt o\u010di i t\u011bm nejv\u011bt\u0161\u00edm odp\u016frc\u016fm rusk\u00e9ho re\u017eimu. A pokud ne, je evidentn\u00ed, jak dobrou pr\u00e1ci odv\u00e1d\u00ed \u010desk\u00e1 manipulativn\u00ed m\u00e9dia m\u011bn\u00edc\u00ed my\u0161len\u00ed \u010desk\u00e9ho n\u00e1roda. Je n\u00e1m l\u00edto, \u017ee je plno na\u0161ich spoluob\u010dan\u016f sou\u010d\u00e1st\u00ed ta\u017een\u00ed Z\u00e1padu proti Rus\u016fm, Slovan\u016fm a v\u0161emu, na co jsme mohli b\u00fdt hrd\u00ed.<\/p>\n<p>B. CLINTON: &#8222;C\u00edlem NATO v budoucnosti je nasadit m\u00edrov\u00e9 s\u00edly v regionech etnick\u00fdch konflikt\u016f a hrani\u010dn\u00edch spor\u016f od Atlantick\u00e9ho oce\u00e1nu po poho\u0159\u00ed Ural.&#8220; Sm\u011brnice prezidenta USA Clintona \u00a0z 13.\u00fanora 1992 \u201eNa p\u0159iveden\u00ed Jelcina k moci jsme utratili mnoho miliard dolar\u016f, ale vyplatilo se n\u00e1m to v\u00edc, ne\u017e jsme o\u010dek\u00e1vali: vy\u0159adili jsme politick\u00e9ho konkurenta \u2013 Rusko ze sv\u011btov\u00e9 politiky a za zanedbateln\u00e9 ceny jsme z Ruska od\u010derpali 20-tis\u00edc tun m\u011bdi, 15-tis\u00edc tun hlin\u00edku, 2 tis\u00edc tun c\u00e9sia, ber\u00fdlia, stroncia a mnoh\u00e9 dal\u0161\u00ed suroviny. \u201eZisk\u201c pro USA za p\u0159iveden\u00ed Jelcina k moci byl v\u00edc jak 5700 %. To se je\u0161t\u011b nikdy v historii nestalo!&#8220; (B.Clinton \u201eO stavu zem\u011b\u201c ze 7. \u00fanora 1997).<\/p>\n<p>G. KISSINGER: \u201eKolaps Sov\u011btsk\u00e9ho svazu je bezpochyby nejd\u016fle\u017eit\u011bj\u0161\u00ed ud\u00e1lost\u00ed na\u0161\u00ed doby a Bushova administrativa prok\u00e1zala \u00fa\u017easn\u00e9 schopnosti ve sv\u00e9m p\u0159\u00edstupu k\u00a0tomuto probl\u00e9mu&#8230; \u201eMus\u00ed b\u00fdt up\u0159ednostn\u011bn chaos a ob\u010dansk\u00e1 v\u00e1lka v Rusku p\u0159ed tendenc\u00ed umo\u017enit mu sjednocen\u00ed do jedin\u00e9ho, siln\u00e9ho, centralizovan\u00e9ho st\u00e1tu.\u201c<\/p>\n<p>BRITSK\u00dd PREMI\u00c9R JOHN MAJOR: \u201e\u00dalohou Ruska po prohran\u00e9 studen\u00e9 v\u00e1lce je poskytnout zdroje prosperuj\u00edc\u00edm zem\u00edm. Ale na to jim sta\u010d\u00ed jen p\u00e1r mili\u00f3n\u016f lid\u00ed.\u201c<\/p>\n<p>MARGARET THATCHEROV\u00c1: &#8222;Na \u00fazem\u00ed Ruska je ekonomicky opodstatn\u011bn\u00e9 nechat \u017e\u00edt 15 mili\u00f3n\u016f lid\u00ed, kte\u0159\u00ed budou slou\u017eit na t\u011b\u017ebu ropy a plynu, p\u0159\u00edpadn\u011b v dolech jako otroci&#8220;. \u00a0BEZE STUDU OTEV\u0158EN\u011a HOVO\u0158\u00cd O VYVRA\u017dD\u011aN\u00cd SLOVAN\u016e ! ! !<\/p>\n<p>PORADCE PREZIDENTA USA ZBIGNIEW BRZEZINSKY: ,,\u010c\u00edm men\u0161\u00ed bude populace na tomto \u00fazem\u00ed (SSSR a Rusko), t\u00edm \u00fasp\u011b\u0161n\u011bj\u0161\u00ed bude jeho rozvoj pro c\u00edle Z\u00e1padu. Slovani &#8211; Rusov\u00e9, B\u011blorusov\u00e9, Ukrajinci &#8211; jsou nejvzdorov\u011bj\u0161\u00edmi n\u00e1rody na sv\u011bte. Je mo\u017en\u00e9 je zni\u010dit, ale ne je dob\u00fdt. Proto je t\u0159eba toto sem\u00ednko definitivn\u011b zlikvidovat. Hitler byl hloup\u00fd chlapec, d\u011blal v\u0161e otev\u0159en\u011b. My nebudeme zanech\u00e1vat stopy.&#8220;<\/p>\n<p>GEORGE SOROS: \u201ePot\u0159ebujeme Ukrajinu JAKO TORP\u00c9DO VE V\u00c1LCE S RUSKEM. OSUD OB\u010cAN\u016e T\u00c9TO ZEM\u011a SE N\u00c1S V\u016eBEC NET\u00ddK\u00c1.\u00a0A ANI OSUD SLOV\u00c1K\u016e A \u010cECH\u016e .&#8220;<\/p>\n<p>Mohli bychom pokra\u010dovat, Albrightov\u00e1, Obama, nov\u011b Biden \u010di Johnson se podobn\u011b vyjad\u0159ovali nejen o Rusku a o n\u00e1s, ale celkov\u011b o Slovanech jako takov\u00fdch. Ka\u017ed\u00fd z \u010cech\u016f, Slov\u00e1k\u016f, Pol\u00e1k\u016f a dal\u0161\u00edch n\u00e1rod\u016f, kter\u00e9 si Z\u00e1pad podrobil, by si m\u011bl uv\u011bdomit, \u017ee je to Rusko veden\u00e9 Putinem, kdo vzdoruje hami\u017enosti Anglosas\u016f moment\u00e1ln\u011b zneu\u017e\u00edvaj\u00edc\u00edch Ukrajinc\u016f k boji proto jejich vlastn\u00edm bratr\u016fm a sestr\u00e1m. Majdan, Od\u011bsa, \u00fatoky na rusky hovo\u0159\u00edc\u00ed obyvatelstvo v Donbasu, to v\u0161e je pl\u00e1n Z\u00e1padu. \u010c\u00e1st Ukrajinc\u016f pouze podlehla korupci (kyjevsk\u00e9 veden\u00ed), nacistick\u00e9 ideologii (Azovsk\u00fd prapor a Prav\u00fd sektor), nen\u00e1vist b\u011b\u017en\u00fdch ob\u010dan\u016f pot\u00e9 zp\u016fsobila manipulace m\u00e9di\u00ed. A kdo to nech\u00e1pe, pouze kolaboruje se Z\u00e1padem. Ne, my k n\u011bmu nepat\u0159\u00edme. Jsme Slovan\u00e9.<\/p>\n<p><a href=\"https:\/\/www.inadhled.live\/uvaha-dne\/maly-navrat-do-nedavne-historie\/\">Jind\u0159ich Kulhav\u00fd<\/a><\/p>\n<p><img decoding=\"async\" loading=\"lazy\" class=\"alignnone size-medium wp-image-22653\" src=\"http:\/\/www.infokuryr.cz\/n\/wp-content\/uploads\/2023\/02\/jindra-kulhavy-221x300.jpg\" alt=\"\" width=\"221\" height=\"300\" srcset=\"https:\/\/www.infokuryr.cz\/n\/wp-content\/uploads\/2023\/02\/jindra-kulhavy-221x300.jpg 221w, https:\/\/www.infokuryr.cz\/n\/wp-content\/uploads\/2023\/02\/jindra-kulhavy.jpg 311w\" sizes=\"(max-width: 221px) 100vw, 221px\" \/><\/p>\n<p>______________________<\/p>\n<p>&nbsp;<\/p>\n<\/div>\n<p>&nbsp;<\/p>\n<p><img decoding=\"async\" loading=\"lazy\" class=\"wp-image-19187 aligncenter\" src=\"http:\/\/www.infokuryr.cz\/n\/wp-content\/uploads\/2022\/12\/1-PRO-300x36.jpg\" alt=\"\" width=\"1125\" height=\"135\" srcset=\"https:\/\/www.infokuryr.cz\/n\/wp-content\/uploads\/2022\/12\/1-PRO-300x36.jpg 300w, https:\/\/www.infokuryr.cz\/n\/wp-content\/uploads\/2022\/12\/1-PRO.jpg 699w\" sizes=\"(max-width: 1125px) 100vw, 1125px\" \/><\/p>\n<p>&nbsp;<\/p>\n<p>&nbsp;<\/p>\n<p><img decoding=\"async\" loading=\"lazy\" class=\"wp-image-22607 aligncenter\" src=\"http:\/\/www.infokuryr.cz\/n\/wp-content\/uploads\/2023\/02\/cesko_proti_bide-239x300.png\" alt=\"\" width=\"651\" height=\"817\" srcset=\"https:\/\/www.infokuryr.cz\/n\/wp-content\/uploads\/2023\/02\/cesko_proti_bide-239x300.png 239w, https:\/\/www.infokuryr.cz\/n\/wp-content\/uploads\/2023\/02\/cesko_proti_bide-816x1024.png 816w, https:\/\/www.infokuryr.cz\/n\/wp-content\/uploads\/2023\/02\/cesko_proti_bide-768x964.png 768w, https:\/\/www.infokuryr.cz\/n\/wp-content\/uploads\/2023\/02\/cesko_proti_bide.png 846w\" sizes=\"(max-width: 651px) 100vw, 651px\" \/><\/p>\n<p>&nbsp;<\/p>\n<p>&nbsp;<\/p>\n","protected":false},"excerpt":{"rendered":"<p>Rozpad Var\u0161avsk\u00e9 smlouvy a RVHP spojen\u00fd s\u00a0v\u00fdm\u011bnou veden\u00ed v\u00a0samotn\u00e9m Sov\u011btsk\u00e9m svazu byl pro Z\u00e1pad darem&#8230;<\/p>\n","protected":false},"author":2,"featured_media":23534,"comment_status":"closed","ping_status":"closed","sticky":false,"template":"","format":"standard","meta":[],"categories":[6],"tags":[76,39,3107],"_links":{"self":[{"href":"https:\/\/www.infokuryr.cz\/n\/wp-json\/wp\/v2\/posts\/23533"}],"collection":[{"href":"https:\/\/www.infokuryr.cz\/n\/wp-json\/wp\/v2\/posts"}],"about":[{"href":"https:\/\/www.infokuryr.cz\/n\/wp-json\/wp\/v2\/types\/post"}],"author":[{"embeddable":true,"href":"https:\/\/www.infokuryr.cz\/n\/wp-json\/wp\/v2\/users\/2"}],"replies":[{"embeddable":true,"href":"https:\/\/www.infokuryr.cz\/n\/wp-json\/wp\/v2\/comments?post=23533"}],"version-history":[{"count":0,"href":"https:\/\/www.infokuryr.cz\/n\/wp-json\/wp\/v2\/posts\/23533\/revisions"}],"wp:featuredmedia":[{"embeddable":true,"href":"https:\/\/www.infokuryr.cz\/n\/wp-json\/wp\/v2\/media\/23534"}],"wp:attachment":[{"href":"https:\/\/www.infokuryr.cz\/n\/wp-json\/wp\/v2\/media?parent=23533"}],"wp:term":[{"taxonomy":"category","embeddable":true,"href":"https:\/\/www.infokuryr.cz\/n\/wp-json\/wp\/v2\/categories?post=23533"},{"taxonomy":"post_tag","embeddable":true,"href":"https:\/\/www.infokuryr.cz\/n\/wp-json\/wp\/v2\/tags?post=23533"}],"curies":[{"name":"wp","href":"https:\/\/api.w.org\/{rel}","templated":true}]}}