{"id":23501,"date":"2023-02-25T07:18:01","date_gmt":"2023-02-25T06:18:01","guid":{"rendered":"http:\/\/www.infokuryr.cz\/n\/?p=23501"},"modified":"2023-02-25T07:18:01","modified_gmt":"2023-02-25T06:18:01","slug":"sokujici-exploze-nasilne-trestne-cinnosti-v-nemecku-srovnani-s-ceskem-vam-vyrazi-dech-stejne-jako-kdo-jsou-pachatele","status":"publish","type":"post","link":"https:\/\/www.infokuryr.cz\/n\/2023\/02\/25\/sokujici-exploze-nasilne-trestne-cinnosti-v-nemecku-srovnani-s-ceskem-vam-vyrazi-dech-stejne-jako-kdo-jsou-pachatele\/","title":{"rendered":"\u0160okuj\u00edc\u00ed exploze n\u00e1siln\u00e9 trestn\u00e9 \u010dinnosti v N\u011bmecku! Srovn\u00e1n\u00ed s \u010ceskem V\u00e1m vyraz\u00ed dech! Stejn\u011b jako, kdo jsou pachatel\u00e9!"},"content":{"rendered":"<div id=\"fb-root\"><\/div>\n<p>7. \u00fanora 2023 vydala agentura EU EUAA na\u0159\u00edzen\u00ed, kter\u00e9 mus\u00ed respektovat v\u0161echny zem\u011b EU, tedy i \u010cesko a Slovensko! Podle\u00a0<a href=\"https:\/\/euaa.europa.eu\/country-guidance-syria-2023\">tohoto na\u0159\u00edzen\u00ed EUAA mus\u00ed v\u0161echny st\u00e1ty EU de facto automaticky ud\u011blovat azyl v\u0161em imigrant\u016fm ze S\u00fdrie<\/a>! Toto na\u0159\u00edzen\u00ed podle jeho textu schv\u00e1lila letos v lednu jak\u00e1si: N\u00e1rodn\u00ed poradensk\u00e1 s\u00ed\u0165 vysok\u00fdch politik\u016f a spr\u00e1vn\u00ed rada EUAA. Jak vid\u00edte, \u010cesko a Slovensko u\u017e byly Fialou a Hegerem v ot\u00e1zk\u00e1ch imigrace prod\u00e1ny jak\u00e9si N\u00e1rodn\u00ed poradensk\u00e9 s\u00edti vysok\u00fdch politik\u016f, kter\u00e1 rozhoduje o tom, jak m\u00e1me \u017e\u00edt, bez ohledu na na\u0161e z\u00e1kony! Zaj\u00edmav\u00e9 je, \u017ee to nikomu v na\u0161ich parlamentech nevad\u00ed! Zaj\u00edmav\u00e9 je, \u017ee nikoho nezaj\u00edm\u00e1, \u017ee tzv. c\u00edlov\u00e9 imigra\u010dn\u00ed zem\u011b z\u00e1padn\u00ed EU se pot\u00fdkaj\u00ed s d\u011bsiv\u00fdm n\u00e1r\u016fstem kriminality!<\/p>\n<p>N\u011bmeck\u00fd st\u00e1t Severn\u00ed Por\u00fdn\u00ed-Vestf\u00e1lsko, (NRW), kter\u00e9 m\u00e1 18 milion\u016f obyvatel, vydalo\u00a0<a href=\"https:\/\/polizei.nrw\/presse\/nach-corona-statistik-zuwaechse-bei-diebstahl-und-koerperverletzung\">\u0161okuj\u00edc\u00ed statistiku obrovsk\u00e9 exploze trestn\u00e9 \u010dinnosti v roce 2022<\/a>. \u010c\u00edsla, kter\u00fdm nebudete v\u011b\u0159it, sv\u011bd\u010d\u00ed o naprost\u00e9 nebezpe\u010dnosti masov\u00e9, nekontrolovan\u00e9, imigrace:<\/p>\n<ol>\n<li>Po\u010det v\u0161ech trestn\u00fdch \u010din\u016f:\u00a0 V NRW: 1 366 601\u00a0 \u00a0 \u00a0V \u010cesku: 181 991\u00a0 \u00a0 \u00a0Po p\u0159epo\u010dtu: NRW 417% \u010ceska!<\/li>\n<li>Po\u010det loupe\u017e\u00ed:\u00a0 \u00a0 \u00a0 \u00a0 \u00a0 \u00a0 \u00a0 \u00a0 \u00a0 \u00a0 \u00a0 \u00a0 \u00a0 V NRW: 11 000\u00a0 \u00a0 \u00a0 \u00a0 \u00a0 \u00a0V \u010cesku: 1 413\u00a0 \u00a0 \u00a0 \u00a0 \u00a0Po p\u0159epo\u010dtu: NRW 432% \u010ceska!<\/li>\n<li>Po\u010det kr\u00e1de\u017e\u00ed:\u00a0 \u00a0 \u00a0 \u00a0 \u00a0 \u00a0 \u00a0 \u00a0 \u00a0 \u00a0 \u00a0 \u00a0 \u00a0 V NRW: 480 000\u00a0 \u00a0 \u00a0 \u00a0V \u010cesku: 57 333\u00a0 \u00a0 \u00a0 Po p\u0159epo\u010dtu: NRW 465% \u010ceska!<\/li>\n<li>N\u00e1siln\u00e9 trestn\u00e9 \u010diny:\u00a0 \u00a0 \u00a0 \u00a0 \u00a0 \u00a0 \u00a0 V NRW: 142 000\u00a0 \u00a0 \u00a0 \u00a0 V \u010cesku: 13 110\u00a0 \u00a0 \u00a0 \u00a0Po p\u0159epo\u010dtu: NRW\u00a0 601% \u010ceska!<\/li>\n<li>T\u011b\u017ek\u00e9 ubl\u00ed\u017een\u00ed na zdrav\u00ed:\u00a0 \u00a0 \u00a0 V NRW: 37 294\u00a0 \u00a0 \u00a0 \u00a0 \u00a0 \u00a0V \u010cesku: 4171\u00a0 \u00a0 \u00a0 \u00a0 \u00a0 Po p\u0159epo\u010dtu: NRW\u00a0 \u00a0496% \u010ceska!<\/li>\n<li>Sexu\u00e1ln\u00ed zneu\u017eit\u00ed d\u00edt\u011bte:\u00a0 \u00a0 \u00a0 \u00a0 V NRW: 4 133!\u00a0 \u00a0 \u00a0 \u00a0 \u00a0 \u00a0 \u00a0 \u00a0 \u00a0 \u00a0 \u00a0 \u00a0 \u00a0 \u00a0 \u00a0 \u00a0 \u00a0 \u00a0 \u00a0 \u00a0 \u00a0 \u00a0 \u00a0 \u00a0\u010cesk\u00e1 policie nezve\u0159ejnila!<\/li>\n<li>D\u011btsk\u00e1 pornografie\u00a0 \u00a0 \u00a0 \u00a0 \u00a0 \u00a0 \u00a0 \u00a0 \u00a0V NRW: 11 000!\u00a0 \u00a0 \u00a0 \u00a0 \u00a0V \u010cesku 780\u00a0 \u00a0 \u00a0 \u00a0 \u00a0 \u00a0 Po p\u0159epo\u010dtu: NRW\u00a0 783% \u010ceska!<\/li>\n<li>Vra\u017edy\u00a0 \u00a0 \u00a0 \u00a0 \u00a0 \u00a0 \u00a0 \u00a0 \u00a0 \u00a0 \u00a0 \u00a0 \u00a0 \u00a0 \u00a0 \u00a0 \u00a0 \u00a0 \u00a0 \u00a0V NRW: 380\u00a0 \u00a0 \u00a0 \u00a0 \u00a0 \u00a0 \u00a0 \u00a0 V \u010cesku\u00a0 150\u00a0 \u00a0 \u00a0 \u00a0 \u00a0 \u00a0Po p\u0159epo\u010dtu: NRW 141% \u010ceska!<\/li>\n<li>Kolonka d\u011btsk\u00e1 pornografie zahrnuje i zneu\u017e\u00edv\u00e1n\u00ed d\u011bt\u00ed k nat\u00e1\u010den\u00ed pornografie! Ve v\u00fdpo\u010dtech % je zahrnut i rozd\u00edl v po\u010dtu obyvatel NRW a \u010ceska. (<a href=\"https:\/\/polizei.nrw\/sites\/default\/files\/2023-02\/230221_pks_diagramme_2102.pdf\">P\u0159ehledn\u00e9 grafy<\/a>.) (<a href=\"https:\/\/www.policie.cz\/clanek\/vyvoj-registrovane-kriminality-v-roce-2022.aspx\">\u010cesk\u00e1 statistika<\/a>.)<\/li>\n<\/ol>\n<p><a href=\"https:\/\/rmx.news\/germany\/crime-jumps-in-germanys-most-populous-state-non-germans-vastly-overrepresented-in-serious-offenses-like-murder-and-rape\/\">\u00dadaje o kriminalit\u011b v NRW poukazuj\u00ed na ne\u00fam\u011brn\u00e9 mno\u017estv\u00ed trestn\u00fdch \u010din\u016f sp\u00e1chan\u00fdch pachateli bez n\u011bmeck\u00e9ho pasu<\/a>, kte\u0159\u00ed tvo\u0159\u00ed p\u0159ibli\u017en\u011b 14,2 procenta populace NRW. Tato skupina imigrant\u016f je zodpov\u011bdn\u00e1 za 32,1 procenta v\u0161ech pokus\u016f o vra\u017edu a vra\u017edy v NRW, zat\u00edmco v oblasti zabit\u00ed je zodpov\u011bdn\u00e1 za 41,9 procenta.<\/p>\n<p>V kategorii \u201ezn\u00e1siln\u011bn\u00ed ve zvl\u00e1\u0161\u0165 z\u00e1va\u017en\u00fdch p\u0159\u00edpadech\u201c tvo\u0159\u00ed cizinci ohromuj\u00edc\u00edch 48,1 procenta p\u0159\u00edpad\u016f.<\/p>\n<p>Je t\u0159eba tak\u00e9 poznamenat, \u017ee cizinci, kte\u0159\u00ed z\u00edskali n\u011bmeck\u00e9 ob\u010danstv\u00ed, spolu s imigranty druh\u00e9 generace, kte\u0159\u00ed maj\u00ed n\u011bmeck\u00e9 ob\u010danstv\u00ed, jsou ve statistik\u00e1ch kriminality jednodu\u0161e uvedeni jako \u201eN\u011bmci\u201c, tak\u017ee nen\u00ed jasn\u00e9, za jak\u00e9 procento zlo\u010din\u016f jsou etni\u010dt\u00ed N\u011bmci zodpov\u011bdn\u00ed.<\/p>\n<p>Cizinci jsou tak\u00e9 zna\u010dn\u011b nadm\u011brn\u011b zastoupeni v \u201ezlo\u010dinech sp\u00e1chan\u00fdch skupinami\u201c, p\u0159i\u010dem\u017e \u00fadaje ukazuj\u00ed, \u017ee 75 procent v\u0161ech trestn\u00fdch \u010din\u016f v t\u00e9to oblasti sp\u00e1chali cizinci.\u00a0Osmdes\u00e1t procent v\u0161ech loupe\u017e\u00ed \u010derpac\u00edch stanic sp\u00e1chali tak\u00e9 cizinci.<\/p>\n<p><a href=\"https:\/\/euaa.europa.eu\/news-events\/almost-1-million-asylum-applications-eu-2022\">Zpr\u00e1va EU ze 22. \u00fanora 2022<\/a>: 1 milion imigrant\u016f \u2013 azylant\u016f se dostal do EU v roce 2022! 4 miliony imigrant\u016f \u2013 uprchl\u00edk\u016f z Ukrajiny na\u0161li v EU loni \u00fato\u010di\u0161t\u011b!<\/p>\n<p><a href=\"https:\/\/euaa.europa.eu\/news-events\/almost-1-million-asylum-applications-eu-2022\">Celkov\u00e9 po\u010dty imigrant\u016f v roce 2022 podle zem\u00ed<\/a>, ze kter\u00fdch p\u0159i\u0161li:\u00a0Sy\u0159an\u00e9 (132 000), Afgh\u00e1nci (129 000), Turci (55 000), Venezuelan\u00e9 (51 000), a\u00a0Kolumbijci (43 000),\u00a0 Banglad\u00e9\u0161an\u00e9 (34 000), Gruz\u00ednci (29 000), Indov\u00e9 (26 000),\u00a0Maro\u010dan\u00e9\u00a0(22 000),\u00a0Tunisan\u00e9\u00a0(21 000),\u00a0Egyp\u0165an\u00e9 (15 000),\u00a0Moldavan\u00e9 (8 300).<\/p>\n<p>EU nejv\u00edce kladn\u011b vy\u0159izuje azyl zejm\u00e9na Sy\u0159an\u016fm \u2013 94%, B\u011blorus\u016fm \u2013 88%, Eritrejc\u016fm a Jemenc\u016fm \u2013 84%!<\/p>\n<p>EU nejm\u00e9n\u011b kladn\u011b vy\u0159izuje azyl: Ind\u016fm, Moldavan\u016fm, Severn\u00ed, Makedonc\u016fm a Vietnamc\u016fm \u2013 1%, Tunisan\u016fm 2%, Venezuelan\u016fm, Srb\u016fm a Nep\u00e1lc\u016fm \u2013 3%.<\/p>\n<p>Podle \u00fadaj\u016f EUAA: EU ud\u011blila status uprchl\u00edka 40 procent\u016fm \u017eadatel\u016fm u\u017e na prvn\u00ed \u017e\u00e1dost, a to je je nejvy\u0161\u0161\u00ed \u010d\u00edslo za posledn\u00edch p\u011bt let.<\/p>\n<p>Prost\u011b Brusel d\u011bl\u00e1 v\u0161e proto, abychom byli brzy men\u0161inou ve sv\u00fdch vlastn\u00edch zem\u00edch. Je jasn\u00e9, \u017ee kriminalita v ka\u017ed\u00e9 imigrantsk\u00e9 zemi poroste, stejn\u011b jako se tomu stalo ve \u0160v\u00e9dsku, a v N\u011bmecku! Brzy budeme na \u0159ad\u011b i my, pokud se imigraci nepostav\u00edme!<\/p>\n<p><a href=\"https:\/\/www.michalapetr.com\/map-1611-sokujici-exploze-nasilne-trestne-cinnosti-v-nemecku-srovnani-s-ceskem-vam-vyrazi-dech-stejne-jako-kdo-jsou-pachatele\/\">Michael Svato\u0161<\/a><\/p>\n<p>&nbsp;<\/p>\n<p><img decoding=\"async\" loading=\"lazy\" class=\"wp-image-19187 aligncenter\" src=\"http:\/\/www.infokuryr.cz\/n\/wp-content\/uploads\/2022\/12\/1-PRO-300x36.jpg\" alt=\"\" width=\"1142\" height=\"137\" srcset=\"https:\/\/www.infokuryr.cz\/n\/wp-content\/uploads\/2022\/12\/1-PRO-300x36.jpg 300w, https:\/\/www.infokuryr.cz\/n\/wp-content\/uploads\/2022\/12\/1-PRO.jpg 699w\" sizes=\"(max-width: 1142px) 100vw, 1142px\" \/><\/p>\n<p>&nbsp;<\/p>\n<p>&nbsp;<\/p>\n<p><img decoding=\"async\" loading=\"lazy\" class=\"wp-image-22607 aligncenter\" src=\"http:\/\/www.infokuryr.cz\/n\/wp-content\/uploads\/2023\/02\/cesko_proti_bide-239x300.png\" alt=\"\" width=\"665\" height=\"835\" srcset=\"https:\/\/www.infokuryr.cz\/n\/wp-content\/uploads\/2023\/02\/cesko_proti_bide-239x300.png 239w, https:\/\/www.infokuryr.cz\/n\/wp-content\/uploads\/2023\/02\/cesko_proti_bide-816x1024.png 816w, https:\/\/www.infokuryr.cz\/n\/wp-content\/uploads\/2023\/02\/cesko_proti_bide-768x964.png 768w, https:\/\/www.infokuryr.cz\/n\/wp-content\/uploads\/2023\/02\/cesko_proti_bide.png 846w\" sizes=\"(max-width: 665px) 100vw, 665px\" \/><\/p>\n<p>&nbsp;<\/p>\n<p>&nbsp;<\/p>\n<p>&nbsp;<\/p>\n<p>&nbsp;<\/p>\n","protected":false},"excerpt":{"rendered":"<p>7. \u00fanora 2023 vydala agentura EU EUAA na\u0159\u00edzen\u00ed, kter\u00e9 mus\u00ed respektovat v\u0161echny zem\u011b EU, tedy&#8230;<\/p>\n","protected":false},"author":2,"featured_media":5994,"comment_status":"closed","ping_status":"closed","sticky":false,"template":"","format":"standard","meta":[],"categories":[6],"tags":[1042,76,369,84],"_links":{"self":[{"href":"https:\/\/www.infokuryr.cz\/n\/wp-json\/wp\/v2\/posts\/23501"}],"collection":[{"href":"https:\/\/www.infokuryr.cz\/n\/wp-json\/wp\/v2\/posts"}],"about":[{"href":"https:\/\/www.infokuryr.cz\/n\/wp-json\/wp\/v2\/types\/post"}],"author":[{"embeddable":true,"href":"https:\/\/www.infokuryr.cz\/n\/wp-json\/wp\/v2\/users\/2"}],"replies":[{"embeddable":true,"href":"https:\/\/www.infokuryr.cz\/n\/wp-json\/wp\/v2\/comments?post=23501"}],"version-history":[{"count":0,"href":"https:\/\/www.infokuryr.cz\/n\/wp-json\/wp\/v2\/posts\/23501\/revisions"}],"wp:featuredmedia":[{"embeddable":true,"href":"https:\/\/www.infokuryr.cz\/n\/wp-json\/wp\/v2\/media\/5994"}],"wp:attachment":[{"href":"https:\/\/www.infokuryr.cz\/n\/wp-json\/wp\/v2\/media?parent=23501"}],"wp:term":[{"taxonomy":"category","embeddable":true,"href":"https:\/\/www.infokuryr.cz\/n\/wp-json\/wp\/v2\/categories?post=23501"},{"taxonomy":"post_tag","embeddable":true,"href":"https:\/\/www.infokuryr.cz\/n\/wp-json\/wp\/v2\/tags?post=23501"}],"curies":[{"name":"wp","href":"https:\/\/api.w.org\/{rel}","templated":true}]}}