{"id":23495,"date":"2023-02-25T06:56:17","date_gmt":"2023-02-25T05:56:17","guid":{"rendered":"http:\/\/www.infokuryr.cz\/n\/?p=23495"},"modified":"2023-02-25T06:56:17","modified_gmt":"2023-02-25T05:56:17","slug":"cina-jako-prvni-zeme-na-svete-predstavila-realisticky-12-bodovy-mirovy-plan-pro-ukrajinu","status":"publish","type":"post","link":"https:\/\/www.infokuryr.cz\/n\/2023\/02\/25\/cina-jako-prvni-zeme-na-svete-predstavila-realisticky-12-bodovy-mirovy-plan-pro-ukrajinu\/","title":{"rendered":"\u010c\u00edna jako prvn\u00ed zem\u011b na sv\u011bt\u011b p\u0159edstavila realistick\u00fd 12-bodov\u00fd m\u00edrov\u00fd pl\u00e1n pro Ukrajinu!"},"content":{"rendered":"<div id=\"fb-root\"><\/div>\n<h4>\u010c\u00edna jako prvn\u00ed zem\u011b na sv\u011bt\u011b p\u0159edstavila realistick\u00fd 12-bodov\u00fd m\u00edrov\u00fd pl\u00e1n pro Ukrajinu! Podle n\u00e1vrhu by m\u011blo dojit k demilitarizaci cel\u00e9ho \u00fazem\u00ed Ukrajiny od lev\u00e9ho b\u0159ehu Dn\u011bpru a Kyjev by se m\u011bl rozd\u011blit na v\u00fdchodn\u00ed a z\u00e1padn\u00ed \u010d\u00e1st jako kdysi Berl\u00edn! M\u00edrov\u00fd pl\u00e1n ponech\u00e1v\u00e1 Rusku v\u0161echna dosud obsazen\u00e1 \u00fazem\u00ed Ukrajiny! Pl\u00e1n je pro kolektivn\u00ed Z\u00e1pad zcela nep\u0159ijateln\u00fd a ne\u0159e\u0161\u00ed ani probl\u00e9m debanderizace Ukrajiny a zaji\u0161t\u011bn\u00ed pr\u00e1v n\u00e1rodnostn\u00edch men\u0161in!<\/h4>\n<p>\u010c\u00edna p\u0159esn\u011b na 1. v\u00fdro\u010d\u00ed po\u010d\u00e1tku rusk\u00e9 speci\u00e1ln\u00ed operace na Ukrajin\u011b uve\u0159ejnila dop\u0159edu avizovan\u00fd m\u00edrov\u00fd pl\u00e1n pro Ukrajinu.\u00a0<strong>\u010c\u00ednsk\u00e9 ministerstvo zahrani\u010d\u00ed publikovalo [<a href=\"https:\/\/href.li\/?https:\/\/www.mfa.gov.cn\/eng\/zxxx_662805\/202302\/t20230224_11030713.html\" target=\"_blank\" rel=\"nofollow noopener\">1<\/a>] celkem 12-bodov\u00fd pl\u00e1n na urovn\u00e1n\u00ed konfliktu na Ukrajin\u011b m\u00edrovou cestou<\/strong>, p\u0159i\u010dem\u017e n\u00e1vrhy v dokumentu jsou v\u00edce ne\u017e rozumn\u00e9 a za jin\u00fdch okolnost\u00ed by byly uv\u00edt\u00e1ny sv\u011btovou ve\u0159ejnost\u00ed, zejm\u00e9na na z\u00e1pad\u011b, kter\u00fd je\u0161t\u011b p\u0159ed 30 lety po\u0159\u00e1dal organizovan\u00e9 pochody za m\u00edr a politici ze z\u00e1padn\u00ed Evropy se p\u0159edh\u00e1n\u011bli v m\u00edrov\u00fdch n\u00e1vrz\u00edch po cel\u00e9m sv\u011bt\u011b.<\/p>\n<p>Ub\u011bhlo v\u00edce jak 30 let a role se vym\u011bnily. Dnes to je \u010c\u00edna, kter\u00e1 se sna\u017e\u00ed urovnat v\u00e1lku v Evrop\u011b a p\u0159ich\u00e1z\u00ed s m\u00edrov\u00fdm n\u00e1vrhem jako prvn\u00ed zem\u011b na sv\u011bt\u011b, proto\u017ee \u017e\u00e1dn\u00e1 ze z\u00e1padn\u00edch zem\u00ed s m\u00edrov\u00fdm n\u00e1vrhem p\u0159ij\u00edt nechce, proto\u017ee \u201cm\u00edr\u201d v ot\u00e1zce Ukrajiny je dnes pro z\u00e1padn\u00ed politiky sprost\u00e9 slovo a vznikaj\u00ed neuv\u011b\u0159iteln\u00e9 oxymorony a novotvary jako \u201c<em>m\u00edrov\u00fd \u0161tv\u00e1\u010d<\/em>\u201d nebo \u201c<em>prorusk\u00fd \u0161v\u00e1b<\/em>\u201d \u010di \u201c<em>dezol\u00e1t<\/em>\u201c.<\/p>\n<figure id=\"attachment_54848\" class=\"wp-caption aligncenter\" style=\"width: 683px;\"><a href=\"https:\/\/aeronet.news\/wp-content\/uploads\/WangYi_MSEC_FT.jpg\"><img decoding=\"async\" loading=\"lazy\" class=\"wp-image-54848 \" src=\"https:\/\/aeronet.news\/wp-content\/uploads\/WangYi_MSEC_FT-1024x614.jpg\" sizes=\"(max-width: 700px) 100vw, 700px\" srcset=\"https:\/\/aeronet.news\/wp-content\/uploads\/WangYi_MSEC_FT-1024x614.jpg 1024w, https:\/\/aeronet.news\/wp-content\/uploads\/WangYi_MSEC_FT-300x180.jpg 300w, https:\/\/aeronet.news\/wp-content\/uploads\/WangYi_MSEC_FT-768x461.jpg 768w, https:\/\/aeronet.news\/wp-content\/uploads\/WangYi_MSEC_FT-700x420.jpg 700w, https:\/\/aeronet.news\/wp-content\/uploads\/WangYi_MSEC_FT-595x357.jpg 595w, https:\/\/aeronet.news\/wp-content\/uploads\/WangYi_MSEC_FT-805x483.jpg 805w, https:\/\/aeronet.news\/wp-content\/uploads\/WangYi_MSEC_FT.jpg 1280w\" alt=\"\" width=\"683\" height=\"410\" \/><\/a><figcaption class=\"wp-caption-text\">\u010c\u00ednsk\u00fd ministr zahrani\u010d\u00ed Wang Yi na bezpe\u010dnostn\u00ed konferenci v Mnichov\u011b<\/figcaption><\/figure>\n<p>Cel\u00e1 Evropsk\u00e1 unie je projektem pohrobk\u016f nacist\u016f III. \u0158\u00ed\u0161e maskovan\u00fdch do cvi\u010debn\u00edch \u00fabor\u016f neoliber\u00e1l\u016f, kte\u0159\u00ed v politick\u00e9 rovin\u011b ale p\u0159edcvi\u010duj\u00ed prostn\u00e1 cvi\u010den\u00ed hajlov\u00e1n\u00edm pravou rukou a podn\u011bcov\u00e1n\u00edm pov\u00e1le\u010dn\u00e9ho revan\u0161ismu a revizionismu v cel\u00e9 Evrop\u011b.\u00a0<strong>Trvalo to n\u011bjak\u00fdch 33 let, tedy cel\u00e1 Kristova l\u00e9ta po roce 1989, ne\u017e byl b\u00fdval\u00fd V\u00fdchodn\u00ed blok p\u0159evychov\u00e1n a nao\u010dkov\u00e1n rusofobi\u00ed a nen\u00e1vist\u00ed ke v\u0161emu rusk\u00e9mu<\/strong>\u00a0stejn\u011b, jako touto nen\u00e1vist\u00ed Hitler\u016fv re\u017eim o\u010dkoval N\u011bmce proti bol\u0161evik\u016fm a \u017did\u016fm.<\/p>\n<p>Ten proces v N\u011bmecku prob\u00edhal ji\u017e od 20. let minul\u00e9ho stolet\u00ed a pln\u011b se rozvinul a\u017e po\u010d\u00e1tkem 40. let v dob\u011b v\u00e1lky. Evropsk\u00fdm pohrobk\u016fm nacist\u016f tato indoktrinaci obyvatel V\u00fdchodn\u00edho bloku zabrala o dek\u00e1du d\u00e9le, proto\u017ee je\u0161t\u011b v letech 2007 a\u017e 2009 \u010ce\u0161i ost\u0159e protestovali proti um\u00edst\u011bn\u00ed americk\u00e9 radarov\u00e9 z\u00e1kladny v Brdech. To bylo p\u0159ed 16 lety, tedy skoro o 1 generaci d\u0159\u00edve, kdy dne\u0161n\u00ed neoliber\u00e1lov\u00e9 zdaleka nem\u011bli nad \u010cechy takovou moc.<\/p>\n<h6><span style=\"font-size: 18pt;\">Sv\u011bt obr\u00e1cen\u00fd naruby, kdy\u017e m\u00edrov\u00e9 n\u00e1vrhy na urovn\u00e1n\u00ed v\u00e1lky v Evrop\u011b mus\u00ed p\u0159edkl\u00e1dat komunist\u00e9 z \u010c\u00edny<\/span><\/h6>\n<p>Proces na 1. priorit\u011b v\u0161ak vychoval novou proti-\u010deskou generaci, kter\u00e1 nen\u00e1vid\u00ed \u010desk\u00fd st\u00e1t a \u010desk\u00e9 vlastenectv\u00ed, kter\u00e1 adoruje USA, Evropskou unii a Brusel, kter\u00e1 nezn\u00e1 vlastn\u00ed minulost a kter\u00e1 trp\u00ed obrovskou rusofobi\u00ed nao\u010dkovanou ze \u0161kolstv\u00ed a z m\u00e9di\u00ed. Evropa je tak znovu proti-rusky nao\u010dkovan\u00e1 a tud\u00ed\u017e maj\u00ed politici volnou ruku pro vyvol\u00e1n\u00ed v\u00e1lky mezi NATO a Ruskem. P\u0159esn\u011b kv\u016fli tomu se to d\u011bl\u00e1, aby to nebyli politici, kte\u0159\u00ed \u0161tvou n\u00e1rod do v\u00e1lky, ale aby to byl lid, kter\u00fd to \u017e\u00e1d\u00e1 a politici lidu vyjdou vst\u0159\u00edc.<\/p>\n<figure id=\"attachment_54849\" class=\"wp-caption aligncenter\" style=\"width: 696px;\"><a href=\"https:\/\/aeronet.news\/wp-content\/uploads\/WangYiSergeyLavrov.jpg\"><img decoding=\"async\" loading=\"lazy\" class=\"wp-image-54849 \" src=\"https:\/\/aeronet.news\/wp-content\/uploads\/WangYiSergeyLavrov-1024x683.jpg\" sizes=\"(max-width: 700px) 100vw, 700px\" srcset=\"https:\/\/aeronet.news\/wp-content\/uploads\/WangYiSergeyLavrov-1024x683.jpg 1024w, https:\/\/aeronet.news\/wp-content\/uploads\/WangYiSergeyLavrov-300x200.jpg 300w, https:\/\/aeronet.news\/wp-content\/uploads\/WangYiSergeyLavrov-768x512.jpg 768w, https:\/\/aeronet.news\/wp-content\/uploads\/WangYiSergeyLavrov-700x467.jpg 700w, https:\/\/aeronet.news\/wp-content\/uploads\/WangYiSergeyLavrov-535x357.jpg 535w, https:\/\/aeronet.news\/wp-content\/uploads\/WangYiSergeyLavrov-724x483.jpg 724w, https:\/\/aeronet.news\/wp-content\/uploads\/WangYiSergeyLavrov.jpg 1280w\" alt=\"\" width=\"696\" height=\"464\" \/><\/a><figcaption class=\"wp-caption-text\">Minist\u0159i zahrani\u010d\u00ed Wang Yi a Sergej Lavrov<\/figcaption><\/figure>\n<p>Obrovsk\u00fd \u0159ev o sl\u00e1m\u011b u krav\u00edna nep\u0159ich\u00e1z\u00ed jen o politik\u016f, ale od oby\u010dejn\u00fdch lid\u00ed, od kter\u00fdch byste to nikdy ne\u010dekali.\u00a0<strong>Nam\u00edsto star\u00e9ho hesla o\u00a0<em>jm\u00e9nech hloup\u00fdch na v\u0161ech sloup\u00edch<\/em>\u00a0se dnes v\u0161ude cpou a maluj\u00ed modro-\u017elut\u00e9 hadry a lidem to logicky za\u010d\u00edn\u00e1 j\u00edt na nervy.<\/strong>\u00a0<em>Ukravinec sem, Ukravinec tam! Ukravinka tady, Ukravinka t\u00e1mhle!<\/em>\u00a0A cel\u00e1 Evropa chce do v\u00e1lky proti Rusovi a n\u011bjak\u00fd m\u00edr je pro n\u011b ne\u017e\u00e1douc\u00ed. A tak mus\u00ed p\u0159ij\u00edt \u010c\u00ed\u0148an, komunista a za\u010dne p\u0159edkl\u00e1dat pl\u00e1n. Poj\u010fme si ten 12-bodov\u00fd pl\u00e1n Pekingu pro Ukrajinu ocitovat:<\/p>\n<h6><span style=\"font-size: 18pt;\">Postoj \u010c\u00edny k politick\u00e9mu \u0159e\u0161en\u00ed ukrajinsk\u00e9 krize<\/span><br \/>\n<span style=\"font-size: 18pt;\">2023-02-24 09:00<\/span><\/h6>\n<p><span style=\"font-size: 18pt;\"><strong>1<\/strong>.<\/span> Respektov\u00e1n\u00ed suverenity v\u0161ech zem\u00ed. V\u0161eobecn\u011b uzn\u00e1van\u00e9 mezin\u00e1rodn\u00ed pr\u00e1vo, v\u010detn\u011b c\u00edl\u016f a z\u00e1sad Charty OSN, mus\u00ed b\u00fdt p\u0159\u00edsn\u011b dodr\u017eov\u00e1no. Mus\u00ed b\u00fdt \u00fa\u010dinn\u011b dodr\u017eov\u00e1na svrchovanost, nez\u00e1vislost a \u00fazemn\u00ed celistvost v\u0161ech zem\u00ed. V\u0161echny zem\u011b, velk\u00e9 i mal\u00e9, siln\u00e9 i slab\u00e9, bohat\u00e9 i chud\u00e9, jsou rovnocenn\u00fdmi \u010dleny mezin\u00e1rodn\u00edho spole\u010denstv\u00ed. V\u0161echny strany by m\u011bly spole\u010dn\u011b dodr\u017eovat z\u00e1kladn\u00ed normy, jimi\u017e se \u0159\u00edd\u00ed mezin\u00e1rodn\u00ed vztahy, a h\u00e1jit mezin\u00e1rodn\u00ed spravedlnost a \u010destnost. Je t\u0159eba podporovat rovn\u00e9 a jednotn\u00e9 uplat\u0148ov\u00e1n\u00ed mezin\u00e1rodn\u00edho pr\u00e1va a odm\u00edtnout dvoj\u00ed standardy.<\/p>\n<p><span style=\"font-size: 18pt;\"><strong>2.<\/strong>\u00a0<\/span>Opustit mentalitu studen\u00e9 v\u00e1lky. Bezpe\u010dnost jedn\u00e9 zem\u011b by nem\u011bla b\u00fdt sledov\u00e1na na \u00fakor ostatn\u00edch. Bezpe\u010dnost regionu by nem\u011bla b\u00fdt dosahov\u00e1na posilov\u00e1n\u00edm nebo roz\u0161i\u0159ov\u00e1n\u00edm vojensk\u00fdch blok\u016f. Legitimn\u00ed bezpe\u010dnostn\u00ed z\u00e1jmy a obavy v\u0161ech zem\u00ed je t\u0159eba br\u00e1t v\u00e1\u017en\u011b a \u0159\u00e1dn\u011b se jimi zab\u00fdvat. Slo\u017eit\u00fd probl\u00e9m nem\u00e1 jednoduch\u00e9 \u0159e\u0161en\u00ed. V\u0161echny strany by m\u011bly v souladu s viz\u00ed spole\u010dn\u00e9, komplexn\u00ed, kooperativn\u00ed a udr\u017eiteln\u00e9 bezpe\u010dnosti a s ohledem na dlouhodob\u00fd m\u00edr a stabilitu ve sv\u011bt\u011b p\u0159isp\u011bt k vytvo\u0159en\u00ed vyv\u00e1\u017een\u00e9, \u00fa\u010dinn\u00e9 a udr\u017eiteln\u00e9 evropsk\u00e9 bezpe\u010dnostn\u00ed architektury. V\u0161echny strany by se m\u011bly postavit proti prosazov\u00e1n\u00ed vlastn\u00ed bezpe\u010dnosti na \u00fakor bezpe\u010dnosti ostatn\u00edch, zabr\u00e1nit blokov\u00e9 konfrontaci a spole\u010dn\u011b usilovat o m\u00edr a stabilitu na euroasijsk\u00e9m kontinentu.<\/p>\n<p><span style=\"font-size: 18pt;\"><strong>3.<\/strong>\u00a0<\/span>Ukon\u010den\u00ed nep\u0159\u00e1telstv\u00ed. Konflikty a v\u00e1lky nikomu neprosp\u00edvaj\u00ed. V\u0161echny strany mus\u00ed z\u016fstat rozumn\u00e9 a zachovat zdr\u017eenlivost, vyhnout se rozdm\u00fdch\u00e1v\u00e1n\u00ed ohn\u011b a zvy\u0161ov\u00e1n\u00ed nap\u011bt\u00ed a zabr\u00e1nit dal\u0161\u00edmu zhor\u0161ov\u00e1n\u00ed krize nebo dokonce jej\u00edmu vymknut\u00ed se kontrole. V\u0161echny strany by m\u011bly podpo\u0159it Rusko a Ukrajinu v tom, aby pracovaly stejn\u00fdm sm\u011brem a co nejrychleji obnovily p\u0159\u00edm\u00fd dialog s c\u00edlem postupn\u011b deeskalovat situaci a nakonec dos\u00e1hnout \u00fapln\u00e9ho p\u0159\u00edm\u011b\u0159\u00ed.<\/p>\n<p><span style=\"font-size: 18pt;\"><strong>4.<\/strong>\u00a0<\/span>Obnoven\u00ed m\u00edrov\u00fdch rozhovor\u016f. Dialog a jedn\u00e1n\u00ed jsou jedin\u00fdm sch\u016fdn\u00fdm \u0159e\u0161en\u00edm ukrajinsk\u00e9 krize. Je t\u0159eba podporovat a povzbuzovat ve\u0161ker\u00e9 \u00fasil\u00ed vedouc\u00ed k m\u00edrov\u00e9mu urovn\u00e1n\u00ed krize. Mezin\u00e1rodn\u00ed spole\u010denstv\u00ed by m\u011blo z\u016fstat oddan\u00e9 spr\u00e1vn\u00e9mu p\u0159\u00edstupu k podpo\u0159e m\u00edrov\u00fdch rozhovor\u016f, pomoci stran\u00e1m konfliktu co nejd\u0159\u00edve otev\u0159\u00edt dve\u0159e k politick\u00e9mu urovn\u00e1n\u00ed a vytvo\u0159it podm\u00ednky a platformy pro obnoven\u00ed jedn\u00e1n\u00ed. \u010c\u00edna bude v tomto ohledu i nad\u00e1le hr\u00e1t konstruktivn\u00ed roli.<\/p>\n<p><span style=\"font-size: 18pt;\"><strong>5.<\/strong>\u00a0<\/span>\u0158e\u0161en\u00ed humanit\u00e1rn\u00ed krize. Je t\u0159eba povzbuzovat a podporovat v\u0161echna opat\u0159en\u00ed vedouc\u00ed ke zm\u00edrn\u011bn\u00ed humanit\u00e1rn\u00ed krize. Humanit\u00e1rn\u00ed operace by se m\u011bly \u0159\u00eddit z\u00e1sadami neutrality a nestrannosti a humanit\u00e1rn\u00ed ot\u00e1zky by nem\u011bly b\u00fdt politizov\u00e1ny. Je t\u0159eba \u00fa\u010dinn\u011b chr\u00e1nit bezpe\u010dnost civilist\u016f a z\u0159\u00eddit humanit\u00e1rn\u00ed koridory pro evakuaci civilist\u016f z oblast\u00ed konfliktu. Je t\u0159eba vyvinout \u00fasil\u00ed o zv\u00fd\u0161en\u00ed humanit\u00e1rn\u00ed pomoci v p\u0159\u00edslu\u0161n\u00fdch oblastech, zlep\u0161it humanit\u00e1rn\u00ed podm\u00ednky a zajistit rychl\u00fd, bezpe\u010dn\u00fd a neomezen\u00fd p\u0159\u00edstup humanit\u00e1rn\u00ed pomoci s c\u00edlem zabr\u00e1nit humanit\u00e1rn\u00ed krizi v\u011bt\u0161\u00edho rozsahu. OSN by m\u011bla b\u00fdt podporov\u00e1na v koordina\u010dn\u00ed \u00faloze p\u0159i sm\u011brov\u00e1n\u00ed humanit\u00e1rn\u00ed pomoci do konfliktn\u00edch oblast\u00ed.<\/p>\n<p><span style=\"font-size: 18pt;\"><strong>6.<\/strong>\u00a0<\/span>Ochrana civilist\u016f a v\u00e1le\u010dn\u00fdch zajatc\u016f. Strany konfliktu by m\u011bly p\u0159\u00edsn\u011b dodr\u017eovat mezin\u00e1rodn\u00ed humanit\u00e1rn\u00ed pr\u00e1vo, vyvarovat se \u00fatok\u016f na civilisty nebo civiln\u00ed za\u0159\u00edzen\u00ed, chr\u00e1nit \u017eeny, d\u011bti a dal\u0161\u00ed ob\u011bti konfliktu a respektovat z\u00e1kladn\u00ed pr\u00e1va v\u00e1le\u010dn\u00fdch zajatc\u016f. \u010c\u00edna podporuje v\u00fdm\u011bnu v\u00e1le\u010dn\u00fdch zajatc\u016f mezi Ruskem a Ukrajinou a vyz\u00fdv\u00e1 v\u0161echny strany, aby pro tento \u00fa\u010del vytvo\u0159ily p\u0159\u00edzniv\u011bj\u0161\u00ed podm\u00ednky.<\/p>\n<p><span style=\"font-size: 18pt;\"><strong>7.<\/strong>\u00a0<\/span>Zachov\u00e1n\u00ed bezpe\u010dnosti jadern\u00fdch elektr\u00e1ren. \u010c\u00edna se stav\u00ed proti ozbrojen\u00fdm \u00fatok\u016fm na jadern\u00e9 elektr\u00e1rny nebo jin\u00e1 m\u00edrov\u00e1 jadern\u00e1 za\u0159\u00edzen\u00ed a vyz\u00fdv\u00e1 v\u0161echny strany, aby dodr\u017eovaly mezin\u00e1rodn\u00ed pr\u00e1vo v\u010detn\u011b \u00damluvy o jadern\u00e9 bezpe\u010dnosti (\u00daJB) a rozhodn\u011b p\u0159edch\u00e1zely jadern\u00fdm hav\u00e1ri\u00edm zp\u016fsoben\u00fdm \u010dlov\u011bkem. \u010c\u00edna podporuje Mezin\u00e1rodn\u00ed agenturu pro atomovou energii (MAAE) v jej\u00ed konstruktivn\u00ed \u00faloze p\u0159i prosazov\u00e1n\u00ed bezpe\u010dnosti a zabezpe\u010den\u00ed m\u00edrov\u00fdch jadern\u00fdch za\u0159\u00edzen\u00ed.<\/p>\n<p><span style=\"font-size: 18pt;\"><strong>8.<\/strong>\u00a0<\/span>Sni\u017eov\u00e1n\u00ed strategick\u00fdch rizik. Jadern\u00e9 zbran\u011b nesm\u00ed b\u00fdt pou\u017eity a jadern\u00e9 v\u00e1lky nesm\u00ed b\u00fdt vedeny. Hrozba jadern\u00fdmi zbran\u011bmi nebo jejich pou\u017eit\u00ed by m\u011bly b\u00fdt odm\u00edt\u00e1ny. Je t\u0159eba zabr\u00e1nit \u0161\u00ed\u0159en\u00ed jadern\u00fdch zbran\u00ed a zabr\u00e1nit jadern\u00fdm kriz\u00edm. \u010c\u00edna je proti v\u00fdzkumu, v\u00fdvoji a pou\u017eit\u00ed chemick\u00fdch a biologick\u00fdch zbran\u00ed jakoukoli zem\u00ed za jak\u00fdchkoli okolnost\u00ed.<\/p>\n<p><span style=\"font-size: 18pt;\"><strong>9.<\/strong>\u00a0<\/span>Usnadn\u011bn\u00ed v\u00fdvozu obil\u00ed. V\u0161echny strany mus\u00ed pln\u011b a \u00fa\u010dinn\u011b a vyv\u00e1\u017een\u011b prov\u00e1d\u011bt \u010dernomo\u0159skou obilnou iniciativu podepsanou Ruskem, Tureckem, Ukrajinou a OSN a podporovat OSN, aby v tomto ohledu hr\u00e1la d\u016fle\u017eitou roli. Iniciativa spolupr\u00e1ce v oblasti celosv\u011btov\u00e9 potravinov\u00e9 bezpe\u010dnosti, kterou navrhla \u010c\u00edna, p\u0159edstavuje sch\u016fdn\u00e9 \u0159e\u0161en\u00ed celosv\u011btov\u00e9 potravinov\u00e9 krize.<\/p>\n<p><span style=\"font-size: 18pt;\"><strong>10.<\/strong><\/span>\u00a0Zastaven\u00ed jednostrann\u00fdch sankc\u00ed. Jednostrann\u00e9 sankce a maxim\u00e1ln\u00ed n\u00e1tlak nemohou probl\u00e9m vy\u0159e\u0161it, pouze vytv\u00e1\u0159ej\u00ed nov\u00e9 probl\u00e9my. \u010c\u00edna se stav\u00ed proti jednostrann\u00fdm sankc\u00edm nepovolen\u00fdm Radou bezpe\u010dnosti OSN. P\u0159\u00edslu\u0161n\u00e9 zem\u011b by m\u011bly p\u0159estat zneu\u017e\u00edvat jednostrann\u00e9 sankce a \u201cjurisdikci dlouh\u00fdch rukou\u201d v\u016f\u010di jin\u00fdm zem\u00edm, aby se pod\u00edlely na deeskalaci ukrajinsk\u00e9 krize a vytvo\u0159ily rozvojov\u00fdm zem\u00edm podm\u00ednky pro r\u016fst jejich ekonomik a lep\u0161\u00ed \u017eivot jejich obyvatel.<\/p>\n<p><span style=\"font-size: 18pt;\"><strong>11.<\/strong>\u00a0<\/span>Udr\u017een\u00ed stability pr\u016fmyslov\u00fdch a dodavatelsk\u00fdch \u0159et\u011bzc\u016f. V\u0161echny strany by m\u011bly horliv\u011b udr\u017eovat st\u00e1vaj\u00edc\u00ed sv\u011btov\u00fd hospod\u00e1\u0159sk\u00fd syst\u00e9m a vystupovat proti vyu\u017e\u00edv\u00e1n\u00ed sv\u011btov\u00e9 ekonomiky jako n\u00e1stroje nebo zbran\u011b pro politick\u00e9 \u00fa\u010dely. Je t\u0159eba vyvinout spole\u010dn\u00e9 \u00fasil\u00ed, aby se zm\u00edrnily vedlej\u0161\u00ed \u00fa\u010dinky krize a zabr\u00e1nilo se naru\u0161en\u00ed mezin\u00e1rodn\u00ed spolupr\u00e1ce v oblasti energetiky, financ\u00ed, obchodu s potravinami a dopravy a podkop\u00e1n\u00ed glob\u00e1ln\u00edho hospod\u00e1\u0159sk\u00e9ho o\u017eiven\u00ed.<\/p>\n<p><span style=\"font-size: 18pt;\"><strong>12.<\/strong>\u00a0<\/span>Podpora obnovy po skon\u010den\u00ed konflikt\u016f. Mezin\u00e1rodn\u00ed spole\u010denstv\u00ed mus\u00ed p\u0159ijmout opat\u0159en\u00ed na podporu postkonfliktn\u00ed obnovy v konfliktn\u00edch oblastech. \u010c\u00edna je p\u0159ipravena poskytnout pomoc a hr\u00e1t v tomto \u00fasil\u00ed konstruktivn\u00ed roli.<\/p>\n<h6><span style=\"font-size: 18pt;\">Ukrajina ztratila po roce 2014 sv\u00fdmi \u010diny a kroky proti vlastn\u00edmu obyvatelstvu n\u00e1rok a pr\u00e1vo na samostatn\u00fd st\u00e1t<\/span><\/h6>\n<p>\u010c\u00edna v dokumentu zopakovala rusk\u00fd po\u017eadavek z konce roku 2021 na USA a NATO, \u017ee bezpe\u010dnost jedn\u00e9 zem\u011b nesm\u00ed b\u00fdt uplat\u0148ovan\u00e1 na \u00fakor bezpe\u010dnosti jin\u00e9 zem\u011b. To se t\u00fdk\u00e1 p\u0159edev\u0161\u00edm ohro\u017een\u00ed Ruska pl\u00e1nem na p\u0159ijet\u00ed siln\u011b proti-rusky a od roku 2014 banderovsky \u0159\u00edzen\u00e9 Ukrajiny za \u010dlena NATO.\u00a0<strong>Cel\u00e1 Ukrajina je od roku 2014 bezpr\u00e1vn\u00ed st\u00e1t, kter\u00fd nem\u00e1 n\u00e1rok na vlastn\u00ed existenci, proto\u017ee 8 let tyranizoval a terorizoval n\u011bkolik milion\u016f vlastn\u00edch ob\u010dan\u016f jenom kv\u016fli jejich etnick\u00e9mu p\u016fvodu a rase.<\/strong><\/p>\n<p>Tedy kv\u016fli rusk\u00e9 n\u00e1rodnosti, kterou uv\u00e1d\u011bli p\u0159i s\u010d\u00edt\u00e1n\u00ed obyvatelstva v uplynul\u00fdch dek\u00e1d\u00e1ch b\u011bhem census\u016f obyvatel\u00e9 Ukrajiny do dotazn\u00edk\u016f. Ukrajina po roce 2014 p\u0159ijala celkem \u010dty\u0159i z\u00e1kony na z\u00e1kaz rusk\u00e9ho jazyka, a to ve \u0161kolstv\u00ed, na \u00fa\u0159adech, v obchodn\u00edm styku a v tisku. Vzhledem k tomu, \u017ee na Ukrajin\u011b mluv\u00ed rusky 61% obyvatel, bylo p\u0159ijet\u00ed takov\u00fdch z\u00e1kon\u016f zlo\u010dinem proti vlastn\u00edmu lidu a formou genocidy.<\/p>\n<figure id=\"attachment_50406\" class=\"wp-caption aligncenter\" style=\"width: 686px;\"><a href=\"https:\/\/aeronet.news\/wp-content\/uploads\/EthnicMapUkraine.jpg\"><img decoding=\"async\" loading=\"lazy\" class=\"wp-image-50406 \" src=\"https:\/\/aeronet.news\/wp-content\/uploads\/EthnicMapUkraine-1024x717.jpg\" sizes=\"(max-width: 700px) 100vw, 700px\" srcset=\"https:\/\/aeronet.news\/wp-content\/uploads\/EthnicMapUkraine-1024x717.jpg 1024w, https:\/\/aeronet.news\/wp-content\/uploads\/EthnicMapUkraine-300x210.jpg 300w, https:\/\/aeronet.news\/wp-content\/uploads\/EthnicMapUkraine-768x538.jpg 768w, https:\/\/aeronet.news\/wp-content\/uploads\/EthnicMapUkraine-700x490.jpg 700w, https:\/\/aeronet.news\/wp-content\/uploads\/EthnicMapUkraine-510x357.jpg 510w, https:\/\/aeronet.news\/wp-content\/uploads\/EthnicMapUkraine-690x483.jpg 690w, https:\/\/aeronet.news\/wp-content\/uploads\/EthnicMapUkraine.jpg 1280w\" alt=\"\" width=\"686\" height=\"480\" \/><\/a><figcaption class=\"wp-caption-text\">Jazykov\u00e9 rozd\u011blen\u00ed na Ukrajin\u011b podle dat posledn\u00edho s\u010d\u00edt\u00e1n\u00ed lidu na Ukrajin\u011b z roku 2001<\/figcaption><\/figure>\n<p>Na Ukrajin\u011b mluv\u00ed ukrajinsky jen 19% obyvatelstva\u00a0<strong>[<a href=\"https:\/\/href.li\/?https:\/\/reconsideringrussia.org\/2014\/03\/02\/what-is-ukraine\/ukraine-language-map\/\" target=\"_blank\" rel=\"nofollow noopener\">2<\/a>]<\/strong>, zbytek obyvatel hovo\u0159\u00ed rusky anebo\u00a0<em>sur\u017eykem<\/em>, co\u017e je mix ru\u0161tiny a ukrajin\u0161tiny podobn\u00fd mixu n\u00e1\u0159e\u010d\u00ed na Slov\u00e1cku mezi \u010de\u0161tinou a sloven\u0161tinou. Ukrajina jako takov\u00e1 tud\u00ed\u017e nem\u00e1 n\u00e1rok na vlastn\u00ed st\u00e1t v takov\u00e9m obrovsk\u00e9m rozm\u011bru a rozsahu, jak\u00fd Ukrajin\u011b p\u0159id\u011blili bol\u0161evici po revoluci v roce 1917.<\/p>\n<p>Jazykov\u00fd komplex \u010cech\u016f, Moravan\u016f a Slezan\u016f je nezpochybniteln\u00fd, stejn\u011b jako Slov\u00e1k\u016f. Ov\u0161em Ukrajinci maj\u00ed sv\u016fj jazyk jen na Hali\u010di a t\u00edm to hasne. Dokonce i komediant Zelensk\u00fd pou\u017e\u00edv\u00e1\u00a0<em>sur\u017eyk<\/em>\u00a0a potom to po n\u011bm vyst\u0159\u00edh\u00e1vaj\u00ed ze streamu. Ukrajina zkr\u00e1tka jako multin\u00e1rodn\u00ed st\u00e1t existovat nem\u016f\u017ee, proto\u017ee t\u011bch 8 let po roce 2014 prok\u00e1zalo, \u017ee Banderovci usiluj\u00ed o etnick\u00e9 vy\u010di\u0161t\u011bn\u00ed Ukrajiny od rusk\u00e9ho etnika, a to bylo u\u017e p\u0159es \u010d\u00e1ru. \u010c\u00ednsk\u00fd pl\u00e1n tud\u00ed\u017e p\u0159in\u00e1\u0161\u00ed \u0159e\u0161en\u00ed. Nebo sp\u00ed\u0161 prvn\u00ed n\u00e1st\u0159el \u0159e\u0161en\u00ed s mnoha nedostatky.<\/p>\n<h6><span style=\"font-size: 18pt;\">\u010c\u00edna navrhuje demilitarizaci v\u00fdchodn\u00ed Ukrajiny od lev\u00e9ho b\u0159ehu Dn\u011bpru a rozd\u011blen\u00ed Kyjeva na v\u00fdchodn\u00ed a z\u00e1padn\u00ed \u010d\u00e1st rozd\u011blenou tokem \u0159eky<\/span><\/h6>\n<p>Ukrajina by podle tohoto pl\u00e1nu m\u011bla b\u00fdt od lev\u00e9ho b\u0159ehu Dn\u011bpru zcela demilitarizov\u00e1na a ukrajinsk\u00e1 arm\u00e1da by se odtamtud musela st\u00e1hnout na prav\u00fd b\u0159eh Dn\u011bpru, v\u010detn\u011b vojensk\u00fdch z\u00e1kladen a kas\u00e1ren. Kyjev by m\u011bl b\u00fdt rozd\u011blen na v\u00fdchodn\u00ed (ruskojazy\u010dn\u00fd) a z\u00e1padn\u00ed (sur\u017eyk) Kyjev. Rozd\u011blit na dv\u011b \u010d\u00e1sti tokem \u0159eky by se m\u011bla i m\u011bsta Dn\u011bpr a Z\u00e1poro\u017e\u00ed. T\u00edm by se o\u017eivil model v\u00fdchodn\u00edho a z\u00e1padn\u00edho Berl\u00edna. A co je zaj\u00edmav\u00e9, \u017ee demilitarizovan\u00e1 z\u00f3na by m\u011bla m\u00edt sv\u00e9 hlavn\u00ed m\u011bsto, etnicky rusk\u00fd Charkov nez\u00e1visl\u00fd na Kyjevu. Ukrajina na prav\u00e9m b\u0159ehu by si ponechala za hlavn\u00ed m\u011bsto Kyjev, ale pouze jeho z\u00e1padn\u00ed \u010d\u00e1st.<\/p>\n<p><strong>Tento demilitarizovan\u00fd prostor by se pro Ruskou federaci stal n\u00e1razn\u00edkov\u00fdm p\u00e1smem v p\u0159\u00edpad\u011b agrese Ukrajiny nebo NATO.<\/strong>\u00a0Vypr\u00e1zdn\u011bn\u00fd a demilitarizovan\u00fd prostor by byl hl\u00edd\u00e1n mezin\u00e1rodn\u00edmi pozorovateli, kte\u0159\u00ed by dohl\u00ed\u017eeli na uchov\u00e1n\u00ed demilitarizovan\u00e9ho statusu. Pl\u00e1n ale neobsahuje \u017e\u00e1dn\u00e9 podm\u00ednky na denacifikaci Ukrajiny, tedy na odstran\u011bn\u00ed Banderovc\u016f z pod\u00edlu na moci na Ukrajin\u011b, tedy na prav\u00e9m b\u0159ehu Dn\u011bpru.<\/p>\n<figure id=\"attachment_54847\" class=\"wp-caption aligncenter\" style=\"width: 688px;\"><a href=\"https:\/\/aeronet.news\/wp-content\/uploads\/ChinesePeacePlanMap.jpg\"><img decoding=\"async\" loading=\"lazy\" class=\"wp-image-54847 \" src=\"https:\/\/aeronet.news\/wp-content\/uploads\/ChinesePeacePlanMap-1024x689.jpg\" sizes=\"(max-width: 700px) 100vw, 700px\" srcset=\"https:\/\/aeronet.news\/wp-content\/uploads\/ChinesePeacePlanMap-1024x689.jpg 1024w, https:\/\/aeronet.news\/wp-content\/uploads\/ChinesePeacePlanMap-300x202.jpg 300w, https:\/\/aeronet.news\/wp-content\/uploads\/ChinesePeacePlanMap-768x517.jpg 768w, https:\/\/aeronet.news\/wp-content\/uploads\/ChinesePeacePlanMap-700x471.jpg 700w, https:\/\/aeronet.news\/wp-content\/uploads\/ChinesePeacePlanMap-531x357.jpg 531w, https:\/\/aeronet.news\/wp-content\/uploads\/ChinesePeacePlanMap-718x483.jpg 718w, https:\/\/aeronet.news\/wp-content\/uploads\/ChinesePeacePlanMap.jpg 1280w\" alt=\"\" width=\"688\" height=\"463\" \/><\/a><figcaption class=\"wp-caption-text\">Tato mapa se objevila na \u010d\u00ednsk\u00e9m webu Global Times spojen\u00e9m s \u010d\u00ednskou vl\u00e1dou<\/figcaption><\/figure>\n<p>A rusk\u00e9 etnikum ne\u017eije jen na lev\u00e9m b\u0159ehu Dn\u011bpru, ale na cel\u00e9 Ukrajin\u011b. Banderovci se budou sna\u017eit etnicky za\u010di\u0161\u0165ovat a vyh\u00e1n\u011bt Rusy z prostoru na prav\u00e9m b\u0159ehu Dn\u011bpru, tak\u017ee ten \u010d\u00ednsk\u00fd pl\u00e1n je v\u00edce sp\u00ed\u0161 idealistick\u00fd jako prvotn\u00ed n\u00e1st\u0159el, ale za fin\u00e1ln\u00ed ho pova\u017eovat nejde. Bez\u00a0<em>debanderizace<\/em>, tedy bez odstran\u011bn\u00ed kyjevsk\u00e9 junty ovl\u00e1dan\u00e9 Banderovci a kolektivn\u00edm Z\u00e1padem, prost\u011b nep\u016fjde m\u00edr na Ukrajin\u011b zabezpe\u010dit. A tohle mus\u00ed v\u011bd\u011bt i Kreml, Putin i gener\u00e1ln\u00ed \u0161t\u00e1b Rusk\u00e9 arm\u00e1dy. Ani Hitler nemohl z\u016fstat u moci v \u010d\u00e1sti N\u011bmecka, proto\u017ee aby v\u00e1lka skon\u010dila, museli b\u00fdt nacist\u00e9 odstran\u011bni od moci p\u0159\u00edmo v Berl\u00edn\u011b. A to plat\u00ed o Kyjevu dvojn\u00e1sob.<\/p>\n<p><a href=\"https:\/\/aeronet.news\/cina-jako-prvni-zeme-na-svete-predstavila-realisticky-12-bodovy-mirovy-plan-pro-ukrajinu-podle-navrhu-by-melo-dojit-k-demilitarizaci-celeho-uzemi-ukrajiny-od-leveho-brehu-dnepru\/\">-VK- \u0160\u00e9fredaktor AE News<\/a><\/p>\n<p>&nbsp;<\/p>\n<p>&nbsp;<\/p>\n<p><img decoding=\"async\" loading=\"lazy\" class=\"wp-image-19187 aligncenter\" src=\"http:\/\/www.infokuryr.cz\/n\/wp-content\/uploads\/2022\/12\/1-PRO-300x36.jpg\" alt=\"\" width=\"1133\" height=\"136\" srcset=\"https:\/\/www.infokuryr.cz\/n\/wp-content\/uploads\/2022\/12\/1-PRO-300x36.jpg 300w, https:\/\/www.infokuryr.cz\/n\/wp-content\/uploads\/2022\/12\/1-PRO.jpg 699w\" sizes=\"(max-width: 1133px) 100vw, 1133px\" \/><\/p>\n<p>&nbsp;<\/p>\n<p>&nbsp;<\/p>\n","protected":false},"excerpt":{"rendered":"<p>\u010c\u00edna jako prvn\u00ed zem\u011b na sv\u011bt\u011b p\u0159edstavila realistick\u00fd 12-bodov\u00fd m\u00edrov\u00fd pl\u00e1n pro Ukrajinu! Podle n\u00e1vrhu&#8230;<\/p>\n","protected":false},"author":2,"featured_media":23496,"comment_status":"closed","ping_status":"closed","sticky":false,"template":"","format":"standard","meta":[],"categories":[6],"tags":[1042,30,4030,26],"_links":{"self":[{"href":"https:\/\/www.infokuryr.cz\/n\/wp-json\/wp\/v2\/posts\/23495"}],"collection":[{"href":"https:\/\/www.infokuryr.cz\/n\/wp-json\/wp\/v2\/posts"}],"about":[{"href":"https:\/\/www.infokuryr.cz\/n\/wp-json\/wp\/v2\/types\/post"}],"author":[{"embeddable":true,"href":"https:\/\/www.infokuryr.cz\/n\/wp-json\/wp\/v2\/users\/2"}],"replies":[{"embeddable":true,"href":"https:\/\/www.infokuryr.cz\/n\/wp-json\/wp\/v2\/comments?post=23495"}],"version-history":[{"count":0,"href":"https:\/\/www.infokuryr.cz\/n\/wp-json\/wp\/v2\/posts\/23495\/revisions"}],"wp:featuredmedia":[{"embeddable":true,"href":"https:\/\/www.infokuryr.cz\/n\/wp-json\/wp\/v2\/media\/23496"}],"wp:attachment":[{"href":"https:\/\/www.infokuryr.cz\/n\/wp-json\/wp\/v2\/media?parent=23495"}],"wp:term":[{"taxonomy":"category","embeddable":true,"href":"https:\/\/www.infokuryr.cz\/n\/wp-json\/wp\/v2\/categories?post=23495"},{"taxonomy":"post_tag","embeddable":true,"href":"https:\/\/www.infokuryr.cz\/n\/wp-json\/wp\/v2\/tags?post=23495"}],"curies":[{"name":"wp","href":"https:\/\/api.w.org\/{rel}","templated":true}]}}