{"id":23485,"date":"2023-02-25T01:10:09","date_gmt":"2023-02-25T00:10:09","guid":{"rendered":"http:\/\/www.infokuryr.cz\/n\/?p=23485"},"modified":"2023-02-24T20:35:09","modified_gmt":"2023-02-24T19:35:09","slug":"prezident-putin-udelil-ruske-obcanstvi-francouzskemu-novinari-adrianu-bokeovi","status":"publish","type":"post","link":"https:\/\/www.infokuryr.cz\/n\/2023\/02\/25\/prezident-putin-udelil-ruske-obcanstvi-francouzskemu-novinari-adrianu-bokeovi\/","title":{"rendered":"Prezident Putin ud\u011blil rusk\u00e9 ob\u010danstv\u00ed francouzsk\u00e9mu novin\u00e1\u0159i Adrianu Bokeovi"},"content":{"rendered":"<div id=\"fb-root\"><\/div>\n<p class=\"lead\"><span>Prezident Rusk\u00e9 federace Vladimir Putin podepsal dekret o ud\u011blen\u00ed ob\u010danstv\u00ed Rusk\u00e9 federace francouzsk\u00e9mu novin\u00e1\u0159i Adrianu Bokeovi, kter\u00fd p\u016fsobil na Donbasu a po\u017e\u00e1dal v Rusku o azyl.<\/span><\/p>\n<p><span>Odpov\u00eddaj\u00edc\u00ed dokument\u00a0<\/span><a href=\"http:\/\/publication.pravo.gov.ru\/Document\/View\/0001202302240017\" target=\"_blank\" rel=\"noopener\"><span>byl zve\u0159ejn\u011bn<\/span><\/a><span>\u00a0na ofici\u00e1ln\u00edm vl\u00e1dn\u00edm port\u00e1lu pr\u00e1vn\u00edch informac\u00ed v p\u00e1tek 24. \u00fanora.<\/span><\/p>\n<p><span>Podle dekretu se prezident rozhodl p\u0159ijmout 34 lid\u00ed k ob\u010danstv\u00ed Rusk\u00e9 federace.\u00a0Jsou mezi nimi i hr\u00e1\u010di &#8222;Zenith&#8220; z Braz\u00edlie Malcolm a Claudinho.<\/span><\/p>\n<p><span>Putin stejn\u00fdm dekretem schv\u00e1lil odebr\u00e1n\u00ed rusk\u00e9ho ob\u010danstv\u00ed \u010dty\u0159em lidem.<\/span><\/p>\n<p><span>P\u0159ipome\u0148me, \u017ee b\u00fdval\u00fd francouzsk\u00fd voj\u00e1k Adrian Boke p\u0159i\u0161el na Ukrajinu na ja\u0159e 2022 jako dobrovoln\u00edk.\u00a0Brzy v\u0161ak za\u010dal mluvit o v\u00e1le\u010dn\u00fdch zlo\u010dinech sp\u00e1chan\u00fdch ukrajinskou arm\u00e1dou.<\/span><\/p>\n<p><span>Konkr\u00e9tn\u011b v \u010dervenci ozna\u010dil ud\u00e1losti v Buchu za inscenaci ukrajinsk\u00e9 arm\u00e1dy, kter\u00e1 cht\u011bla rusk\u00fd vojensk\u00fd person\u00e1l obvinit z masakr\u016f civilist\u016f.\u00a0Ve m\u011bst\u011b ukrajinsk\u00e9 ozbrojen\u00e9 s\u00edly mu\u010dily a st\u0159\u00edlely rusk\u00e9 zajatce.<\/span><\/p>\n<p><span>V z\u00e1\u0159\u00ed byl v Istanbulu Adrian Boke napaden. Mu\u017e byl nejm\u00e9n\u011b dvakr\u00e1t bodnut, kdy\u017e prost\u011b \u0161el po ulici.<\/span><\/p>\n<p><span>V prosinci mu\u017e po\u017e\u00e1dal rusk\u00e9 \u00fa\u0159ady, aby jemu a jeho rodin\u011b ud\u011blily ob\u010danstv\u00ed Rusk\u00e9 federace kv\u016fli obav\u00e1m o sv\u016fj \u017eivot.\u00a0Poznamenal, \u017ee nyn\u00ed \u017eije v Don\u011bcku a pokra\u010duje ve sv\u00e9 pr\u00e1ci, \u201eaby uk\u00e1zal pravdu\u201c.<\/span><\/p>\n<p><span>Doma byl Boke kritizov\u00e1n m\u00edstn\u00edmi novin\u00e1\u0159i.\u00a0Nep\u0159ej\u00ed mu ani \u00fa\u0159ady \u2013 b\u00fdval\u00fd dobrovoln\u00edk byl dokonce zat\u010den a uv\u011bzn\u011bn.\u00a0V lednu Boke po\u017e\u00e1dal\u00a0<\/span><a href=\"https:\/\/eadaily.com\/ru\/news\/2023\/01\/11\/francuzskiy-zhurnalist-rabotayushchiy-na-donbasse-poprosil-ubezhishcha-v-rossii\" target=\"_blank\" rel=\"noopener\"><span>o ud\u011blen\u00ed<\/span><\/a><span>\u00a0azylu v Rusku.<\/span><\/p>\n<p><img decoding=\"async\" loading=\"lazy\" class=\"alignnone size-full wp-image-1185\" src=\"http:\/\/www.infokuryr.cz\/n\/wp-content\/uploads\/2021\/04\/kuryr-podpis.png\" alt=\"\" width=\"84\" height=\"24\" \/><\/p>\n<p>&nbsp;<\/p>\n<p><img decoding=\"async\" loading=\"lazy\" class=\"wp-image-19187 aligncenter\" src=\"http:\/\/www.infokuryr.cz\/n\/wp-content\/uploads\/2022\/12\/1-PRO-300x36.jpg\" alt=\"\" width=\"1142\" height=\"137\" srcset=\"https:\/\/www.infokuryr.cz\/n\/wp-content\/uploads\/2022\/12\/1-PRO-300x36.jpg 300w, https:\/\/www.infokuryr.cz\/n\/wp-content\/uploads\/2022\/12\/1-PRO.jpg 699w\" sizes=\"(max-width: 1142px) 100vw, 1142px\" \/><\/p>\n<p>&nbsp;<\/p>\n","protected":false},"excerpt":{"rendered":"<p>Prezident Rusk\u00e9 federace Vladimir Putin podepsal dekret o ud\u011blen\u00ed ob\u010danstv\u00ed Rusk\u00e9 federace francouzsk\u00e9mu novin\u00e1\u0159i Adrianu&#8230;<\/p>\n","protected":false},"author":2,"featured_media":23486,"comment_status":"closed","ping_status":"closed","sticky":false,"template":"","format":"standard","meta":[],"categories":[7],"tags":[4487,1304,242,4486,22],"_links":{"self":[{"href":"https:\/\/www.infokuryr.cz\/n\/wp-json\/wp\/v2\/posts\/23485"}],"collection":[{"href":"https:\/\/www.infokuryr.cz\/n\/wp-json\/wp\/v2\/posts"}],"about":[{"href":"https:\/\/www.infokuryr.cz\/n\/wp-json\/wp\/v2\/types\/post"}],"author":[{"embeddable":true,"href":"https:\/\/www.infokuryr.cz\/n\/wp-json\/wp\/v2\/users\/2"}],"replies":[{"embeddable":true,"href":"https:\/\/www.infokuryr.cz\/n\/wp-json\/wp\/v2\/comments?post=23485"}],"version-history":[{"count":1,"href":"https:\/\/www.infokuryr.cz\/n\/wp-json\/wp\/v2\/posts\/23485\/revisions"}],"predecessor-version":[{"id":23487,"href":"https:\/\/www.infokuryr.cz\/n\/wp-json\/wp\/v2\/posts\/23485\/revisions\/23487"}],"wp:featuredmedia":[{"embeddable":true,"href":"https:\/\/www.infokuryr.cz\/n\/wp-json\/wp\/v2\/media\/23486"}],"wp:attachment":[{"href":"https:\/\/www.infokuryr.cz\/n\/wp-json\/wp\/v2\/media?parent=23485"}],"wp:term":[{"taxonomy":"category","embeddable":true,"href":"https:\/\/www.infokuryr.cz\/n\/wp-json\/wp\/v2\/categories?post=23485"},{"taxonomy":"post_tag","embeddable":true,"href":"https:\/\/www.infokuryr.cz\/n\/wp-json\/wp\/v2\/tags?post=23485"}],"curies":[{"name":"wp","href":"https:\/\/api.w.org\/{rel}","templated":true}]}}