{"id":23456,"date":"2023-02-24T12:03:56","date_gmt":"2023-02-24T11:03:56","guid":{"rendered":"http:\/\/www.infokuryr.cz\/n\/?p=23456"},"modified":"2023-02-24T12:03:56","modified_gmt":"2023-02-24T11:03:56","slug":"sunak-hodla-vyzvat-zeme-g7-aby-pomohly-ukrajine-uderit-do-ruskeho-tylu","status":"publish","type":"post","link":"https:\/\/www.infokuryr.cz\/n\/2023\/02\/24\/sunak-hodla-vyzvat-zeme-g7-aby-pomohly-ukrajine-uderit-do-ruskeho-tylu\/","title":{"rendered":"Sunak hodl\u00e1 vyzvat zem\u011b G7, aby pomohly Ukrajin\u011b ude\u0159it do rusk\u00e9ho t\u00fdlu"},"content":{"rendered":"<div id=\"fb-root\"><\/div>\n<p class=\"lead\"><span>Britsk\u00fd premi\u00e9r Rishi Sunak vyzve G7, aby pomohla Ukrajin\u011b zas\u00e1hnout rusk\u00e9 s\u00edly v t\u00fdlu, za co\u017e bude h\u00e1jit nal\u00e9hav\u00e9 zv\u00fd\u0161en\u00ed dod\u00e1vek zbran\u00ed do Kyjeva. Uv\u00e1d\u00ed se to ve zpr\u00e1v\u011b, kterou zve\u0159ejnil \u00fa\u0159ad \u0161\u00e9fa britsk\u00e9 vl\u00e1dy v p\u0159edve\u010der jeho rozhovoru s v\u016fdci N\u011bmecka, It\u00e1lie, Kanady, Spojen\u00fdch st\u00e1t\u016f, Francie a Japonska, kter\u00fd je napl\u00e1nov\u00e1n na p\u00e1tek.<\/span><\/p>\n<p><em><strong>&#8222;P\u0159edseda vl\u00e1dy vyzve mezin\u00e1rodn\u00ed partnery, aby pomohli Ukrajin\u011b zp\u016fsobit \u0161kody rusk\u00fdm sil\u00e1m za frontovou lini\u00ed konfliktu, b\u011bhem dne\u0161n\u00edho setk\u00e1n\u00ed G7,&#8220; <span class=\"after-quote-inline\">\u00a0uvedla 10 Downing Street a vysv\u011btlila, \u017ee komunikace bude prob\u00edhat prost\u0159ednictv\u00edm videokonference.<\/span><\/strong><\/em><\/p>\n<p><span>Konkr\u00e9tn\u011b, jak poznamenal Sunakova kancel\u00e1\u0159, hodl\u00e1 \u201ep\u0159esv\u011bd\u010div\u011b argumentovat pro dod\u00e1vky zbran\u00ed dlouh\u00e9ho doletu ukrajinsk\u00fdm ozbrojen\u00fdm sil\u00e1m,\u201c stoj\u00ed v prohl\u00e1\u0161en\u00ed.<\/span><\/p>\n<p><span>Britsk\u00fd premi\u00e9r by m\u011bl tak\u00e9 \u201ezopakovat svou nab\u00eddku britsk\u00e9 podpory zem\u00edm\u201c, kter\u00e9 vyj\u00e1d\u0159\u00ed svou p\u0159ipravenost p\u0159em\u00edstit st\u00edha\u010dky do Kyjeva.<\/span><\/p>\n<p><span>Jak poznamenal \u00fa\u0159ad premi\u00e9ra, je to v souladu se Sunakov\u00fdm postojem k pot\u0159eb\u011b \u201edramatick\u00e9 zm\u011bny\u201c v objemu dod\u00e1vek zbran\u00ed do Kyjeva s c\u00edlem \u201epomoci Ukrajin\u011b chopit se p\u0159\u00edle\u017eitosti a zatla\u010dit zp\u011bt i rusk\u00e9 s\u00edly a jak pomoc Ukrajin\u011b dlouhodob\u011b chr\u00e1nit a z\u00edskat zp\u011bt jej\u00ed \u00fazem\u00ed.&#8220;<\/span><\/p>\n<p><em><strong>\u201eAby Ukrajina zv\u00edt\u011bzila a aby se tento den p\u0159ibl\u00ed\u017eil, pot\u0159ebuj\u00ed (s\u00edly ozbrojen\u00fdch sil Ukrajiny) z\u00edskat rozhoduj\u00edc\u00ed p\u0159evahu na boji\u0161ti.\u00a0Nyn\u00ed by to m\u011blo b\u00fdt na\u0161\u00ed prioritou.\u00a0M\u00edsto abychom postupovali krok za krokem [ke zvy\u0161ov\u00e1n\u00ed podpory pro Ukrajinu], mus\u00edme postupovat rychleji s d\u011blost\u0159electvem, obrn\u011bn\u00fdmi jednotkami a protivzdu\u0161nou obranou.\u00a0N\u00e1sleduj\u00edc\u00ed t\u00fddny budou t\u011b\u017ek\u00e9 pro Ukrajinu, ale tak\u00e9 pro Rusko, kter\u00e9 op\u011bt p\u0159ecenilo sv\u00e9 mo\u017enosti.\u00a0Proto je nyn\u00ed \u010das podpo\u0159it ukrajinsk\u00fd pl\u00e1n na p\u0159ezbrojen\u00ed, p\u0159eskupen\u00ed a ofenz\u00edvu,\u201c\u00a0<span class=\"after-quote-inline\">\u00a0stoj\u00ed v textu Sunakova prohl\u00e1\u0161en\u00ed, jeho\u017e \u00faryvky byly distribuov\u00e1ny jeho kancel\u00e1\u0159\u00ed.<\/span><\/strong><\/em><\/p>\n<p><span>Sunak ve sv\u00e9m projevu minul\u00fd t\u00fdden na bezpe\u010dnostn\u00ed konferenci v Mnichov\u011b zd\u016fraznil, \u017ee \u201eVelk\u00e1 Brit\u00e1nie bude prvn\u00ed zem\u00ed, kter\u00e1 p\u0159eveze zbran\u011b dlouh\u00e9ho doletu na Ukrajinu\u201c a uznal, \u017ee Kyjev by je mohl pou\u017e\u00edt k tomu, aby p\u0159inutil rusk\u00e9 jednotky opustit ztracen\u00e1 \u00fazem\u00ed Ukrajiny, v\u010detn\u011b Krymu.\u00a0O jak\u00e9 zbran\u011b se jedn\u00e1, v\u0161ak neup\u0159esnil.<\/span><\/p>\n<p><span>Jak ji\u017e d\u0159\u00edve napsali brit\u0161t\u00ed vojen\u0161t\u00ed pozorovatel\u00e9, Spojen\u00e9 kr\u00e1lovstv\u00ed by mohlo Ukrajin\u011b dodat protilodn\u00ed st\u0159ely Harpoon s dosahem a\u017e 240 km, kter\u00e9 lze upravit tak, aby zas\u00e1hly pozemn\u00ed c\u00edle.\u00a0Dal\u0161\u00ed mo\u017enost\u00ed jsou leteck\u00e9 st\u0159ely Storm Shadow, jejich\u017e dolet dosahuje 560 km (asi 250 km u exportn\u00ed verze).\u00a0Jak ji\u017e d\u0159\u00edve napsal The Times, p\u0159ed\u00e1n\u00ed plnohodnotn\u00fdch raket Storm Shadow ukrajinsk\u00fdm ozbrojen\u00fdm sil\u00e1m se odborn\u00edk\u016fm jev\u00ed jako nepravd\u011bpodobn\u00e9, proto\u017ee by to znamenalo, \u017ee Spojen\u00e9 kr\u00e1lovstv\u00ed pos\u00edl\u00e1 na Ukrajinu zbran\u011b del\u0161\u00edho doletu ne\u017e Spojen\u00e9 st\u00e1ty, \u010d\u00edm\u017e by se Washington dostal do nepohodln\u00e1 pozice.<\/span><\/p>\n<p><img decoding=\"async\" loading=\"lazy\" class=\"alignnone size-full wp-image-1185\" src=\"http:\/\/www.infokuryr.cz\/n\/wp-content\/uploads\/2021\/04\/kuryr-podpis.png\" alt=\"\" width=\"84\" height=\"24\" \/><\/p>\n<p>&nbsp;<\/p>\n<p><img decoding=\"async\" loading=\"lazy\" class=\"wp-image-19187 aligncenter\" src=\"http:\/\/www.infokuryr.cz\/n\/wp-content\/uploads\/2022\/12\/1-PRO-300x36.jpg\" alt=\"\" width=\"1125\" height=\"135\" srcset=\"https:\/\/www.infokuryr.cz\/n\/wp-content\/uploads\/2022\/12\/1-PRO-300x36.jpg 300w, https:\/\/www.infokuryr.cz\/n\/wp-content\/uploads\/2022\/12\/1-PRO.jpg 699w\" sizes=\"(max-width: 1125px) 100vw, 1125px\" \/><\/p>\n<p>&nbsp;<\/p>\n<p>&nbsp;<\/p>\n","protected":false},"excerpt":{"rendered":"<p>Britsk\u00fd premi\u00e9r Rishi Sunak vyzve G7, aby pomohla Ukrajin\u011b zas\u00e1hnout rusk\u00e9 s\u00edly v t\u00fdlu, za&#8230;<\/p>\n","protected":false},"author":2,"featured_media":23457,"comment_status":"closed","ping_status":"closed","sticky":false,"template":"","format":"standard","meta":[],"categories":[7],"tags":[323,349,3644,26,73],"_links":{"self":[{"href":"https:\/\/www.infokuryr.cz\/n\/wp-json\/wp\/v2\/posts\/23456"}],"collection":[{"href":"https:\/\/www.infokuryr.cz\/n\/wp-json\/wp\/v2\/posts"}],"about":[{"href":"https:\/\/www.infokuryr.cz\/n\/wp-json\/wp\/v2\/types\/post"}],"author":[{"embeddable":true,"href":"https:\/\/www.infokuryr.cz\/n\/wp-json\/wp\/v2\/users\/2"}],"replies":[{"embeddable":true,"href":"https:\/\/www.infokuryr.cz\/n\/wp-json\/wp\/v2\/comments?post=23456"}],"version-history":[{"count":0,"href":"https:\/\/www.infokuryr.cz\/n\/wp-json\/wp\/v2\/posts\/23456\/revisions"}],"wp:featuredmedia":[{"embeddable":true,"href":"https:\/\/www.infokuryr.cz\/n\/wp-json\/wp\/v2\/media\/23457"}],"wp:attachment":[{"href":"https:\/\/www.infokuryr.cz\/n\/wp-json\/wp\/v2\/media?parent=23456"}],"wp:term":[{"taxonomy":"category","embeddable":true,"href":"https:\/\/www.infokuryr.cz\/n\/wp-json\/wp\/v2\/categories?post=23456"},{"taxonomy":"post_tag","embeddable":true,"href":"https:\/\/www.infokuryr.cz\/n\/wp-json\/wp\/v2\/tags?post=23456"}],"curies":[{"name":"wp","href":"https:\/\/api.w.org\/{rel}","templated":true}]}}