{"id":23448,"date":"2023-02-24T05:57:52","date_gmt":"2023-02-24T04:57:52","guid":{"rendered":"http:\/\/www.infokuryr.cz\/n\/?p=23448"},"modified":"2023-02-24T05:57:52","modified_gmt":"2023-02-24T04:57:52","slug":"australske-urady-zatajily-smrt-deti-po-kovid-vakcinach-pry-chtely-udrzet-duveru-verejnosti-v-ockovani","status":"publish","type":"post","link":"https:\/\/www.infokuryr.cz\/n\/2023\/02\/24\/australske-urady-zatajily-smrt-deti-po-kovid-vakcinach-pry-chtely-udrzet-duveru-verejnosti-v-ockovani\/","title":{"rendered":"Australsk\u00e9 \u00fa\u0159ady zatajily smrt d\u011bt\u00ed po kovid vakc\u00edn\u00e1ch, pr\u00fd cht\u011bly udr\u017eet d\u016fv\u011bru ve\u0159ejnosti v o\u010dkov\u00e1n\u00ed"},"content":{"rendered":"<div id=\"fb-root\"><\/div>\n<p>Austr\u00e1li\u00ed h\u00fdbe dal\u0161\u00ed skand\u00e1l. V<strong>y\u0161lo najevo, \u017ee vl\u00e1dn\u00ed agentura Therapeutic Goods Administration (obdoba SUKL) z\u00e1m\u011brn\u011b\u00a0<a href=\"https:\/\/slaynews.com\/news\/australia-drug-regulator-covered-up-child-vaccine-deaths-maintain-public-confidence\/\">zatajila smrt nejm\u00e9n\u011b 2 d\u011bt\u00ed<\/a>\u00a0(7 a 9 let), kter\u00e9 zem\u0159ely bezprost\u0159edn\u011b po o\u010dkov\u00e1n\u00ed experiment\u00e1ln\u00edmi vakc\u00ednami proti koronaviru a souvislost mezi jejich \u00famrt\u00edm a o\u010dkov\u00e1n\u00edm byla nepopirateln\u00e1<\/strong>. Pravda vy\u0161la najevo pot\u00e9, co se skupina l\u00e9ka\u0159\u016f za\u010dala o problematiku zaj\u00edmat a po\u017eadovat pravdiv\u00e1 \u010d\u00edsla o po\u010dtech vedlej\u0161\u00edch \u00fa\u010dink\u016f po o\u010dkov\u00e1n\u00ed proti koronaviru. Ofici\u00e1ln\u00ed tvrzen\u00ed o \u00fadajn\u00e9 bezpe\u010dnosti vakc\u00edn toti\u017e byla v rozporu s jejich klinickou zku\u0161enost\u00ed na jejich pracovi\u0161t\u00edch.<\/p>\n<p><strong>Vl\u00e1dn\u00ed agentura dokonce tuto skute\u010dnost nesd\u011blila ani rodin\u00e1m ob\u011bt\u00ed, pr\u00fd aby se udr\u017eela \u201ed\u016fv\u011bra ve\u0159ejnosti v o\u010dkovac\u00ed kampa\u0148\u201c. V Austr\u00e1lii byl v dob\u011b koronaplandemie nastolen skute\u010dn\u00fd teror a \u0159ada lid\u00ed byla bita polici\u00ed a n\u00e1sledn\u011b zat\u010dena za tak ban\u00e1ln\u00ed p\u0159estupky jako pohyb na lidupr\u00e1zdn\u00e9 ulici mimo domov.<\/strong><\/p>\n<p>P\u0159itom\u00a0<strong>\u0159ada skute\u010dn\u00fdch odborn\u00edk\u016f poukazovala na pravd\u011bpodobn\u00e1 rizika o\u010dkov\u00e1n\u00ed a mo\u017enosti \u00famrt\u00ed, \u010di v\u00e1\u017en\u00e9ho po\u0161kozen\u00ed zdrav\u00ed. Byli za to vl\u00e1\u010deni medii a \u00fa\u0159ady jako \u201edezinform\u00e1to\u0159i a \u0161arlat\u00e1ni\u201c. Dnes v\u00edme, \u017ee m\u011bli ve v\u0161em pravdu<\/strong>. Omluvil se jim n\u011bjak\u00fd vakcina\u010dn\u00ed lump typu Vojt\u011bch, Ma\u010far, nebo Prymula?<\/p>\n<p>C<strong>el\u00fd sv\u011bt je konfrontov\u00e1n s v\u00e1\u017en\u00fdmi d\u016fsledky vedlej\u0161\u00edch rizik nevyzkou\u0161en\u00fdch vakc\u00edn. Bohu\u017eel zat\u00edm nebyl nikdo povol\u00e1n k odpov\u011bdnosti a tak si v\u00fdrobci vakc\u00edn a \u00faplatn\u00ed politici a \u00fa\u0159edn\u00edci, kte\u0159\u00ed korona plandemii jm\u00e9nem glob\u00e1ln\u00ed finan\u010dn\u00ed oligarchie implementovali, namastila p\u011bkn\u011b kapsy a dnes se posm\u00edvaj\u00ed ob\u011btem jejich experiment\u016f<\/strong>.<\/p>\n<figure class=\"wp-block-image size-full\"><img decoding=\"async\" loading=\"lazy\" class=\"wp-image-11832\" src=\"https:\/\/ceskavec.com\/wp-content\/uploads\/2021\/11\/bourla-chan.jpg\" sizes=\"(max-width: 474px) 100vw, 474px\" srcset=\"https:\/\/ceskavec.com\/wp-content\/uploads\/2021\/11\/bourla-chan.jpg 474w, https:\/\/ceskavec.com\/wp-content\/uploads\/2021\/11\/bourla-chan-300x165.jpg 300w\" alt=\"\" width=\"474\" height=\"260\" \/><figcaption class=\"wp-element-caption\">\u0159editel spole\u010dnosti Pfizer A. Bourla si (stejn\u011b jako jeho firma, kter\u00e1 vyrobila nejv\u00edce korona vakc\u00edn) namastil kapsu na prodeji experiment\u00e1ln\u00edch vakc\u00edn proti koronaviru, kter\u00e9 l\u017eiv\u011b prohla\u0161oval za bezpe\u010dn\u00e9. Dnes si v poklidu zapaluje \u017eidovsk\u00fd sv\u00edcen chanuku a trestu za katastrof\u00e1ln\u00ed vedlej\u0161\u00ed \u00fa\u010dinky jeho korona vakc\u00edn se zjevn\u011b neboj\u00ed\u2026 Kdo ho kryje?<\/p>\n<p><a href=\"https:\/\/ceskavec.com\/2023\/02\/australske-urady-zatajily-smrt-deti-po-kovid-vakcinach-pry-chtely-udrzet-duveru-verejnosti-v-ockovani\">\u010cesk\u00e1 v\u011bc<\/p>\n<p><\/a><\/p>\n<p><img decoding=\"async\" loading=\"lazy\" class=\"wp-image-19187 aligncenter\" src=\"http:\/\/www.infokuryr.cz\/n\/wp-content\/uploads\/2022\/12\/1-PRO-300x36.jpg\" alt=\"\" width=\"1075\" height=\"129\" srcset=\"https:\/\/www.infokuryr.cz\/n\/wp-content\/uploads\/2022\/12\/1-PRO-300x36.jpg 300w, https:\/\/www.infokuryr.cz\/n\/wp-content\/uploads\/2022\/12\/1-PRO.jpg 699w\" sizes=\"(max-width: 1075px) 100vw, 1075px\" \/><\/figcaption><\/figure>\n","protected":false},"excerpt":{"rendered":"<p>Austr\u00e1li\u00ed h\u00fdbe dal\u0161\u00ed skand\u00e1l. Vy\u0161lo najevo, \u017ee vl\u00e1dn\u00ed agentura Therapeutic Goods Administration (obdoba SUKL) z\u00e1m\u011brn\u011b\u00a0zatajila&#8230;<\/p>\n","protected":false},"author":2,"featured_media":6258,"comment_status":"closed","ping_status":"closed","sticky":false,"template":"","format":"standard","meta":[],"categories":[7],"tags":[434,23,245,315,523,651],"_links":{"self":[{"href":"https:\/\/www.infokuryr.cz\/n\/wp-json\/wp\/v2\/posts\/23448"}],"collection":[{"href":"https:\/\/www.infokuryr.cz\/n\/wp-json\/wp\/v2\/posts"}],"about":[{"href":"https:\/\/www.infokuryr.cz\/n\/wp-json\/wp\/v2\/types\/post"}],"author":[{"embeddable":true,"href":"https:\/\/www.infokuryr.cz\/n\/wp-json\/wp\/v2\/users\/2"}],"replies":[{"embeddable":true,"href":"https:\/\/www.infokuryr.cz\/n\/wp-json\/wp\/v2\/comments?post=23448"}],"version-history":[{"count":0,"href":"https:\/\/www.infokuryr.cz\/n\/wp-json\/wp\/v2\/posts\/23448\/revisions"}],"wp:featuredmedia":[{"embeddable":true,"href":"https:\/\/www.infokuryr.cz\/n\/wp-json\/wp\/v2\/media\/6258"}],"wp:attachment":[{"href":"https:\/\/www.infokuryr.cz\/n\/wp-json\/wp\/v2\/media?parent=23448"}],"wp:term":[{"taxonomy":"category","embeddable":true,"href":"https:\/\/www.infokuryr.cz\/n\/wp-json\/wp\/v2\/categories?post=23448"},{"taxonomy":"post_tag","embeddable":true,"href":"https:\/\/www.infokuryr.cz\/n\/wp-json\/wp\/v2\/tags?post=23448"}],"curies":[{"name":"wp","href":"https:\/\/api.w.org\/{rel}","templated":true}]}}