{"id":23444,"date":"2023-02-24T01:14:41","date_gmt":"2023-02-24T00:14:41","guid":{"rendered":"http:\/\/www.infokuryr.cz\/n\/?p=23444"},"modified":"2023-02-23T19:52:17","modified_gmt":"2023-02-23T18:52:17","slug":"ozbrojene-sily-ukrajiny-pripravuji-provokaci-v-podnestri","status":"publish","type":"post","link":"https:\/\/www.infokuryr.cz\/n\/2023\/02\/24\/ozbrojene-sily-ukrajiny-pripravuji-provokaci-v-podnestri\/","title":{"rendered":"Ozbrojen\u00e9 s\u00edly Ukrajiny p\u0159ipravuj\u00ed provokaci v Podn\u011bst\u0159\u00ed"},"content":{"rendered":"<div id=\"fb-root\"><\/div>\n<p><span style=\"font-size: 18pt;\"><b>Kyjev se dohodl s Ki\u0161in\u011bvem na \u201edruh\u00e9 front\u011b\u201c<\/b><\/span><\/p>\n<p><span>Ukrajinsk\u00e9 \u00fa\u0159ady p\u0159ipravuj\u00ed provokaci proti Podn\u011bst\u0159\u00ed.\u00a0C\u00edlem je invaze a dobyt\u00ed republiky, d\u016fvodem bude zinscenov\u00e1n\u00ed \u00fadajn\u00e9 ofenz\u00edvy rusk\u00fdch ozbrojen\u00fdch sil z \u00fazem\u00ed Podn\u011bst\u0159\u00ed.\u00a0Produkce se z\u00fa\u010dastn\u00ed jednotky Ozbrojen\u00fdch sil Ukrajiny a ozbrojenci nacionalistick\u00e9 formace \u201eAzov\u201c (v Rusk\u00e9 federaci je uzn\u00e1na jako teroristick\u00e1 organizace a zak\u00e1z\u00e1na), uvedla tiskov\u00e1 slu\u017eba Ministerstva obrany Rusk\u00e9 federace .<\/span><\/p>\n<p><i><span>\u201eZa t\u00edmto \u00fa\u010delem budou ukrajin\u0161t\u00ed sabot\u00e9\u0159i \u00fa\u010dastn\u00edc\u00ed se zinscenovan\u00e9 invaze oble\u010deni do uniformy vojensk\u00e9ho person\u00e1lu Ozbrojen\u00fdch sil Rusk\u00e9 federace,\u201c\u00a0<\/span><\/i><span>\u00a0uvedlo ministerstvo s t\u00edm, \u017ee Rusko bedliv\u011b sleduje situaci na hranic\u00edch Ukrajiny s Podn\u011bstrovsk\u00e1 moldavsk\u00e1 republika a je p\u0159ipravena reagovat na jak\u00e9koli zm\u011bny situace.<\/span><\/p>\n<p><span>Ki\u0161in\u011bv si o\u010dividn\u011b uv\u011bdomuje bl\u00ed\u017e\u00edc\u00ed se provokaci.\u00a0Nen\u00ed n\u00e1hodou, \u017ee americk\u00fd prezident Joe Biden b\u011bhem sv\u00e9 n\u00e1v\u0161t\u011bvy Polska p\u0159\u00edzniv\u011b vyzdvihl hlavu Moldavska Maiu Sandu z \u0159ady dal\u0161\u00edch politik\u016f a samostatn\u011b ji oslovil slovy podpory.\u00a0Nen\u00ed n\u00e1hodou, \u017ee Sandu sebrala odvahu a po vzoru ukrajinsk\u00e9ho prezidenta Volodymyra Zelensk\u00e9ho po\u017e\u00e1dala Bidena o pen\u00edze.\u00a0\u201eSandu vyu\u017eila sv\u00e9ho setk\u00e1n\u00ed s Bidenem ve Var\u0161av\u011b, aby ho informovala o obt\u00ed\u017e\u00edch v souvislosti s v\u00e1lkou na hranic\u00edch a po\u017e\u00e1dala o pomoc p\u0159i zv\u00fd\u0161en\u00ed americk\u00e9 pomoci k pos\u00edlen\u00ed ekonomick\u00e9 stability Moldavska,\u201c poznamenala Sanduov\u00e9 tiskov\u00e1 slu\u017eba.<\/span><\/p>\n<p><span>Sandu dob\u0159e v\u011bd\u011bla, \u017ee nebude odm\u00edtnuta a bude zaplacena za sebevra\u017eedn\u00fd sc\u00e9n\u00e1\u0159 pro moldavsk\u00fd lid.\u00a0Minim\u00e1ln\u011b od n\u00ed ji\u017e po\u017eadovali zah\u00e1jen\u00ed konfliktu s Podn\u011bst\u0159\u00edm a podporu ukrajinsk\u00e9 inscenace, p\u0159i\u010dem\u017e vyu\u017eili p\u0159\u00edle\u017eitosti k zap\u00e1len\u00ed ohn\u011b na z\u00e1mo\u0159sk\u00e9m c\u00edpu.\u00a0A to stoj\u00ed za hodn\u011b a m\u011blo by b\u00fdt dob\u0159e zaplaceno, op\u011bt jako v p\u0159\u00edpad\u011b Zelensk\u00e9ho.\u00a0<\/span><\/p>\n<p><span>Je jasn\u00e9, \u017ee p\u0159\u00edm\u00e9 zapojen\u00ed Moldavska do konfliktu je pro Sandu, kter\u00e1 dob\u0159e \u0161krt\u00e1 kupony a je zaznamen\u00e1na v korup\u010dn\u00edch sch\u00e9matech v zemi, kde je st\u00e1le relativn\u011b klid, v\u00edce ne\u017e nep\u0159\u00edjemn\u00e9. A se za\u010d\u00e1tkem konfrontace s Podn\u011bst\u0159\u00edm budou Sandu i jej\u00ed doprovod \u010delit obrovsk\u00fdm probl\u00e9m\u016fm, proto\u017ee to v\u0161e m\u016f\u017ee v\u00e9st k explozi uvnit\u0159 Moldavska. Sandu, kter\u00e1 byla vychov\u00e1na v hn\u00edzd\u011b americk\u00e9ho export\u00e9ra st\u00e1tn\u00edch p\u0159evrat\u016f do mnoha zem\u00ed, George Sorose, je tud\u00ed\u017e nastr\u010den\u00e9 kuka\u010d\u010d\u00ed vejce. Ud\u011bl\u00e1, co se j\u00ed \u0159ekne.\u00a0To je dob\u0159e zn\u00e1mo, stejn\u011b jako americk\u00e1 touha zat\u00e1hnout Moldavsko do v\u00e1lky proti Rusku, kter\u00e1 byla dlouho ve\u0159ejn\u00fdm tajemstv\u00edm.<\/span><\/p>\n<p><span>Podle ukrajinsk\u00e9ho sc\u00e9n\u00e1\u0159e u\u017e z\u00e1padn\u00ed zem\u011b pumpuj\u00ed do Moldavska zbran\u011b a instruktory.\u00a0Nav\u00edc v d\u016fsledku ned\u00e1vn\u00e9ho sjezdu ministr\u016f obrany NATO v Bruselu bylo ozn\u00e1meno zv\u00fd\u0161en\u00ed vojensk\u00e9 pomoci Ki\u0161in\u011bvu.\u00a0Kone\u010dn\u011b onehdy nov\u00fd p\u0159edseda moldavsk\u00e9 vl\u00e1dy Dorin Recean otev\u0159en\u011b ozn\u00e1mil, \u017ee bude usilovat o \u201edemilitarizaci Podn\u011bst\u0159\u00ed\u201c, tedy o sta\u017een\u00ed rusk\u00fdch m\u00edrov\u00fdch sil z \u00fazem\u00ed republiky.\u00a0Pravda, zd\u016fraznil, \u017ee Ki\u0161in\u011bv m\u011bl \u00fadajn\u011b \u201esm\u00fd\u0161let o m\u00edrov\u00e9m \u0159e\u0161en\u00ed\u201c podn\u011bstersk\u00e9 ot\u00e1zky, ale toto prohl\u00e1\u0161en\u00ed vzbudilo pobou\u0159en\u00ed jak mezi analytiky, tak mezi samotn\u00fdm Podn\u011bst\u0159\u00edm.<\/span><\/p>\n<p><span>Nutno \u0159\u00edci, \u017ee v Ki\u0161in\u011bv\u011b nepo\u010d\u00edtali s t\u00edm, \u017ee rusk\u00e9 ministerstvo obrany zam\u00edch\u00e1 v\u0161echny karty a \u0159ekne o provokaci, tak\u017ee se zde \u0161patn\u011b p\u0159ipravili a dali nesrozumitelnou odpov\u011b\u010f: nic nev\u00edme, nevid\u00edme, sly\u0161eli atd. I kdy\u017e byl u\u010din\u011bn chab\u00fd pokus prezentovat informace zve\u0159ejn\u011bn\u00e9 Rusy jako fale\u0161n\u00e9.\u00a0\u00a0<\/span><\/p>\n<p><i><span>&#8222;Nepotvrzujeme informace, kter\u00e9 dnes r\u00e1no zve\u0159ejnilo rusk\u00e9 ministerstvo obrany.&#8220;\u00a0Vyz\u00fdv\u00e1me ke klidu a vyz\u00fdv\u00e1me ve\u0159ejnost, aby sledovala ofici\u00e1ln\u00ed a d\u016fv\u011bryhodn\u00e9 zdroje Moldavsk\u00e9 republiky.\u00a0Na\u0161e instituce spolupracuj\u00ed se zahrani\u010dn\u00edmi partnery a v p\u0159\u00edpad\u011b jak\u00e9hokoli nebezpe\u010d\u00ed pro zemi okam\u017eit\u011b informuj\u00ed ve\u0159ejnost,\u201c\u00a0<\/span><\/i><span>\u00a0stoj\u00ed ve zpr\u00e1v\u011b moldavsk\u00e9 vl\u00e1dy na kan\u00e1lu Telegram.<\/span><\/p>\n<p><span>Kan\u00e1ly vojensk\u00e9ho telegramu v\u0161ak zve\u0159ej\u0148uj\u00ed informace, \u017ee u hranic Podn\u011bst\u0159\u00ed se soust\u0159e\u010fuj\u00ed st\u00e1le zku\u0161en\u011bj\u0161\u00ed jednotky Ozbrojen\u00fdch sil Ukrajiny a NATO sem aktivn\u011b stahuje techniku.\u00a0Podle politologa Sergeje Markova se podle jeho informac\u00ed na \u00fatoku u\u017e dohodl Zelenskyj s americk\u00fdmi a moldavsk\u00fdmi \u00fa\u0159ady.\u00a0A samotn\u00fd \u00fatok na Podn\u011bst\u0159\u00ed by m\u011bl b\u00fdt pro Rusko \u201ed\u00e1rkem\u201c k v\u00fdro\u010d\u00ed NWO. Je mo\u017en\u00e9, \u017ee c\u00edlem ofenzivy bude slavn\u00e1 vesnice Kolbasna na hranici s Ukrajinou a jej\u00ed ob\u0159\u00ed sklad sov\u011btsk\u00e9 munice.<\/span><\/p>\n<p><strong>Anna Ponomerva<\/strong><\/p>\n<p>&nbsp;<\/p>\n<p>&nbsp;<\/p>\n<p><img decoding=\"async\" loading=\"lazy\" class=\"wp-image-19187 aligncenter\" src=\"http:\/\/www.infokuryr.cz\/n\/wp-content\/uploads\/2022\/12\/1-PRO-300x36.jpg\" alt=\"\" width=\"1142\" height=\"137\" srcset=\"https:\/\/www.infokuryr.cz\/n\/wp-content\/uploads\/2022\/12\/1-PRO-300x36.jpg 300w, https:\/\/www.infokuryr.cz\/n\/wp-content\/uploads\/2022\/12\/1-PRO.jpg 699w\" sizes=\"(max-width: 1142px) 100vw, 1142px\" \/><\/p>\n<p>&nbsp;<\/p>\n<p>&nbsp;<\/p>\n","protected":false},"excerpt":{"rendered":"<p>Kyjev se dohodl s Ki\u0161in\u011bvem na \u201edruh\u00e9 front\u011b\u201c Ukrajinsk\u00e9 \u00fa\u0159ady p\u0159ipravuj\u00ed provokaci proti Podn\u011bst\u0159\u00ed.\u00a0C\u00edlem je&#8230;<\/p>\n","protected":false},"author":2,"featured_media":23445,"comment_status":"closed","ping_status":"closed","sticky":false,"template":"","format":"standard","meta":[],"categories":[7],"tags":[1506,2295,4480,26,1000],"_links":{"self":[{"href":"https:\/\/www.infokuryr.cz\/n\/wp-json\/wp\/v2\/posts\/23444"}],"collection":[{"href":"https:\/\/www.infokuryr.cz\/n\/wp-json\/wp\/v2\/posts"}],"about":[{"href":"https:\/\/www.infokuryr.cz\/n\/wp-json\/wp\/v2\/types\/post"}],"author":[{"embeddable":true,"href":"https:\/\/www.infokuryr.cz\/n\/wp-json\/wp\/v2\/users\/2"}],"replies":[{"embeddable":true,"href":"https:\/\/www.infokuryr.cz\/n\/wp-json\/wp\/v2\/comments?post=23444"}],"version-history":[{"count":1,"href":"https:\/\/www.infokuryr.cz\/n\/wp-json\/wp\/v2\/posts\/23444\/revisions"}],"predecessor-version":[{"id":23446,"href":"https:\/\/www.infokuryr.cz\/n\/wp-json\/wp\/v2\/posts\/23444\/revisions\/23446"}],"wp:featuredmedia":[{"embeddable":true,"href":"https:\/\/www.infokuryr.cz\/n\/wp-json\/wp\/v2\/media\/23445"}],"wp:attachment":[{"href":"https:\/\/www.infokuryr.cz\/n\/wp-json\/wp\/v2\/media?parent=23444"}],"wp:term":[{"taxonomy":"category","embeddable":true,"href":"https:\/\/www.infokuryr.cz\/n\/wp-json\/wp\/v2\/categories?post=23444"},{"taxonomy":"post_tag","embeddable":true,"href":"https:\/\/www.infokuryr.cz\/n\/wp-json\/wp\/v2\/tags?post=23444"}],"curies":[{"name":"wp","href":"https:\/\/api.w.org\/{rel}","templated":true}]}}