{"id":23400,"date":"2023-02-23T12:09:58","date_gmt":"2023-02-23T11:09:58","guid":{"rendered":"http:\/\/www.infokuryr.cz\/n\/?p=23400"},"modified":"2023-02-23T12:09:58","modified_gmt":"2023-02-23T11:09:58","slug":"clen-nato-ukoncil-tajnou-misi-na-ukrajine","status":"publish","type":"post","link":"https:\/\/www.infokuryr.cz\/n\/2023\/02\/23\/clen-nato-ukoncil-tajnou-misi-na-ukrajine\/","title":{"rendered":"\u010clen NATO ukon\u010dil \u201etajnou misi\u201c na Ukrajin\u011b"},"content":{"rendered":"<div id=\"fb-root\"><\/div>\n<p><span style=\"font-size: 18pt;\"><b style=\"font-size: 18pt;\">98 polsk\u00fdch policist\u016f se vr\u00e1tilo dom\u016f po dlouh\u00e9m <\/b><span style=\"font-size: 24px;\"><b>odminov\u00e1v\u00e1n\u00ed<\/b><\/span><b style=\"font-size: 18pt;\"> v sousedn\u00ed zemi<\/b><\/span><\/p>\n<p><span>Des\u00edtky polsk\u00fdch policist\u016f operovaly na Ukrajin\u011b m\u011bs\u00edce na odminov\u00e1n\u00ed, p\u0159i\u010dem\u017e jednotka se nyn\u00ed hl\u00e1s\u00ed dom\u016f, uvedl ve st\u0159edu Jacek Siewiera, \u0161\u00e9f polsk\u00e9ho \u00fa\u0159adu pro n\u00e1rodn\u00ed bezpe\u010dnost.<\/span><\/p>\n<p><span>V p\u0159\u00edsp\u011bvku na Twitteru Siewiera uvedl, \u017ee\u00a0<\/span><em><span>\u201eposledn\u00edch p\u011bt m\u011bs\u00edc\u016f 98\u010dlenn\u00fd humanit\u00e1rn\u00ed kontingent polsk\u00e9 policie [odminoval] na Ukrajin\u011b pyrotechnick\u00e9 n\u00e1lo\u017ee polo\u017een\u00e9 rusk\u00fdmi jednotkami.<\/span><\/em><\/p>\n<p><span>\u00da\u0159edn\u00edk tvrdil, \u017ee \u00fasil\u00ed d\u016fstojn\u00edk\u016f, kte\u0159\u00ed se ji\u017e vr\u00e1tili do Polska a obdr\u017e\u00ed ocen\u011bn\u00ed od prezidenta Andrzeje Dudy,\u00a0<\/span><em><span>\u201eu\u017e zachr\u00e1nilo \u017eivoty stovek lid\u00ed\u201c.<\/span><\/em><\/p>\n<p><span>Zat\u00edmco Siewiera neuvedl dal\u0161\u00ed podrobnosti, noviny Wirtualna Polska nab\u00eddly ur\u010dit\u00fd pohled na tuto\u00a0<\/span><em><span><strong>\u201etajnou misi\u201c<\/strong>.\u00a0<\/span><\/em><span>Tvrdilo, \u017ee o tom v\u00ed\u00a0<\/span><em><span>\u201en\u011bkolik m\u011bs\u00edc\u016f\u201c,<\/span><\/em><span>\u00a0ale rozhodlo se o tom a\u017e dosud neinformovat, aby byli \u00fa\u010dastn\u00edci v bezpe\u010d\u00ed.<\/span><\/p>\n<p><span>Podle zdroje toto \u00fasil\u00ed za\u010dalo pot\u00e9, co Ukrajina po\u017e\u00e1dala o pomoc skupinu ATLAS, speci\u00e1ln\u00ed protiteroristick\u00e9 s\u00edly EU.\u00a0Kyjev tehdy cht\u011bl, aby blok vyslal pyrotechniky k odminov\u00e1n\u00ed oblast\u00ed, kter\u00e9 opustily rusk\u00e9 jednotky.<\/span><\/p>\n<p><span>List poznamenal, \u017ee Ukrajin\u011b chyb\u011bli specialist\u00e9 na takovou pr\u00e1ci, zat\u00edmco NATO nemohlo nasadit sv\u00e9 pr\u016fkopn\u00edky, proto\u017ee Rusko by to pova\u017eovalo za provokaci.\u00a0Zb\u00fdvala jedin\u00e1 mo\u017enost, nasadit policejn\u00ed pyrotechniky.<\/span><\/p>\n<p><span>Podle den\u00edku v\u0161ak ze v\u0161ech \u010dlen\u016f ATLAS odpov\u011bd\u011blo na v\u00fdzvu Ukrajiny pouze Polsko, ostatn\u00ed zem\u011b pova\u017euj\u00ed takovou misi za p\u0159\u00edli\u0161 nebezpe\u010dnou.<\/span><\/p>\n<p><span>Kampa\u0148 pr\u00fd za\u010dala v \u0159\u00edjnu a m\u011bla trvat t\u0159i m\u011bs\u00edce.\u00a0V prosinci v\u0161ak byla prodlou\u017eena o dal\u0161\u00ed dva, uv\u00e1d\u00ed zpr\u00e1va.\u00a0Do mise by se pr\u00fd mohli zapojit jak pyrotechnici, tak zdravotn\u00edci, na Ukrajinu budou nasazeni pouze dobrovoln\u00edci.<\/span><\/p>\n<p><span>B\u011bhem operace policist\u00e9 odstranili celkem 2000 nebezpe\u010dn\u00fdch v\u011bc\u00ed, p\u0159i\u010dem\u017e \u017e\u00e1dn\u00fd z nich neutrp\u011bl zran\u011bn\u00ed, uv\u00e1d\u00ed Wirtualna Polska.<\/span><\/p>\n<p><span>Minul\u00fd t\u00fdden polsk\u00e1 m\u00e9dia informovala, \u017ee Ukrajina schv\u00e1lila vytvo\u0159en\u00ed polsk\u00e9 dobrovolnick\u00e9 jednotky, kter\u00e1 m\u00e1 slou\u017eit k pr\u016fzkumn\u00fdm a sabot\u00e1\u017en\u00edm mis\u00edm.<\/span><\/p>\n<p><span>Rusko opakovan\u011b obvinilo Z\u00e1pad ze snahy u\u0161t\u011bd\u0159it\u00a0<\/span><em><span>\u201estrategickou por\u00e1\u017eku\u201c<\/span><\/em><span>\u00a0Moskv\u011b na Ukrajin\u011b a tvrdilo, \u017ee zahrani\u010dn\u00ed pomoc Kyjevu konflikt jen prodlou\u017e\u00ed.\u00a0Rovn\u011b\u017e odst\u0159elil z\u00e1padn\u00ed dod\u00e1vky zbran\u00ed na Ukrajinu a varoval, \u017ee zbran\u011b\u00a0<\/span><em><span>\u201estejn\u011b jako zahrani\u010dn\u00ed vojen\u0161t\u00ed pracovn\u00edci, kte\u0159\u00ed je obsluhuj\u00ed, jsou legitimn\u00edmi c\u00edli\u201c<\/span><\/em><span>\u00a0rusk\u00e9 arm\u00e1dy.<\/span><\/p>\n<p><img decoding=\"async\" loading=\"lazy\" class=\"alignnone size-full wp-image-1185\" src=\"http:\/\/www.infokuryr.cz\/n\/wp-content\/uploads\/2021\/04\/kuryr-podpis.png\" alt=\"\" width=\"84\" height=\"24\" \/><\/p>\n<p>&nbsp;<\/p>\n<p><img decoding=\"async\" loading=\"lazy\" class=\"wp-image-19187 aligncenter\" src=\"http:\/\/www.infokuryr.cz\/n\/wp-content\/uploads\/2022\/12\/1-PRO-300x36.jpg\" alt=\"\" width=\"1133\" height=\"136\" srcset=\"https:\/\/www.infokuryr.cz\/n\/wp-content\/uploads\/2022\/12\/1-PRO-300x36.jpg 300w, https:\/\/www.infokuryr.cz\/n\/wp-content\/uploads\/2022\/12\/1-PRO.jpg 699w\" sizes=\"(max-width: 1133px) 100vw, 1133px\" \/><\/p>\n<p>&nbsp;<\/p>\n","protected":false},"excerpt":{"rendered":"<p>98 polsk\u00fdch policist\u016f se vr\u00e1tilo dom\u016f po dlouh\u00e9m odminov\u00e1v\u00e1n\u00ed v sousedn\u00ed zemi Des\u00edtky polsk\u00fdch policist\u016f&#8230;<\/p>\n","protected":false},"author":2,"featured_media":23401,"comment_status":"closed","ping_status":"closed","sticky":false,"template":"","format":"standard","meta":[],"categories":[7],"tags":[86,31,4476,26],"_links":{"self":[{"href":"https:\/\/www.infokuryr.cz\/n\/wp-json\/wp\/v2\/posts\/23400"}],"collection":[{"href":"https:\/\/www.infokuryr.cz\/n\/wp-json\/wp\/v2\/posts"}],"about":[{"href":"https:\/\/www.infokuryr.cz\/n\/wp-json\/wp\/v2\/types\/post"}],"author":[{"embeddable":true,"href":"https:\/\/www.infokuryr.cz\/n\/wp-json\/wp\/v2\/users\/2"}],"replies":[{"embeddable":true,"href":"https:\/\/www.infokuryr.cz\/n\/wp-json\/wp\/v2\/comments?post=23400"}],"version-history":[{"count":0,"href":"https:\/\/www.infokuryr.cz\/n\/wp-json\/wp\/v2\/posts\/23400\/revisions"}],"wp:featuredmedia":[{"embeddable":true,"href":"https:\/\/www.infokuryr.cz\/n\/wp-json\/wp\/v2\/media\/23401"}],"wp:attachment":[{"href":"https:\/\/www.infokuryr.cz\/n\/wp-json\/wp\/v2\/media?parent=23400"}],"wp:term":[{"taxonomy":"category","embeddable":true,"href":"https:\/\/www.infokuryr.cz\/n\/wp-json\/wp\/v2\/categories?post=23400"},{"taxonomy":"post_tag","embeddable":true,"href":"https:\/\/www.infokuryr.cz\/n\/wp-json\/wp\/v2\/tags?post=23400"}],"curies":[{"name":"wp","href":"https:\/\/api.w.org\/{rel}","templated":true}]}}